{"id":4790,"date":"2014-04-10T23:58:46","date_gmt":"2014-04-10T22:58:46","guid":{"rendered":"http:\/\/blogs.avui.cat\/jaumepubill\/?p=4790"},"modified":"2014-04-10T23:58:46","modified_gmt":"2014-04-10T22:58:46","slug":"amb-nocturnitat-premeditacio-i-traidoria","status":"publish","type":"post","link":"https:\/\/blogs.avui.cat\/jaumepubill\/2014\/04\/10\/amb-nocturnitat-premeditacio-i-traidoria\/","title":{"rendered":"Amb nocturnitat, premeditaci\u00f3 i tra\u00efdoria"},"content":{"rendered":"<h3><img data-recalc-dims=\"1\" loading=\"lazy\" decoding=\"async\" style=\"font-size: 13px;margin-left: 5px;margin-right: 5px\" alt=\"\" src=\"https:\/\/i0.wp.com\/www.324.cat\/multimedia\/jpg\/0\/9\/1397115678090.jpg?resize=253%2C134\" width=\"253\" height=\"134\" align=\"left\" \/><\/h3>\n<div id=\"post-body-3915855457575613493\">\n<p align=\"justify\"><span style=\"font-size: 13px\">Fornells de la Selva, Bescan\u00f3, Seriny\u00e0. Celr\u00e0, Ivars d\u2019Urgell, Palau d\u2019 Anglesola, Cabrils\u2026 Endevinalla: qu\u00e8 tenen de com\u00fa aquests pobles? Segurament que ja ho heu endevinat, despr\u00e9s de llegir avui els diaris: en tots ells s\u2019ha tallat el pal on hi havia penjades estelades o b\u00e9 s\u2019han cremat directament. Com a bons feixistes, han actuat amb nocturnitat, premeditaci\u00f3 i tra\u00efdoria.<\/span><\/p>\n<p align=\"justify\">Us imagineu que ara els independentistes sort\u00edssim a la nit i ens pos\u00e9ssim tots a cremar banderes espanyoles? L\u2019endem\u00e0, els diaris i les televisions ho aprofitarien per fer bullir l\u2019olla uns quants dies i ens acusarien de tot el pitjor que ens puguem imaginar. Normalment, els independentistes no acostumem a actuar aix\u00ed o, si per cas, haur\u00edem d\u2019evitar fer-ho per tots els mitjans. haur\u00edem de demostrar-los que nosaltres volem ser diferents i que no volem rebaixar-nos a la seva al\u00e7ada. Haur\u00edem de mostrar a tot el m\u00f3n que aqu\u00ed volem fer les coses amb pau i respecte. Nosaltres no haur\u00edem de consentir el joc brut i demostrar que no volem viol\u00e8ncia de cap mena. Nosaltres, si no ens agrada la bandera espanyola, no la posem i santes pasq\u00fces! I quan ens manen posar-la, ho fem \u201cper imperatiu legal\u201d, tal com ha fet l\u2019ajuntament de Sant Sadurn\u00ed d\u2019Anoia, posant una placa on ho diu clarament. No seria pas una mala idea aquesta! A tots els llocs on h\u00e0gim de posar la bandera espanyola -perqu\u00e8 la llei aix\u00ed ho mana- hi podr\u00edem afegir una placa com aquesta ( tot i que em temo que aviat farien una altra llei que prohibiria posar plaques explicatives)\u2026<\/p>\n<p align=\"justify\"><span style=\"color: #333333\">Aquesta not\u00edcia d\u2019avui<\/span>\u00a0reflexa tristament el que est\u00e0 passant actualment a Espanya: alguns es poden saltar la llei, poder fer les barrabassades que vulguin, poden robar, poden violentar les lleis amb interpretacions totalment personals i partidistes i no passa res. Amb aquesta mena de gent es fa la vista grossa i se\u2019ls permet jugar amb les cartes marcades. Ells poden fer trampa. En canvi, altres estan en el punt de mira de jutges, fiscals i tribunals de tota mena per tal de tallar de soca-rel qualsevol intent que a ells els sembli que va m\u00e9s enll\u00e0 del que consideren perm\u00e8s. I les seves permissions \u2013tots ho sabem- s\u00f3n sempre tan subjectives que ja comen\u00e7a a fer f\u00e0stic! Aviat no ens permetran ni respirar\u2026<\/p>\n<\/div>\n<p>Read more:\u00a0<a href=\"http:\/\/jaumepubill.blogspot.com\/#ixzz2yWjHyZrj\">http:\/\/jaumepubill.blogspot.com\/#ixzz2yWjHyZrj<\/a><\/p>\n","protected":false},"excerpt":{"rendered":"<p>Fornells de la Selva, Bescan\u00f3, Seriny\u00e0. Celr\u00e0, Ivars d\u2019Urgell, Palau d\u2019 Anglesola, Cabrils\u2026 Endevinalla: qu\u00e8 tenen de com\u00fa aquests pobles? Segurament que ja ho heu endevinat, despr\u00e9s de llegir avui els diaris: en tots ells s\u2019ha tallat el pal on hi havia penjades estelades o b\u00e9 s\u2019han cremat directament. Com a bons feixistes, han actuat [&hellip;]<\/p>\n","protected":false},"author":214,"featured_media":0,"comment_status":"open","ping_status":"closed","sticky":false,"template":"","format":"standard","meta":{"_jetpack_memberships_contains_paid_content":false,"footnotes":"","jetpack_publicize_message":"","jetpack_publicize_feature_enabled":true,"jetpack_social_post_already_shared":false,"jetpack_social_options":{"image_generator_settings":{"template":"highway","default_image_id":0,"font":"","enabled":false},"version":2}},"categories":[877,1296,643,1875],"tags":[31863,31872,1638,31850],"class_list":["post-4790","post","type-post","status-publish","format-standard","hentry","category-catalunya","category-espana","category-independencia","category-intolerancia","tag-catalunya","tag-espana","tag-estelada","tag-independencia"],"jetpack_publicize_connections":[],"jetpack_featured_media_url":"","jetpack_shortlink":"https:\/\/wp.me\/pagkjs-1fg","jetpack-related-posts":[],"jetpack_sharing_enabled":true,"_links":{"self":[{"href":"https:\/\/blogs.avui.cat\/jaumepubill\/wp-json\/wp\/v2\/posts\/4790","targetHints":{"allow":["GET"]}}],"collection":[{"href":"https:\/\/blogs.avui.cat\/jaumepubill\/wp-json\/wp\/v2\/posts"}],"about":[{"href":"https:\/\/blogs.avui.cat\/jaumepubill\/wp-json\/wp\/v2\/types\/post"}],"author":[{"embeddable":true,"href":"https:\/\/blogs.avui.cat\/jaumepubill\/wp-json\/wp\/v2\/users\/214"}],"replies":[{"embeddable":true,"href":"https:\/\/blogs.avui.cat\/jaumepubill\/wp-json\/wp\/v2\/comments?post=4790"}],"version-history":[{"count":1,"href":"https:\/\/blogs.avui.cat\/jaumepubill\/wp-json\/wp\/v2\/posts\/4790\/revisions"}],"predecessor-version":[{"id":4791,"href":"https:\/\/blogs.avui.cat\/jaumepubill\/wp-json\/wp\/v2\/posts\/4790\/revisions\/4791"}],"wp:attachment":[{"href":"https:\/\/blogs.avui.cat\/jaumepubill\/wp-json\/wp\/v2\/media?parent=4790"}],"wp:term":[{"taxonomy":"category","embeddable":true,"href":"https:\/\/blogs.avui.cat\/jaumepubill\/wp-json\/wp\/v2\/categories?post=4790"},{"taxonomy":"post_tag","embeddable":true,"href":"https:\/\/blogs.avui.cat\/jaumepubill\/wp-json\/wp\/v2\/tags?post=4790"}],"curies":[{"name":"wp","href":"https:\/\/api.w.org\/{rel}","templated":true}]}}