{"id":4753,"date":"2014-03-15T14:32:53","date_gmt":"2014-03-15T13:32:53","guid":{"rendered":"http:\/\/blogs.avui.cat\/jaumepubill\/?p=4753"},"modified":"2014-03-15T14:32:53","modified_gmt":"2014-03-15T13:32:53","slug":"dimitris-christoulas-i-la-dignitat","status":"publish","type":"post","link":"https:\/\/blogs.avui.cat\/jaumepubill\/2014\/03\/15\/dimitris-christoulas-i-la-dignitat\/","title":{"rendered":"Dimitris Christoulas i la dignitat"},"content":{"rendered":"<h3><img loading=\"lazy\" decoding=\"async\" style=\"font-size: 1.17em;margin-left: 5px;margin-right: 5px\" alt=\"\" src=\"http:\/\/upload.wikimedia.org\/wikipedia\/commons\/thumb\/e\/e9\/Location_of_suicide_of_Dimitris_Christoul.JPG\/300px-Location_of_suicide_of_Dimitris_Christoul.JPG\" width=\"214\" height=\"160\" align=\"left\" \/><\/h3>\n<div id=\"post-body-2622734148061323661\">\n<p align=\"justify\">Recordeu<strong>\u00a0<\/strong>aquell jubilat grec que es deia\u00a0<strong>Dimitris Christoulas<\/strong>\u00a0 i que es va su\u00efcidar p\u00fablicament disparant-se un tret al cap a la pla\u00e7a Sintagma d\u2019Atenes, situada davant del Parlament grec? Va triar aquesta forma de morir com a protesta per la seva situaci\u00f3 personal i per la situaci\u00f3 social general de Gr\u00e8cia provocada per la crisi econ\u00f2mica i pel seu deute extern, que ell considerava odiosa o il\u00b7leg\u00edtima.<\/p>\n<p align=\"justify\">Christoulas era un farmac\u00e8utic jubilat, estava casat i tenia una filla, Emmi Christoulas. Va vendre la farm\u00e0cia que regentava el 1994 i vivia d\u2019una pensi\u00f3 que ell mateix s\u2019havia anat pagant sense ajuda de l\u2019 Estat. Va deixar una nota manuscrita que van trobar a la seva butxaca que deia:<\/p>\n<blockquote>\n<p align=\"justify\">\u00a0<em>El Govern de Tsolakoglou ha aniquilat tota possibilitat de superviv\u00e8ncia per a mi, que es basava en una pensi\u00f3 molt digna que jo havia pagat pel meu compte sense cap ajuda de l&#8217;Estat durant 35 anys. I com que la meva avan\u00e7ada edat no em permet reaccionar d&#8217;una altra manera (encara que si un compatriota grec agaf\u00e9s un kalaixnikov, jo li donaria suport) no veig altra soluci\u00f3 que posar fi a la meva vida d&#8217;aquesta forma digna per no haver d&#8217;acabar furgant als contenidors d&#8217;escombraries per poder subsistir. Crec que els joves sense futur agafaran algun dia les armes i penjaran cap per avall als tra\u00efdors d&#8217;aquest pa\u00eds a la pla\u00e7a Syntagma, com els italians van fer amb Mussolini a 1945. \u00a0 \u00a0 \u00a0 \u00a0 \u00a0 \u00a0 \u00a0 \u00a0 \u00a0 \u00a0 \u00a0 \u00a0 \u00a0 \u00a0 \u00a0 \u00a0 \u00a0 \u00a0 \u00a0 \u00a0 \u00a0 \u00a0 \u00a0 \u00a0 \u00a0 \u00a0 \u00a0 \u00a0 \u00a0 \u00a0 \u00a0<strong>Dimitris Christoulas, 4 d&#8217;abril de 20121<\/strong><\/em><\/p>\n<\/blockquote>\n<p align=\"justify\">Si no hi ha res de nou, d\u2019aqu\u00ed menys de dos mesos em jubilar\u00e9. Com tantes i tantes persones confio poder viure de la pensi\u00f3 que em toqui despr\u00e9s de molts anys treballats. \u00c9s el que correspondria. Seria lo just, no us sembla? Per\u00f2 cada dia sembla m\u00e9s clar que aquest injust i podrit sistema capitalista en el que vivim no resistir\u00e0 i se n\u2019anir\u00e0 en orris tot plegat. Veurem el qu\u00e8 quedar\u00e0 i en qu\u00e8 quedaran les pensions de milers de persones, en qu\u00e8 quedaran els serveis socials d\u2019un estat de benestar que s\u2019havia anat construint de mica en mica i amb molt d\u2019esfor\u00e7 i, pel que sembla, sobre bases falses. Pel que expliquen economistes entesos \u2013no pas jo- s\u2019havia constru\u00eft una gran mansi\u00f3 sense fonaments s\u00f2lids que poguessin aguantat aquest immens edifici. En una paraula, s\u2019ha constru\u00eft sobre un gran engany que, encara avui, ens volen fer creure que no \u00e9s tal. Cada dia ens trobem amb declaracions de persones amb unes immenses galtes i molta cara dura que ens parlen que ja sortim de la crisi, que aix\u00f2 ja est\u00e0 fet, que ja es veu la llum al final del t\u00fanel i que ja es veuen brots verd\u2026 I ens ho volen fer creure persones que tothom sap que s\u00f3n uns \u201ctrileros\u201d, que ens ho diuen per distreure la nostra atenci\u00f3 i veure de quina manera ens poden robar una mica m\u00e9s sense que ens en adonem. Tenen por que si ens en adon\u00e9ssim sort\u00edssim al carrer amb armes, com deia Christoulas.<\/p>\n<p align=\"justify\">Per ser digne no cal su\u00efcidar-se, certament. Per\u00f2 \u00e9s una dolorosa decisi\u00f3 m\u00e9s que cal respectar, sobretot davant de la profunda desesperaci\u00f3 d\u2019una persona que veu que ho ha perdut tot i que t\u00e9 molt mal present i encara pitjor futur. Persones que han de remenar contenidors per poder menjar veuen com l\u2019Estat est\u00e0 ajudant als bancs, als banquers mafiosos i est\u00e0 donant totes les facilitats del m\u00f3n als rics i poderosos per tal de que puguin seguir robant. Els milions de persones dignes que hi ha veuen amb desesperaci\u00f3 que, si seguim aix\u00ed, no hi haur\u00e0 pensions per als vells, no hi haur\u00e0 resid\u00e8ncies, no hi haur\u00e0 ajudes socials, no hi haur\u00e0 una sanitat p\u00fablica de certa qualitat, no hi haur\u00e0 una educaci\u00f3 digna i no hi haur\u00e0 gran cosa m\u00e9s que una administraci\u00f3 de la mis\u00e8ria per anar tirant.<\/p>\n<p align=\"justify\">Em direu catastrofista? No ho s\u00f3c. M\u00e9s aviat s\u00f3c tot el contrari i segueixo tenint esperan\u00e7a i ganes de lluitar per uns ideals en qu\u00e8 he cregut durant anys i en els que encara segueixo creient, tot i que cada dia m\u2019ho posen m\u00e9s dif\u00edcil. Si per cas, no m\u2019acuseu a mi i digueu-ho als economistes que encara volen ser sincers, o a persones serioses que escriuen tot aix\u00f2 que he portat aqu\u00ed. Hi ha molta gent que parla clar i diuen que aquest sistema s\u2019ha de canviar urgentment perqu\u00e8 no funciona. I entre aquests que parlen clar hi ha gent de totes les tend\u00e8ncies, de totes les professions i de totes les escoles (Ni\u00f1o Becerra, Arcadi Oliveras, Teresa Forcades, Marc Vidal, Josep Manuel Novoa, Sala i Mart\u00edn i, per suposat, molts m\u00e9s).<\/p>\n<p align=\"justify\">Despr\u00e9s de veure tot el que estem veient dia a dia, una cosa em queda clara: que caldr\u00e0 seguir lluitant molt, protestant molt, fer molts esfor\u00e7os, canviar governs i formes de fer, canviar pol\u00edtics i dirigents, canviar esquemes, segurament que haurem de continuar sortint al carrer i tot per fer-nos escoltar i defensar alguns drets, sense els quals no hi ha dignitat possible\u2026 Caldr\u00e0 no deixar-nos entabanar amb promeses, caldr\u00e0 molta lluita i molta esperan\u00e7a de que les coses poden canviar i millorar. I caldr\u00e0 creure que gestos com el de\u00a0<strong>Dimitris Christoulas<\/strong>\u00a0 i d\u2019altres semblants no s\u00f3n in\u00fatils.<\/p>\n<\/div>\n<p>Read more:\u00a0<a href=\"http:\/\/jaumepubill.blogspot.com\/#ixzz2w2Os0V3v\">http:\/\/jaumepubill.blogspot.com\/#ixzz2w2Os0V3v<\/a><\/p>\n","protected":false},"excerpt":{"rendered":"<p>Recordeu\u00a0aquell jubilat grec que es deia\u00a0Dimitris Christoulas\u00a0 i que es va su\u00efcidar p\u00fablicament disparant-se un tret al cap a la pla\u00e7a Sintagma d\u2019Atenes, situada davant del Parlament grec? Va triar aquesta forma de morir com a protesta per la seva situaci\u00f3 personal i per la situaci\u00f3 social general de Gr\u00e8cia provocada per la crisi econ\u00f2mica [&hellip;]<\/p>\n","protected":false},"author":214,"featured_media":0,"comment_status":"open","ping_status":"closed","sticky":false,"template":"","format":"standard","meta":{"_jetpack_memberships_contains_paid_content":false,"footnotes":"","jetpack_publicize_message":"","jetpack_publicize_feature_enabled":true,"jetpack_social_post_already_shared":false,"jetpack_social_options":{"image_generator_settings":{"template":"highway","default_image_id":0,"font":"","enabled":false},"version":2}},"categories":[220,2366,225,1600,172,160,2615],"tags":[31832,31891,31833,31876,31901],"class_list":["post-4753","post","type-post","status-publish","format-standard","hentry","category-crisi","category-dignitat","category-economia","category-jubilacio","category-politica","category-societat","category-valors","tag-crisi","tag-dignitat","tag-economia","tag-jubilacio","tag-valors"],"jetpack_publicize_connections":[],"jetpack_featured_media_url":"","jetpack_shortlink":"https:\/\/wp.me\/pagkjs-1eF","jetpack-related-posts":[],"jetpack_sharing_enabled":true,"_links":{"self":[{"href":"https:\/\/blogs.avui.cat\/jaumepubill\/wp-json\/wp\/v2\/posts\/4753","targetHints":{"allow":["GET"]}}],"collection":[{"href":"https:\/\/blogs.avui.cat\/jaumepubill\/wp-json\/wp\/v2\/posts"}],"about":[{"href":"https:\/\/blogs.avui.cat\/jaumepubill\/wp-json\/wp\/v2\/types\/post"}],"author":[{"embeddable":true,"href":"https:\/\/blogs.avui.cat\/jaumepubill\/wp-json\/wp\/v2\/users\/214"}],"replies":[{"embeddable":true,"href":"https:\/\/blogs.avui.cat\/jaumepubill\/wp-json\/wp\/v2\/comments?post=4753"}],"version-history":[{"count":2,"href":"https:\/\/blogs.avui.cat\/jaumepubill\/wp-json\/wp\/v2\/posts\/4753\/revisions"}],"predecessor-version":[{"id":4755,"href":"https:\/\/blogs.avui.cat\/jaumepubill\/wp-json\/wp\/v2\/posts\/4753\/revisions\/4755"}],"wp:attachment":[{"href":"https:\/\/blogs.avui.cat\/jaumepubill\/wp-json\/wp\/v2\/media?parent=4753"}],"wp:term":[{"taxonomy":"category","embeddable":true,"href":"https:\/\/blogs.avui.cat\/jaumepubill\/wp-json\/wp\/v2\/categories?post=4753"},{"taxonomy":"post_tag","embeddable":true,"href":"https:\/\/blogs.avui.cat\/jaumepubill\/wp-json\/wp\/v2\/tags?post=4753"}],"curies":[{"name":"wp","href":"https:\/\/api.w.org\/{rel}","templated":true}]}}