{"id":4751,"date":"2014-03-12T19:53:03","date_gmt":"2014-03-12T18:53:03","guid":{"rendered":"http:\/\/blogs.avui.cat\/jaumepubill\/?p=4751"},"modified":"2014-03-12T19:53:03","modified_gmt":"2014-03-12T18:53:03","slug":"r-i-p-rouco-varela","status":"publish","type":"post","link":"https:\/\/blogs.avui.cat\/jaumepubill\/2014\/03\/12\/r-i-p-rouco-varela\/","title":{"rendered":"R.I.P, Rouco Varela"},"content":{"rendered":"<div id=\"post-body-6422920298218306906\">\n<p><img data-recalc-dims=\"1\" loading=\"lazy\" decoding=\"async\" style=\"margin-left: 5px;margin-right: 5px\" alt=\"\" src=\"https:\/\/i0.wp.com\/cdn2.tnwcdn.com\/wp-content\/blogs.dir\/1\/files\/2013\/11\/rip-786x305.jpg?resize=219%2C104\" width=\"219\" height=\"104\" align=\"left\" \/><\/p>\n<p align=\"justify\"><strong>\u201cRequiescat in pace\u201d (Reposi en pau),\u00a0<\/strong>cardenal\u00a0\u00a0<strong>Rouco Varela!.\u00a0<\/strong>No li desitjo pas la mort, tot i que aquest acr\u00f2nim s\u2019acostuma a fer servir per acomiadar els difunts. Simplement li desitjo que descansi en pau ara que ja no \u00e9s el president de la Confer\u00e8ncia Episcopal Espa\u00f1ola. Que descansi en pau ell i que deixi descansar en pau als dem\u00e9s, que durant anys ha tingut massa temps i \u00e0nims per fer moure tots els fils de l\u2019 Esgl\u00e9sia espanyola. Tamb\u00e9 \u00e9s cert que els vents li anaven a favor i ning\u00fa s\u2019atrev\u00ed a trencar-li la girada perqu\u00e8 tothom sabia que a Roma hi tenia bons puntals.<\/p>\n<p align=\"justify\">Descansi en pau, cardenal Rouco Varela, despr\u00e9s del llarg, monotem\u00e0tic i avorrit discurs d\u2019ahir. Un discurs que, com era de suposar, era \u201cm\u00e9s del mateix\u201d: clamar contra l\u2019avortament, posicionar-se a favor de la fam\u00edlia tradicional, reivindicar les classes de Religi\u00f3, lamentar-se per \u201cl\u2019amena\u00e7a de les possibles ruptures insolid\u00e0ries\u201d, m\u00e9s laments pel negre panorama que es viu a Espanya (que ell va definir de post cristianisme), vanagloriar-se d\u2019haver lluitat en tot moment per tutelar la doctrina cat\u00f2lica i contra la secularitzaci\u00f3 i sempre amb un discurs fosc, carregat de paraules i conceptes t\u00e8rbols, partidistes, distorsionant la realitat social i eclesial, etc.<\/p>\n<p align=\"justify\">Va ser el cardenal Rouco Varela de sempre, al que ens tenia acostumats durant aquests llargs i foscos anys de mandat, on tot ho tenia controlat i en els quals va donar una imatge d\u2019Esgl\u00e9sia d\u2019all\u00f2 m\u00e9s tradicional, tancada i esbiaixada del tot cap a la dreta, com si no exist\u00eds -ni pogu\u00e9s existir- un altre tipus d&#8217;Esgl\u00e9sia, una Esgl\u00e9sia de mirada oberta a la societat plural que \u00e9s Espanya actualment i comprensiva amb els problemes que els toca viure als homes i dones d\u2019avui.<\/p>\n<p align=\"justify\">Que descansi en pau i que deixi sortir els nous brots i les noves llavors que sembla que vol sembrar el Papa Francesc, un home amb un altre tipus de discurs i amb una altra mirada sobre el m\u00f3n i les persones. A veure si amb el nou President\u00a0<strong>Ricardo Bl\u00e1zquez\u00a0<\/strong>podem deixar enrere d\u2019una vegada aquesta Esgl\u00e9sia fosca, antiga en tots sentis, inquisidora, ancorada en el passat m\u00e9s atrotinat\u00a0 i comencem a construir-ne una altra amb una cara nova, on hi hagi lloc per a la miseric\u00f2rdia i per a tothom que vulgui atansar-s\u2019hi. Necessitem i volem una esgl\u00e9sia acollidora, mare, germana, propera, oberta, dialogant, lliure, pobra, senzilla, amable i m\u00e9s cristiana. Perqu\u00e8, com ha dit alg\u00fa, s\u2019hauria de veure si bisbes i cardenals com Rouco Varela ho s\u00f3n gaire de cristians\u2026<\/p>\n<\/div>\n<p>Read more:\u00a0<a href=\"http:\/\/jaumepubill.blogspot.com\/#ixzz2vmAbxmPC\">http:\/\/jaumepubill.blogspot.com\/#ixzz2vmAbxmPC<\/a><\/p>\n","protected":false},"excerpt":{"rendered":"<p>\u201cRequiescat in pace\u201d (Reposi en pau),\u00a0cardenal\u00a0\u00a0Rouco Varela!.\u00a0No li desitjo pas la mort, tot i que aquest acr\u00f2nim s\u2019acostuma a fer servir per acomiadar els difunts. Simplement li desitjo que descansi en pau ara que ja no \u00e9s el president de la Confer\u00e8ncia Episcopal Espa\u00f1ola. Que descansi en pau ell i que deixi descansar en pau [&hellip;]<\/p>\n","protected":false},"author":214,"featured_media":0,"comment_status":"open","ping_status":"closed","sticky":false,"template":"","format":"standard","meta":{"_jetpack_memberships_contains_paid_content":false,"footnotes":"","jetpack_publicize_message":"","jetpack_publicize_feature_enabled":true,"jetpack_social_post_already_shared":false,"jetpack_social_options":{"image_generator_settings":{"template":"highway","default_image_id":0,"font":"","enabled":false},"version":2}},"categories":[77],"tags":[31820,28135],"class_list":["post-4751","post","type-post","status-publish","format-standard","hentry","category-esglesia","tag-esglesia","tag-rouco-varela"],"jetpack_publicize_connections":[],"jetpack_featured_media_url":"","jetpack_shortlink":"https:\/\/wp.me\/pagkjs-1eD","jetpack-related-posts":[],"jetpack_sharing_enabled":true,"_links":{"self":[{"href":"https:\/\/blogs.avui.cat\/jaumepubill\/wp-json\/wp\/v2\/posts\/4751","targetHints":{"allow":["GET"]}}],"collection":[{"href":"https:\/\/blogs.avui.cat\/jaumepubill\/wp-json\/wp\/v2\/posts"}],"about":[{"href":"https:\/\/blogs.avui.cat\/jaumepubill\/wp-json\/wp\/v2\/types\/post"}],"author":[{"embeddable":true,"href":"https:\/\/blogs.avui.cat\/jaumepubill\/wp-json\/wp\/v2\/users\/214"}],"replies":[{"embeddable":true,"href":"https:\/\/blogs.avui.cat\/jaumepubill\/wp-json\/wp\/v2\/comments?post=4751"}],"version-history":[{"count":1,"href":"https:\/\/blogs.avui.cat\/jaumepubill\/wp-json\/wp\/v2\/posts\/4751\/revisions"}],"predecessor-version":[{"id":4752,"href":"https:\/\/blogs.avui.cat\/jaumepubill\/wp-json\/wp\/v2\/posts\/4751\/revisions\/4752"}],"wp:attachment":[{"href":"https:\/\/blogs.avui.cat\/jaumepubill\/wp-json\/wp\/v2\/media?parent=4751"}],"wp:term":[{"taxonomy":"category","embeddable":true,"href":"https:\/\/blogs.avui.cat\/jaumepubill\/wp-json\/wp\/v2\/categories?post=4751"},{"taxonomy":"post_tag","embeddable":true,"href":"https:\/\/blogs.avui.cat\/jaumepubill\/wp-json\/wp\/v2\/tags?post=4751"}],"curies":[{"name":"wp","href":"https:\/\/api.w.org\/{rel}","templated":true}]}}