{"id":4700,"date":"2014-02-02T20:09:05","date_gmt":"2014-02-02T19:09:05","guid":{"rendered":"http:\/\/blogs.avui.cat\/jaumepubill\/?p=4700"},"modified":"2014-02-02T20:09:05","modified_gmt":"2014-02-02T19:09:05","slug":"pedagogia-necessitem-pedagogia","status":"publish","type":"post","link":"https:\/\/blogs.avui.cat\/jaumepubill\/2014\/02\/02\/pedagogia-necessitem-pedagogia\/","title":{"rendered":"Pedagogia, necessitem pedagogia!"},"content":{"rendered":"<h3><img data-recalc-dims=\"1\" loading=\"lazy\" decoding=\"async\" style=\"font-size: 13px;margin-left: 5px;margin-right: 5px\" alt=\"\" src=\"https:\/\/i0.wp.com\/salaimartin.com\/images\/stories\/fotos_web_6\/2013-14_17\/gener_2014_20140131_1765876559.png?resize=208%2C154\" width=\"208\" height=\"154\" align=\"left\" \/><\/h3>\n<div id=\"post-body-7208420333617508407\">\n<p align=\"justify\">En el darrer apunt que feia en aquest blog parlava de la necessitat de que algun economista de prestigi sort\u00eds al pas del que ens explicava aquest -no s\u00e9 fins on- il\u00b7lustre economista (i avui he sabut que va ser un dels fundadors de Ciutadans) que es diu\u00a0<strong>\u00c1ngel de la Fuente<\/strong>. Aquest economista, rellogat pel ministre Montoro perqu\u00e8 ens expliqui als pobrets i ignorants catalans aix\u00f2 de les Balances Fiscals, ens diu que a partir d\u2019ara ja no es diran aix\u00ed i que s\u2019ha de canviar el nom perqu\u00e8 els resultats que donaven eren una \u201cfont d\u2019independentistes\u201d. \u00c9s d\u2019aquells que creu encara que \u201cmort el gos, morta la r\u00e0bia\u201d. Li deu semblar que canviant el nom, canviar\u00e0 la percepci\u00f3 de la realitat i potser fins i tot creu que canviar\u00e0 la realitat mateixa&#8230;<\/p>\n<p align=\"justify\">En l\u2019apunt anterior parlava de trucs de \u201cm\u00e0gia pot\u00e0gia\u201d, de jocs de mans i mentides i demanava amb urg\u00e8ncia que alg\u00fa ben informat ens expliqu\u00e9s en qu\u00e8 consisteixen aquests trucs. Doncs b\u00e9, ja n\u2019ha sortit un i es diu\u00a0<strong>Xavier Sala i Mart\u00edn.\u00a0<\/strong>Tots coneixem l\u2019original home de les americanes de colors, per\u00f2 tots sabem tamb\u00e9 que \u00e9s un economista de prestigi reconegut mundialment i al que jo li destacaria una altra caracter\u00edstica:\u00a0<strong>t\u00e9 la rara habilitat de fer-se entendre<\/strong>. \u00c9s com aquells bons professors que hom ha tingut en algun moment de la seva vida i que el recordes sempre perqu\u00e8 et va fer entendre les coses de manera f\u00e0cil i pr\u00e0ctica. (Gr\u00e0cies Mn. Muntada perqu\u00e8 ens vau ensenyar catal\u00e0 i castell\u00e0 d\u2019aquesta manera!). Com en s\u00f3n d\u2019importants les explicacions planeres i ben pedag\u00f2giques d\u2019algunes coses!<\/p>\n<p align=\"justify\">Deia que el professor Sala i Mart\u00edn sap explicar amb claredat\u00a0 les coses. Si ho voleu comprovar podeu escoltar-lo en qualsevol de les tert\u00falies radiof\u00f2niques on interv\u00e9 o al programa\u00a0<strong>Divendres<\/strong>\u00a0de TV3, on ens d\u00f3na unes delicioses classes d\u2019economia\u00a0 per als que no en sabem un borrall. En el programa del dia\u00a0<strong>29\/01\/14\u00a0<\/strong>ens va explicar\u00a0<strong>\u201cQu\u00e8 s\u00f3n els comptes p\u00fablics regionalitzats? Quina \u00e9s la difer\u00e8ncia amb les balances fiscals?\u00a0<\/strong>Era exactament el que jo demanava. Espero que surtin altres persones enteses i ens ho segueixin explicant per tal de que cada dia puguem ser una mica menys rucs i, per tant, que no ens puguin prendre tan el p\u00e8l.<\/p>\n<p align=\"justify\">Us deixo els seg\u00fcent enlla\u00e7 on podreu trobar aquesta interessant classe del professor Sala i Mart\u00edn.<\/p>\n<h6 align=\"justify\"><a title=\"http:\/\/www.tv3.cat\/videos\/4880031\/Classe-deconomia-amb-Xavier-Sala-i-Marin-290114\" href=\"http:\/\/www.tv3.cat\/videos\/4880031\/Classe-deconomia-amb-Xavier-Sala-i-Marin-290114\"><span style=\"font-size: large\">http:\/\/www.tv3.cat\/videos\/4880031\/Classe-deconomia-amb-Xavier-Sala-i-Marin-290114<\/span><\/a><\/h6>\n<\/div>\n<p>Read more:\u00a0<a href=\"http:\/\/jaumepubill.blogspot.com\/#ixzz2sBzw1dek\">http:\/\/jaumepubill.blogspot.com\/#ixzz2sBzw1dek<\/a><\/p>\n","protected":false},"excerpt":{"rendered":"<p>En el darrer apunt que feia en aquest blog parlava de la necessitat de que algun economista de prestigi sort\u00eds al pas del que ens explicava aquest -no s\u00e9 fins on- il\u00b7lustre economista (i avui he sabut que va ser un dels fundadors de Ciutadans) que es diu\u00a0\u00c1ngel de la Fuente. Aquest economista, rellogat pel [&hellip;]<\/p>\n","protected":false},"author":214,"featured_media":0,"comment_status":"open","ping_status":"closed","sticky":false,"template":"","format":"standard","meta":{"_jetpack_memberships_contains_paid_content":false,"footnotes":"","jetpack_publicize_message":"","jetpack_publicize_feature_enabled":true,"jetpack_social_post_already_shared":false,"jetpack_social_options":{"image_generator_settings":{"template":"highway","default_image_id":0,"font":"","enabled":false},"version":2}},"categories":[225,1119],"tags":[31833,31866,4438],"class_list":["post-4700","post","type-post","status-publish","format-standard","hentry","category-economia","category-financament","tag-economia","tag-financament","tag-xavier-sala-i-martin"],"jetpack_publicize_connections":[],"jetpack_featured_media_url":"","jetpack_shortlink":"https:\/\/wp.me\/pagkjs-1dO","jetpack-related-posts":[],"jetpack_sharing_enabled":true,"_links":{"self":[{"href":"https:\/\/blogs.avui.cat\/jaumepubill\/wp-json\/wp\/v2\/posts\/4700","targetHints":{"allow":["GET"]}}],"collection":[{"href":"https:\/\/blogs.avui.cat\/jaumepubill\/wp-json\/wp\/v2\/posts"}],"about":[{"href":"https:\/\/blogs.avui.cat\/jaumepubill\/wp-json\/wp\/v2\/types\/post"}],"author":[{"embeddable":true,"href":"https:\/\/blogs.avui.cat\/jaumepubill\/wp-json\/wp\/v2\/users\/214"}],"replies":[{"embeddable":true,"href":"https:\/\/blogs.avui.cat\/jaumepubill\/wp-json\/wp\/v2\/comments?post=4700"}],"version-history":[{"count":1,"href":"https:\/\/blogs.avui.cat\/jaumepubill\/wp-json\/wp\/v2\/posts\/4700\/revisions"}],"predecessor-version":[{"id":4701,"href":"https:\/\/blogs.avui.cat\/jaumepubill\/wp-json\/wp\/v2\/posts\/4700\/revisions\/4701"}],"wp:attachment":[{"href":"https:\/\/blogs.avui.cat\/jaumepubill\/wp-json\/wp\/v2\/media?parent=4700"}],"wp:term":[{"taxonomy":"category","embeddable":true,"href":"https:\/\/blogs.avui.cat\/jaumepubill\/wp-json\/wp\/v2\/categories?post=4700"},{"taxonomy":"post_tag","embeddable":true,"href":"https:\/\/blogs.avui.cat\/jaumepubill\/wp-json\/wp\/v2\/tags?post=4700"}],"curies":[{"name":"wp","href":"https:\/\/api.w.org\/{rel}","templated":true}]}}