{"id":4669,"date":"2014-01-21T20:56:38","date_gmt":"2014-01-21T19:56:38","guid":{"rendered":"http:\/\/blogs.avui.cat\/jaumepubill\/?p=4669"},"modified":"2014-01-21T20:56:38","modified_gmt":"2014-01-21T19:56:38","slug":"carta-als-etnocides-fabra-i-bauza","status":"publish","type":"post","link":"https:\/\/blogs.avui.cat\/jaumepubill\/2014\/01\/21\/carta-als-etnocides-fabra-i-bauza\/","title":{"rendered":"Carta als etnocides Fabra i Bauz\u00e0"},"content":{"rendered":"<h3><strong style=\"font-size: 13px\"><img data-recalc-dims=\"1\" loading=\"lazy\" decoding=\"async\" alt=\"\" src=\"https:\/\/i0.wp.com\/fotos00.diarioinformacion.com\/2013\/09\/03\/318x200\/fabra-apunta.jpg?resize=450%2C238\" width=\"450\" height=\"238\" \/><\/strong><\/h3>\n<div id=\"post-body-3264381424556085438\">\n<p align=\"justify\"><strong>Senyors\u00a0 Alberto Fabra i Jos\u00e9 Ram\u00f3n Bauz\u00e0:<\/strong><\/p>\n<p align=\"justify\">No s\u00e9 ben b\u00e9 com adre\u00e7ar-me a vost\u00e8s. Podria parlar-los com a Presidents de la Generalitat Valenciana i del Govern de les Illes Balears; podria dirigir-me a vost\u00e8s simplement com a pol\u00edtics d\u2019unes Comunitats Aut\u00f2nomes, tal com a vost\u00e8s els agrada dir. Prefereixo, per\u00f2, dirigir-me a vost\u00e8s com a persones que haurien de saber qu\u00e8 \u00e9s una llengua, una cultura, un pa\u00eds, una hist\u00f2ria, uns costums i unes arrels que mereixen ser respectats, guardats i transmesos a unes persones que ho esperen, s\u2019ho mereixen i hi tenen dret.<\/p>\n<p align=\"justify\">I el primer que se m\u2019acut de dir \u00e9s que vost\u00e8s s\u00f3n uns\u00a0<strong>genocides culturals<\/strong>. Potser aquesta paraula els semblar\u00e0 una mica gruixuda i els far\u00e0 mal a les orelles per\u00f2 si anem al diccionari veurem que la definici\u00f3 de\u00a0<strong>\u201cgenocida\u201d<\/strong>\u00a0\u00e9s prou adequada per a vost\u00e8s.\u00a0 El diccionari diu el seg\u00fcent:<\/p>\n<blockquote>\n<p align=\"justify\"><strong>GENOCIDA:<\/strong><i>\u00a0adj<\/i>\u00a0i\u00a0<i>m<\/i>\u00a0i\u00a0<i>f<\/i>\u00a0Dit de l&#8217;estat, l&#8217;organitzaci\u00f3, la persona, etc., que ordena o comet un genocidi.<\/p>\n<\/blockquote>\n<p align=\"justify\">I si anem a veure qu\u00e8 \u00e9s un\u00a0<strong>\u201cgenocidi\u201d,\u00a0<\/strong>el diccionari ens diu:<\/p>\n<blockquote>\n<p align=\"justify\"><strong>GENOCIDI<\/strong><em>: m<\/em>\u00a0<b>1\u00a0<\/b>POL\u00cdT Extermini d&#8217;un poble o d&#8217;una \u00e8tnia.<\/p>\n<\/blockquote>\n<blockquote>\n<p align=\"justify\"><strong>\u00a0\u00a0\u00a0 2 genocidi cultural Etnocidi.<\/strong><\/p>\n<\/blockquote>\n<blockquote>\n<p align=\"justify\"><strong>ETNOCIDI:\u00a0<\/strong><em>m<\/em>\u00a0ANTROP Extinci\u00f3 deliberada d&#8217;una cultura per una altra.<\/p>\n<\/blockquote>\n<p align=\"justify\">Per tant, senyors Fabra i Bauz\u00e0, a vost\u00e8s se\u2019ls pot anomenar etnocides amb total propietat perqu\u00e8 durant el seu mandat\u00a0 vost\u00e8s no han fet m\u00e9s que intentar matar una cultura, extingir-la, negar-la, amagar-la i implantar-ne una altra. I ho han fet amb tots els mitjans dels que disposen, que s\u00f3n molts.<\/p>\n<p align=\"justify\">Vost\u00e8s, senyors Fabra i Bauz\u00e0, s\u00f3n una pe\u00e7a m\u00e9s i uns conspicus seguidors de tota una llarga tradici\u00f3, molt ben apresa i executada pel partit al qual vost\u00e8s pertanyen:\u00a0<strong>el Partido Popular<\/strong>. Tots sabem d\u2019on arrenca aquest partit i com al seu moment va anar arreplegant totes les molles i tota l\u2019her\u00e8ncia franquista. Tots sabem com aquest partit ha anat representant i segueix representant tot el m\u00e9s ranci, el m\u00e9s tronat, el pitjor de la cultura espanyola. La cultura espanyola t\u00e9 molta m\u00e9s riquesa i moltes m\u00e9s coses interessants i dignes de guardar i divulgar que les que vost\u00e8s volen imposar amb una gran miopia, curtedat de mires i molta, molta, mala fe. A la seva p\u00e0gina web diuen que \u201cal PP le interesan las personas, lo que piensan, sus preocupaciones y sus necesidades\u201d. Ho diuen seriosament aix\u00f2 o han pret\u00e8s fer una broma de mal gust?<\/p>\n<p align=\"justify\">Amb excuses de mal pagador i amb arguments que fan riure han anat buscant la manera d\u2019anar desmuntant tot el que pot fer olor a catal\u00e0. Han fet les lleis pertinents per treure compet\u00e8ncies, per impedir el que vost\u00e8s en diuen \u201cexcesos auton\u00f3micos\u201d i que no s\u00f3n m\u00e9s que compet\u00e8ncies que qualsevol Govern hauria de poder tenir. No nom\u00e9s no reconeixen compet\u00e8ncies, maneres de ser i de fer que feia anys que funcionaven, sin\u00f3 que ara fan tot el possible per treure-les i imposar-ne unes altres. Per aquesta ra\u00f3 a vost\u00e8s se\u2019ls pot anomenar etnocides i no s\u2019haurien d\u2019ofendre.<\/p>\n<p align=\"justify\">Escric aquesta carta mentre escolto per la r\u00e0dio que d\u2019aqu\u00ed una hora les emissions de Catalunya R\u00e0dio no es podran escoltar m\u00e9s al pa\u00eds Valenci\u00e0, com ja fa temps que no es pot veure TV3. Els valencians podien escoltar catal\u00e0 gr\u00e0cies a la xarxa de repetidors d&#8217;Acci\u00f3 Cultural del Pa\u00eds Valenci\u00e0, xarxa que havia pagat amb els seus diners i que mantenia gr\u00e0cies als seus migrats mitjans justament perqu\u00e8 encara hi han persones prou dignes com per lluitar per una llengua i una cultura pr\u00f2pies. A les Balears s\u2019han fet lleis per tal que el catal\u00e0 s\u2019ensenyi menys a les aules. Tot plegat, un aut\u00e8ntic pla genocida.<\/p>\n<p align=\"justify\">I aix\u00ed com encara hi ha un munt de persones dignes, lluitadores i generoses a tots aquests llocs, tamb\u00e9 se\u2019n troben altres com vost\u00e8s mateixos que s\u00f3n tot el contrari: persones que no estimen ni tan sols el seu patrimoni cultural, que no miren un b\u00e9 com\u00fa que s\u2019ha de conservar com \u00e9s una llengua i una cultura, no estimen la seva gent i les coses pr\u00f2pies. Per aix\u00f2 els torno a repetir que s\u00f3n vost\u00e8s uns etnocides amb tots els ets i uts. Vost\u00e8s no s\u00f3n dignes de presidir pobles tan dignes com s\u00f3n els valencians i els balears i no en s\u00f3n dignes perqu\u00e8 no miren pel b\u00e9 del seu poble i per conservar una riquesa que han heretat de segles. Vost\u00e8s s\u00f3n indignes, per\u00f2 tamb\u00e9 s\u00f3n ignorants. Vost\u00e8s no entenen ni saben qu\u00e8 \u00e9s una cultura, un poble. Vost\u00e8s no saben res i no ho volen saber, que \u00e9s molt pitjor<\/p>\n<p align=\"justify\">Per\u00f2 estiguin ben segurs que vost\u00e8s no guanyaran. Als pobles que volen viure no els fan morir f\u00e0cilment persones com vost\u00e8s. Franco prou que ho va intentar i no ho va aconseguir. Aprenents franquistes com vost\u00e8s tampoc aconseguiran matar una cultura i una llengua que \u00e9s prou forta per aguantar adversitats com aquestes que ens toca sofrir altra vegada. Ja ho poden anar tenint ben clar i se\u2019n poden anar convencent: al Pa\u00eds Valenci\u00e0 se seguir\u00e0 parlant valenci\u00e0 i a les Balears les diverses variants balears del catal\u00e0; i aix\u00f2 perqu\u00e8 molta gent ho seguir\u00e0 volent i lluitar\u00e0 per tal de que aix\u00ed sigui.<\/p>\n<p align=\"justify\">I, per acabar, nom\u00e9s desitjar que aqueta malvestat passi com m\u00e9s aviat millor. Esperem que el poble sigui prou l\u00facid com per castigar amb els seus vots persones nefastes com vost\u00e8s i com mereixen les\u00a0 accions i les pol\u00edtiques d\u2019un PP que ha fet retrocedir les coses 50 anys enrere. Potser els pot semblar que estan guanyant batalles, per\u00f2 estiguin ben segurs que no guanyaran la guerra.<\/p>\n<\/div>\n<p>Read more:\u00a0<a href=\"http:\/\/jaumepubill.blogspot.com\/#ixzz2r43bgiB5\">http:\/\/jaumepubill.blogspot.com\/#ixzz2r43bgiB5<\/a><\/p>\n","protected":false},"excerpt":{"rendered":"<p>Senyors\u00a0 Alberto Fabra i Jos\u00e9 Ram\u00f3n Bauz\u00e0: No s\u00e9 ben b\u00e9 com adre\u00e7ar-me a vost\u00e8s. Podria parlar-los com a Presidents de la Generalitat Valenciana i del Govern de les Illes Balears; podria dirigir-me a vost\u00e8s simplement com a pol\u00edtics d\u2019unes Comunitats Aut\u00f2nomes, tal com a vost\u00e8s els agrada dir. Prefereixo, per\u00f2, dirigir-me a vost\u00e8s com [&hellip;]<\/p>\n","protected":false},"author":214,"featured_media":0,"comment_status":"open","ping_status":"closed","sticky":false,"template":"","format":"standard","meta":{"_jetpack_memberships_contains_paid_content":false,"footnotes":"","jetpack_publicize_message":"","jetpack_publicize_feature_enabled":true,"jetpack_social_post_already_shared":false,"jetpack_social_options":{"image_generator_settings":{"template":"highway","default_image_id":0,"font":"","enabled":false},"version":2}},"categories":[877,189,20695,81,4475,172],"tags":[31829,31875,824,31874,31928,31828],"class_list":["post-4669","post","type-post","status-publish","format-standard","hentry","category-catalunya","category-cultura","category-llengua-3","category-mitjans-de-comunicacio","category-partido-popular-pp","category-politica","tag-cultura","tag-illes-balears","tag-llengua-catalana","tag-pais-valencia","tag-partido-popular-pp","tag-politica"],"jetpack_publicize_connections":[],"jetpack_featured_media_url":"","jetpack_shortlink":"https:\/\/wp.me\/pagkjs-1dj","jetpack-related-posts":[],"jetpack_sharing_enabled":true,"_links":{"self":[{"href":"https:\/\/blogs.avui.cat\/jaumepubill\/wp-json\/wp\/v2\/posts\/4669","targetHints":{"allow":["GET"]}}],"collection":[{"href":"https:\/\/blogs.avui.cat\/jaumepubill\/wp-json\/wp\/v2\/posts"}],"about":[{"href":"https:\/\/blogs.avui.cat\/jaumepubill\/wp-json\/wp\/v2\/types\/post"}],"author":[{"embeddable":true,"href":"https:\/\/blogs.avui.cat\/jaumepubill\/wp-json\/wp\/v2\/users\/214"}],"replies":[{"embeddable":true,"href":"https:\/\/blogs.avui.cat\/jaumepubill\/wp-json\/wp\/v2\/comments?post=4669"}],"version-history":[{"count":1,"href":"https:\/\/blogs.avui.cat\/jaumepubill\/wp-json\/wp\/v2\/posts\/4669\/revisions"}],"predecessor-version":[{"id":4670,"href":"https:\/\/blogs.avui.cat\/jaumepubill\/wp-json\/wp\/v2\/posts\/4669\/revisions\/4670"}],"wp:attachment":[{"href":"https:\/\/blogs.avui.cat\/jaumepubill\/wp-json\/wp\/v2\/media?parent=4669"}],"wp:term":[{"taxonomy":"category","embeddable":true,"href":"https:\/\/blogs.avui.cat\/jaumepubill\/wp-json\/wp\/v2\/categories?post=4669"},{"taxonomy":"post_tag","embeddable":true,"href":"https:\/\/blogs.avui.cat\/jaumepubill\/wp-json\/wp\/v2\/tags?post=4669"}],"curies":[{"name":"wp","href":"https:\/\/api.w.org\/{rel}","templated":true}]}}