{"id":4652,"date":"2014-01-17T21:50:07","date_gmt":"2014-01-17T20:50:07","guid":{"rendered":"http:\/\/blogs.avui.cat\/jaumepubill\/?p=4652"},"modified":"2014-01-17T21:50:07","modified_gmt":"2014-01-17T20:50:07","slug":"de-cap-a-linfern","status":"publish","type":"post","link":"https:\/\/blogs.avui.cat\/jaumepubill\/2014\/01\/17\/de-cap-a-linfern\/","title":{"rendered":"De cap a l&#8217;infern!"},"content":{"rendered":"<p><b><img data-recalc-dims=\"1\" loading=\"lazy\" decoding=\"async\" style=\"border: 5px solid black\" alt=\"\" src=\"https:\/\/i0.wp.com\/elmonomudo.com\/wp-content\/uploads\/2012\/12\/spanish-economy-2.jpg?resize=563%2C306\" width=\"563\" height=\"306\" \/><\/b><\/p>\n<p><b>A certs temes va b\u00e9 posar-hi una mica d\u2019humor, no us sembla? Aquest text ap\u00f2crif que corre per internet l\u2019hi posa en un tema molt seri\u00f3s.<\/b><\/p>\n<p><b>Si es culmina el proc\u00e9s que ha de dur-nos a la independ\u00e8ncia<\/b>, el que ens passar\u00e0, segons les autoritats espanyoles, \u00e9s que <b><span style=\"text-decoration: underline\">quedarem fora<\/span><\/b>:<br \/>\n&#8211; De la Uni\u00f3 Europea<br \/>\n&#8211; De l\u2019 euro.<br \/>\n&#8211; De l\u2019 Organitzaci\u00f3 del Tractat de l Atl\u00e0ntic Nord (OTAN)<br \/>\n&#8211; De l\u2019 Organitzaci\u00f3 per a la Cooperaci\u00f3 i el Desenvolupament Econ\u00f2mics (OCDE)<br \/>\n&#8211; De l\u2019 Organitzaci\u00f3 de Nacions Unides (ONU)<br \/>\n&#8211; Del territori Schengen<br \/>\n&#8211; De l\u2019 Organitzaci\u00f3 de les Nacions Unides per a la Ci\u00e8ncia, l\u2019 Educaci\u00f3 i la Cultura (UNESCO)<br \/>\n&#8211; De les Cumbres Iberoamericanas ,<br \/>\nI, tot i que no ho hagin dit, treballen secretament perqu\u00e8 tamb\u00e9 quedem fora:<br \/>\n&#8211; Del sistema solar<br \/>\n&#8211; Del sistema planetari<br \/>\n&#8211; De la llei de la gravetat<br \/>\n&#8211; Del sistema m\u00e8tric decimal<br \/>\n&#8211; De les normes convencionals de pesos i mesures<br \/>\n&#8211; De l\u2019 hemisferi nord i al marge del meridi\u00e0 de Greenwich<br \/>\n<b>Es deixen, per\u00f2, el m\u00e9s important: que <big><\/big><big><span style=\"text-decoration: underline\">quedarem fora d\u2019 Espanya<\/span><\/big><\/b><big><\/big><big>.<\/big><br \/>\n\u00c9s a dir, que ja mai m\u00e9s no tindrem:<br \/>\n&#8211; Ni Rajoy o Aznar com a presidents del govern, ni Rubalcaba com a vicepresident, ni Bono com a ministre de Defensa, ni Trujillo com a responsable d Habitatge, ni Wert com a titular d Educaci\u00f3 i Cultura, ni Ruiz Gallard\u00f3n a Just\u00edcia, ni Margallo a Afers Exteriors, ni Crist\u00f3bal Montoro a Hisenda i Administracions P\u00fabliques, ni Guerra com a diputat del mateix parlament o presidint la comissi\u00f3 d\u2019 afers constitucionals.<br \/>\n&#8211; Ens perdrem el missatge de cap d\u2019 any del rei d Espanya<br \/>\n&#8211; Ja no estarem al dia del que diguin els presidents i ex-presidents de certes comunitats aut\u00f2nomes en relaci\u00f3 a nosaltres.<br \/>\nTampoc tindrem:<br \/>\n&#8211; L ex\u00e8rcit espanyol<br \/>\n&#8211; La policia nacional<br \/>\n&#8211; La Gu\u00e0rdia civil<br \/>\n&#8211; El CNI<br \/>\nNi estarem sota l\u2019 empara de la just\u00edcia espanyola i el seu sistema jur\u00eddic imparcial, r\u00e0pid i sensible a la doble oficialitat ling\u00fc\u00edstica.<br \/>\n&#8211; No gaudirem m\u00e9s d\u2019 ambaixades i consolats del Regne d\u2019 Espanya<br \/>\n&#8211; Ni tindrem DNI i passaport espanyols.<br \/>\n&#8211; No podrem representar Espanya, cantant en castell\u00e0, al festival d\u2019 Eurovisi\u00f3<br \/>\n&#8211; No gaudirem de l\u2019 Institut Cervantes !!!<br \/>\n&#8211; Per a no quedar desinformats, haurem de seguir per sat\u00e8l\u00b7lit: Les cadenes de televisi\u00f3 13TV, Intereconomia, etc. i la vida quotidiana i les mis\u00e8ries de cantants, toreros, comentaristes casposos, membres de la casa reial, estafadors, corruptes.<br \/>\nI el pitjor de tot:<br \/>\n&#8211; Fora d\u2019 Espanya, la Confer\u00e8ncia Episcopal espanyola deixar\u00e0 de tenir-nos presents en les seves oracions i no passaran m\u00e9s el rosari per a la nostra salvaci\u00f3 eterna.<br \/>\n&#8211; Els esportistes catalans ja no podran guanyar m\u00e9s medalles, ni campionats, ni copes en nom d\u2019 Espanya<br \/>\n&#8211; Ens perdrem el goig de veure onejar la bandera espanyola i escoltar la m\u00fasica del seu himne.<br \/>\n&#8211; Haurem de comprar d\u2019 estranquis els d\u00e8cims de la seva loteria nacional o els cupons de l\u2019 ONCE.<\/p>\n<p><b>En fi, ser\u00e0 un cop molt dur! <\/b><br \/>\n<big><\/big><big><b>No se si\u00a0 ens en sortirem i serem capa\u00e7os de superar-ho!! <\/b><\/big><br \/>\n<big><\/big><big><b><\/b><\/big><big><\/big><big><b>Com ho veieu?<\/b><\/big><\/p>\n","protected":false},"excerpt":{"rendered":"<p>A certs temes va b\u00e9 posar-hi una mica d\u2019humor, no us sembla? Aquest text ap\u00f2crif que corre per internet l\u2019hi posa en un tema molt seri\u00f3s. Si es culmina el proc\u00e9s que ha de dur-nos a la independ\u00e8ncia, el que ens passar\u00e0, segons les autoritats espanyoles, \u00e9s que quedarem fora: &#8211; De la Uni\u00f3 Europea [&hellip;]<\/p>\n","protected":false},"author":214,"featured_media":0,"comment_status":"open","ping_status":"closed","sticky":false,"template":"","format":"standard","meta":{"_jetpack_memberships_contains_paid_content":false,"footnotes":"","jetpack_publicize_message":"","jetpack_publicize_feature_enabled":true,"jetpack_social_post_already_shared":false,"jetpack_social_options":{"image_generator_settings":{"template":"highway","default_image_id":0,"font":"","enabled":false},"version":2}},"categories":[2229,643],"tags":[31889,31850],"class_list":["post-4652","post","type-post","status-publish","format-standard","hentry","category-humor","category-independencia","tag-humor","tag-independencia"],"jetpack_publicize_connections":[],"jetpack_featured_media_url":"","jetpack_shortlink":"https:\/\/wp.me\/pagkjs-1d2","jetpack-related-posts":[],"jetpack_sharing_enabled":true,"_links":{"self":[{"href":"https:\/\/blogs.avui.cat\/jaumepubill\/wp-json\/wp\/v2\/posts\/4652","targetHints":{"allow":["GET"]}}],"collection":[{"href":"https:\/\/blogs.avui.cat\/jaumepubill\/wp-json\/wp\/v2\/posts"}],"about":[{"href":"https:\/\/blogs.avui.cat\/jaumepubill\/wp-json\/wp\/v2\/types\/post"}],"author":[{"embeddable":true,"href":"https:\/\/blogs.avui.cat\/jaumepubill\/wp-json\/wp\/v2\/users\/214"}],"replies":[{"embeddable":true,"href":"https:\/\/blogs.avui.cat\/jaumepubill\/wp-json\/wp\/v2\/comments?post=4652"}],"version-history":[{"count":1,"href":"https:\/\/blogs.avui.cat\/jaumepubill\/wp-json\/wp\/v2\/posts\/4652\/revisions"}],"predecessor-version":[{"id":4653,"href":"https:\/\/blogs.avui.cat\/jaumepubill\/wp-json\/wp\/v2\/posts\/4652\/revisions\/4653"}],"wp:attachment":[{"href":"https:\/\/blogs.avui.cat\/jaumepubill\/wp-json\/wp\/v2\/media?parent=4652"}],"wp:term":[{"taxonomy":"category","embeddable":true,"href":"https:\/\/blogs.avui.cat\/jaumepubill\/wp-json\/wp\/v2\/categories?post=4652"},{"taxonomy":"post_tag","embeddable":true,"href":"https:\/\/blogs.avui.cat\/jaumepubill\/wp-json\/wp\/v2\/tags?post=4652"}],"curies":[{"name":"wp","href":"https:\/\/api.w.org\/{rel}","templated":true}]}}