{"id":462,"date":"2009-08-13T13:50:25","date_gmt":"2009-08-13T12:50:25","guid":{"rendered":"http:\/\/blogs.avui.cat\/jaumepubill\/2009\/08\/13\/chvez-sempre-chvez\/"},"modified":"2009-11-29T13:24:27","modified_gmt":"2009-11-29T11:24:27","slug":"chvez-sempre-chvez","status":"publish","type":"post","link":"https:\/\/blogs.avui.cat\/jaumepubill\/2009\/08\/13\/chvez-sempre-chvez\/","title":{"rendered":"Roy Harley"},"content":{"rendered":"<p><a href=\"https:\/\/i0.wp.com\/blogs.avui.cat\/jaumepubill\/files\/2009\/08\/andes1.jpg\"><img data-recalc-dims=\"1\" loading=\"lazy\" decoding=\"async\" src=\"https:\/\/i0.wp.com\/blogs.avui.cat\/jaumepubill\/files\/2009\/08\/andes-thumb1.jpg?resize=79%2C104\" height=\"104\" width=\"79\" alt=\"Andes\" border=\"0\" \/><\/a>A Roy Harley \u00e9s un dels qui menys li agrada parlar de &#8220;la Cordillera&#8221; com anomenen, gen\u00e8ricament aquells 72 dies terribles. Cada un ha reaccionat de forma distinta la viv\u00e8ncia de l&#8217;accident perqu\u00e8 cada un d&#8217;ells tenia un perfil psicol\u00f2gic distint, com totes les persones humanes el tenim.Segurament que totes les reaccions s\u00f3n ben leg\u00edtimes i, per tant, poc criticables. Roy \u00e9s d&#8217;aquelles persones que no n&#8217;ha volgut parlar mai fins ara que tots han decidit de forma comuna parlar-ne en aquest llibre &#8220;La sociedad de la nieve&#8221;. Vejam qu\u00e8 ens diu:&#8221;Jo hauria deixat el tema de &#8220;la cordillera&#8221; m\u00e9s per a nosaltres mateixos i menys per a l&#8217;exterior. L&#8217;hauria viscut m\u00e9s interiorment. No veig, no sento aquesta necessitat de que el grup hagi de donar un testimoni. s\u00ed que sento que el testimoni l&#8217;hem de donar a la vida di\u00e0ria i amb el que fem amb ella, en homenatge al que vam viure: ens va tocar experimentar quelcom molt particular i crec que el missatge l&#8217;hem de donar cada dia de forma permanent amb el que fem i no pas amb el que diem. En silenci, en honor als que van morir i ens van permetre seguir amb vida.A vegades em pregunto en qu\u00e8 va canviar-me la vida all\u00f2 i sempre arribo a una conclusi\u00f3 molt elemental: vaig aprendre a gaudir la vida, en especial les coses senzilles, la fam\u00edlia, els amics. Riure, estar agra\u00eft, sense necessitat de viure en un parad\u00eds o amb diners a les butxaques. \u00c9s b\u00e0sic, per\u00f2 aix\u00f2 va ser el que vaig aprendre. Tamb\u00e9 em va donar seguretat i confian\u00e7a. Em va permetre plantar-me d&#8217;una altra forma davant la vida. Si camines 72 dies en un mur, t&#8217;acostumar\u00e0s a viure en una cornisa&#8221;.Etiquetes de Technorati: <a href=\"http:\/\/technorati.com\/tags\/Roy+Harley\" rel=\"tag\">Roy Harley<\/a>,<a href=\"http:\/\/technorati.com\/tags\/Trag%c3%a8dia+dels+Andes.+Uruguai\" rel=\"tag\">Trag\u00e8dia dels Andes. Uruguai<\/a><\/p>\n","protected":false},"excerpt":{"rendered":"<p>A Roy Harley \u00e9s un dels qui menys li agrada parlar de &#8220;la Cordillera&#8221; com anomenen, gen\u00e8ricament aquells 72 dies terribles. Cada un ha reaccionat de forma distinta la viv\u00e8ncia de l&#8217;accident perqu\u00e8 cada un d&#8217;ells tenia un perfil psicol\u00f2gic distint, com totes les persones humanes el tenim.Segurament que totes les reaccions s\u00f3n ben leg\u00edtimes [&hellip;]<\/p>\n","protected":false},"author":214,"featured_media":0,"comment_status":"open","ping_status":"open","sticky":false,"template":"","format":"standard","meta":{"_jetpack_memberships_contains_paid_content":false,"footnotes":"","jetpack_publicize_message":"","jetpack_publicize_feature_enabled":true,"jetpack_social_post_already_shared":false,"jetpack_social_options":{"image_generator_settings":{"template":"highway","default_image_id":0,"font":"","enabled":false},"version":2}},"categories":[4879,2937],"tags":[],"class_list":["post-462","post","type-post","status-publish","format-standard","hentry","category-tragedia-dels-andes","category-uruguai"],"jetpack_publicize_connections":[],"jetpack_featured_media_url":"","jetpack_shortlink":"https:\/\/wp.me\/pagkjs-7s","jetpack-related-posts":[],"jetpack_sharing_enabled":true,"_links":{"self":[{"href":"https:\/\/blogs.avui.cat\/jaumepubill\/wp-json\/wp\/v2\/posts\/462","targetHints":{"allow":["GET"]}}],"collection":[{"href":"https:\/\/blogs.avui.cat\/jaumepubill\/wp-json\/wp\/v2\/posts"}],"about":[{"href":"https:\/\/blogs.avui.cat\/jaumepubill\/wp-json\/wp\/v2\/types\/post"}],"author":[{"embeddable":true,"href":"https:\/\/blogs.avui.cat\/jaumepubill\/wp-json\/wp\/v2\/users\/214"}],"replies":[{"embeddable":true,"href":"https:\/\/blogs.avui.cat\/jaumepubill\/wp-json\/wp\/v2\/comments?post=462"}],"version-history":[{"count":0,"href":"https:\/\/blogs.avui.cat\/jaumepubill\/wp-json\/wp\/v2\/posts\/462\/revisions"}],"wp:attachment":[{"href":"https:\/\/blogs.avui.cat\/jaumepubill\/wp-json\/wp\/v2\/media?parent=462"}],"wp:term":[{"taxonomy":"category","embeddable":true,"href":"https:\/\/blogs.avui.cat\/jaumepubill\/wp-json\/wp\/v2\/categories?post=462"},{"taxonomy":"post_tag","embeddable":true,"href":"https:\/\/blogs.avui.cat\/jaumepubill\/wp-json\/wp\/v2\/tags?post=462"}],"curies":[{"name":"wp","href":"https:\/\/api.w.org\/{rel}","templated":true}]}}