{"id":4602,"date":"2014-01-05T14:12:21","date_gmt":"2014-01-05T13:12:21","guid":{"rendered":"http:\/\/blogs.avui.cat\/jaumepubill\/?p=4602"},"modified":"2014-01-05T14:12:21","modified_gmt":"2014-01-05T13:12:21","slug":"el-millor-president-del-mon","status":"publish","type":"post","link":"https:\/\/blogs.avui.cat\/jaumepubill\/2014\/01\/05\/el-millor-president-del-mon\/","title":{"rendered":"El millor president del m\u00f3n"},"content":{"rendered":"<h3><img data-recalc-dims=\"1\" loading=\"lazy\" decoding=\"async\" class=\"aligncenter\" style=\"border: 5px solid black\" alt=\"\" src=\"https:\/\/i0.wp.com\/www.lr21.com.uy\/wp-content\/uploads\/2013\/10\/mujica-austeridad-e.jpg?resize=406%2C268\" width=\"406\" height=\"268\" \/><\/h3>\n<div id=\"post-body-1187766627678568723\">\n<p align=\"justify\">Quan vaig llegir no fa gaires dies al diari\u00a0<a href=\"http:\/\/www.elobservador.com.uy\/noticia\/230451\/mujica-34el-mejor-presidente-del-mundo34-segun-revista-monocle\/?fb_action_ids=569837883110744&amp;fb_action_types=og.recommends\" target=\"_blank\"><strong>EL OBSERVADOR<\/strong><\/a>\u00a0de Montevideo que una revista havia proclamat\u00a0<strong>\u201cMujica, el millor president del m\u00f3n\u201d\u00a0<\/strong>vaig pensar: \u00a1Mira, alg\u00fa confirma el que jo ja fa temps que crec!. Jo ja fa temps que proclamo en aquest mateix blog la meva admiraci\u00f3 pel president de l\u2019 Uruguai i estic totalment d\u2019acord en qu\u00e8 Mujica \u00e9s \u2013de llarg- el millor president del m\u00f3n.<\/p>\n<p align=\"justify\">Una vegada satisfet\u00a0 el meu ego pel fet que alg\u00fa em don\u00e9s la ra\u00f3 i compart\u00eds amb mi aquesta creen\u00e7a, em va interessar veure qui ho deia i si seria algun pelacanyes com jo. Em poso a buscar una mica i veig que qui ho diu \u00e9s una prestigiosa revista brit\u00e0nica anomenada\u00a0<strong>MONOCLE<\/strong>\u00a0(de la qual jo no havia sentit a parlar mai, per\u00f2 es veu que \u00e9s for\u00e7a important). \u00c9s una revista generalista, especialitzada en estils de vida, assumptes internacionals i cultura general. I, posat a buscar, busco qui \u00e9s el periodista que escriu l\u2019article i veig que es diu\u00a0<strong>Santiago Rodr\u00edguez Tarditi ,\u00a0<\/strong>del qual tampoc n\u2019havia sentit a parlar mai \u2013un altre cop per ignor\u00e0ncia meva- per\u00f2 que tamb\u00e9 \u00e9s un jove periodista colombi\u00e0 de llarga traject\u00f2ria i de reconegut prestigi. Anem b\u00e9, vaig pensar jo\u2026<\/p>\n<p align=\"justify\">L\u2019article \u2013que podreu llegir si cliqueu al diari El Observador- es titula: \u201c<strong>El h\u00e9roe pol\u00edtico no reconocido de Sudam\u00e9rica\u201d,<\/strong>\u00a0i l\u2019autor estableix la seg\u00fcent afirmaci\u00f3: \u201cContrariant les creences populars, el millor l\u00edder del m\u00f3n no \u00e9s Barack Obama. Ho lamento pels alemanys, per\u00f2 tampoc ho \u00e9s Angela Merkel. \u00bfFran\u00e7ois Hollande? No t\u00e9 cap possibilitat. El millor cap d\u2019 estat en els nostres dies \u00e9s Jos\u00e9 Mujica, el\u00a0 president de l\u2019Uruguai\u201d. I, a continuaci\u00f3 explica amb alguns detalls els motius.<\/p>\n<p align=\"justify\">Com que jo no s\u00e9 angl\u00e8s, no he pogut llegir el seu article sencer, per\u00f2 s\u00ed que puc donar tamb\u00e9 els meus motius (que potser seran repetitius pels que llegiu el meu blog) per argumentar aquesta afirmaci\u00f3 del periodista colombi\u00e0. A mi em sembla que per ser president d\u2019un pa\u00eds no s\u2019ha de ser ni alt, ni guapo, ni tenir moltes carreres, ni ser molt ric, tampoc cal tenir una intel\u00b7lig\u00e8ncia descomunal, ni tenir una gran educaci\u00f3 i un gran refinament. Res d\u2019aquestes coses s\u00f3n imprescindibles, contr\u00e0riament al que moltes vegades es pensa. Jo crec que \u00fanicament s\u2019ha de ser una persona honesta, amb sentit com\u00fa i saber-se envoltar de gent amb aquestes mateixes qualitats i que s\u00e0piguen una mica dels temes que els correspon tractar. Si un president aconsegueix fer un equip de persones que vulgui fer les coses ben fetes pensant sempre pel b\u00e9 d\u2019un pa\u00eds i treballant units segur que ser\u00e0 un bon president. I Mujica t\u00e9 moltes d\u2019aquestes qualitats i per aix\u00f2 han dit el que han dit.<\/p>\n<p align=\"justify\">Mujica \u00e9s un home honest i un home amb uns ideals que ha mantingut tota la vida. Dins del seu pa\u00eds mateix hi ha gent que el considera poc fi \u2013\u00e9s pag\u00e8s- i que \u00e9s poc cur\u00f3s de la seva figura (aspecte personal, vestimenta, maneres de fer i de parlar\u2026); consideren que t\u00e9 un passat de guerriller tupamaro que no l\u2019ajuda massa (\u00bfrecordeu Mandela?); fins i tot diuen que els 15 anys de pres\u00f3 en condicions extremadament dures el van desconnectar de la realitat. Tot el contrari, diria jo. Va saber exactament quina era la realitat d\u2019una dictadura militar ben cruel i, quan va sortir de la pres\u00f3, va voler reconciliar-se amb tothom (exactament com Mandela) i els guerrillers tupamaros van voler integrar-se a trav\u00e9s de partits democr\u00e0tics en una societat que volien canviar. I, finalment, els ciutadans uruguaians els han donat la ra\u00f3 per dues vegades consecutives en les eleccions. I em sembla que els tornaran a donar la ra\u00f3 una tercera vegada. Alguna cosa deu voler dir, no?<\/p>\n<p align=\"justify\">El president Mujica \u00e9s una persona normal, que ha sabut comportar-se com una persona normal sempre i, per tant, tamb\u00e9 ara com a president. Ha volgut viure a la seva casa de pag\u00e8s de sempre, amb la mateixa austeritat de sempre i sent coherent amb les idees que sempre ha tingut. \u00c9s un home honest i coherent, \u00a1que no \u00e9s pas poc pels temps que corren!. Un home que viu amb el m\u00ednim vital\u00a0 (ell mateix diu que va aprendre a viure sense res o, millor dit, amb el just) i que d\u00f3na gran part del seu sou per a obres socials perqu\u00e8 ell no ho necessita i n\u2019hi han molts que ho necessiten m\u00e9s que ell (\u00bfquants presidents a tot el m\u00f3n trobar\u00edem que pensessin aix\u00ed?).<\/p>\n<p align=\"justify\">Molts l\u2019acusen de demagog i populista. No s\u00e9 pas qu\u00e8 volen dir. El que fa Mujica \u00e9s dir les coses pel seu nom\u00a0 i \u201cno andarse con rodeos\u201d, com diuen all\u00e0. Jo ja voldria presidents populistes com ell que no ens enganyessin, que diguessin el que passa i ens amaguessin moltes menys coses de les que normalment ens amaguen. Fins i tot\u00a0<strong>Mario Vargas Llosa<\/strong>\u00a0\u2013que no \u00e9s gens ni mica sant de la meva devoci\u00f3 i \u00e9s un reconegut home de dretes- publicava al diari El Pa\u00eds de diumenge passat un article titulat\u00a0<a href=\"http:\/\/elpais.com\/elpais\/2013\/12\/27\/opinion\/1388143836_633277.html\" target=\"_blank\"><strong>EL EJEMPLO URUGUAYO<\/strong><\/a>\u00a0on posava Uruguai com exemple de pa\u00eds lliberal, democr\u00e0tic i valent. I com a exemple de valentia ha posat al president Mujica:<\/p>\n<blockquote>\n<p align=\"justify\"><em>\u201c Ha hecho bien The Economist en declarar a Uruguay el pa\u00eds del a\u00f1o y en calificar de admirables las dos reformas liberales m\u00e1s radicales tomadas en 2013 por el Gobierno del presidente Jos\u00e9 Mujica: el matrimonio gay y la legalizaci\u00f3n y regulaci\u00f3n de la producci\u00f3n, la venta y el consumo de la marihuana\u2026.\u201d \u201cLa libertad tiene sus riesgos y quienes creen en ella deben estar dispuestos a correrlos en todos los dominios, no s\u00f3lo en el cultural, el religioso y el pol\u00edtico. As\u00ed lo ha entendido el Gobierno uruguayo y hay que aplaudirlo por ello. Ojal\u00e1 otros aprendan la lecci\u00f3n y sigan su ejemplo\u201d.<\/em><\/p>\n<\/blockquote>\n<\/div>\n<p>Read more:\u00a0<a href=\"http:\/\/jaumepubill.blogspot.com\/#ixzz2pWrZ6a1h\">http:\/\/jaumepubill.blogspot.com\/#ixzz2pWrZ6a1h<\/a><\/p>\n","protected":false},"excerpt":{"rendered":"<p>Quan vaig llegir no fa gaires dies al diari\u00a0EL OBSERVADOR\u00a0de Montevideo que una revista havia proclamat\u00a0\u201cMujica, el millor president del m\u00f3n\u201d\u00a0vaig pensar: \u00a1Mira, alg\u00fa confirma el que jo ja fa temps que crec!. Jo ja fa temps que proclamo en aquest mateix blog la meva admiraci\u00f3 pel president de l\u2019 Uruguai i estic totalment d\u2019acord [&hellip;]<\/p>\n","protected":false},"author":214,"featured_media":0,"comment_status":"open","ping_status":"closed","sticky":false,"template":"","format":"standard","meta":{"_jetpack_memberships_contains_paid_content":false,"footnotes":"","jetpack_publicize_message":"","jetpack_publicize_feature_enabled":true,"jetpack_social_post_already_shared":false,"jetpack_social_options":{"image_generator_settings":{"template":"highway","default_image_id":0,"font":"","enabled":false},"version":2}},"categories":[5281,2937],"tags":[3836,31909],"class_list":["post-4602","post","type-post","status-publish","format-standard","hentry","category-pepe-mujica-uruguai-paisos","category-uruguai","tag-pepe-mujica","tag-uruguai"],"jetpack_publicize_connections":[],"jetpack_featured_media_url":"","jetpack_shortlink":"https:\/\/wp.me\/pagkjs-1ce","jetpack-related-posts":[],"jetpack_sharing_enabled":true,"_links":{"self":[{"href":"https:\/\/blogs.avui.cat\/jaumepubill\/wp-json\/wp\/v2\/posts\/4602","targetHints":{"allow":["GET"]}}],"collection":[{"href":"https:\/\/blogs.avui.cat\/jaumepubill\/wp-json\/wp\/v2\/posts"}],"about":[{"href":"https:\/\/blogs.avui.cat\/jaumepubill\/wp-json\/wp\/v2\/types\/post"}],"author":[{"embeddable":true,"href":"https:\/\/blogs.avui.cat\/jaumepubill\/wp-json\/wp\/v2\/users\/214"}],"replies":[{"embeddable":true,"href":"https:\/\/blogs.avui.cat\/jaumepubill\/wp-json\/wp\/v2\/comments?post=4602"}],"version-history":[{"count":4,"href":"https:\/\/blogs.avui.cat\/jaumepubill\/wp-json\/wp\/v2\/posts\/4602\/revisions"}],"predecessor-version":[{"id":4606,"href":"https:\/\/blogs.avui.cat\/jaumepubill\/wp-json\/wp\/v2\/posts\/4602\/revisions\/4606"}],"wp:attachment":[{"href":"https:\/\/blogs.avui.cat\/jaumepubill\/wp-json\/wp\/v2\/media?parent=4602"}],"wp:term":[{"taxonomy":"category","embeddable":true,"href":"https:\/\/blogs.avui.cat\/jaumepubill\/wp-json\/wp\/v2\/categories?post=4602"},{"taxonomy":"post_tag","embeddable":true,"href":"https:\/\/blogs.avui.cat\/jaumepubill\/wp-json\/wp\/v2\/tags?post=4602"}],"curies":[{"name":"wp","href":"https:\/\/api.w.org\/{rel}","templated":true}]}}