{"id":4447,"date":"2013-12-08T14:15:53","date_gmt":"2013-12-08T13:15:53","guid":{"rendered":"http:\/\/blogs.avui.cat\/jaumepubill\/?p=4447"},"modified":"2013-12-12T22:17:52","modified_gmt":"2013-12-12T21:17:52","slug":"4447","status":"publish","type":"post","link":"https:\/\/blogs.avui.cat\/jaumepubill\/2013\/12\/08\/4447\/","title":{"rendered":"Primavera en plena tardor a Balsareny"},"content":{"rendered":"<p align=\"justify\"><img data-recalc-dims=\"1\" loading=\"lazy\" decoding=\"async\" class=\"alignleft\" style=\"border: 3px solid black\" alt=\"\" src=\"https:\/\/i0.wp.com\/2.bp.blogspot.com\/-Lahbq4iesjc\/UpexIvtDQlI\/AAAAAAAAARY\/vCtK1z_a1Wo\/s1600\/FRANCESC%2BPERE.jpg?resize=479%2C238\" width=\"479\" height=\"238\" align=\"left\" \/>Parlar de primavera en plena tardor aqu\u00ed al Pla d\u2019 Urgell pot semblar un estirabot i un contrasentit\u00a0 perqu\u00e8 fa tres o quatre dies que se\u2019ns hi ha instal\u00b7lat una boira baixa i pixanera que deixa els cossos i l\u2019ambient general g\u00e8lids de veritat. Per aix\u00f2 potser tenim tantes ganes de fugir d\u2019aquesta grisor meteorol\u00f2gica\u00a0 i anar a buscar el sol que alegra els ulls i d\u00f3na caliu.<\/p>\n<p align=\"justify\">I tamb\u00e9 potser\u00a0 perqu\u00e8 hem tingut molts anys \u2013massa anys-\u00a0 de cru hivern eclesial, \u00e9s que ara tenim tantes ganes de buscar el sol primaveral al que ens convida Balsareny amb el seu F\u00f2rum per trobar una mica de caliu als cors. Parlo de la primavera que vam anar a buscar i que vam trobar ahir a Balsareny tot el bon grup d\u2019assistents al <strong>2n F\u00f2rum de Balsareny,<\/strong> on es va reflexionar durant tot el dia entorn de <strong>les causes del bisbe Pere Casald\u00e0liga<\/strong>, fill del poble i profeta universal d\u2019un m\u00f3n i d\u2019una Esgl\u00e9sia diferents.<\/p>\n<p align=\"justify\">L\u2019any passat es va celebrar <strong>el primer F\u00f2rum, dedicat al 50\u00e8 aniversari de la inauguraci\u00f3 del Concili Vatic\u00e0 II<\/strong> i a les causes del bisbe Pere, una de les persones que m\u00e9s i millor va saber copsar l&#8217;esperit i la lletra del Concili. Aquest any s\u2019ha volgut commemorar els <strong>50 anys de l\u2019enc\u00edclica \u201cPau a la Terra\u201d de Joan XXIII <\/strong>amb unes molt interessants reflexions de dues persones que hi tenen molt a dir sobre aquests temes i que en saben molt:el jesu\u00efta <strong>Josep M Ben\u00edtez i l\u2019Arcadi Oliveres<\/strong>.<\/p>\n<p align=\"justify\"><strong>El P. Ben\u00edtez<\/strong>, historiador i professor de la Universitat Gregoriana de Roma, va fer unes reflexions molt interessants, agudes i en algun moment amb cert sentit de l\u2019humor, sobre l\u2019 Enc\u00edclica. Va fer-nos reflexionar sobre el text i els seus conceptes claus i sobre el context i moment hist\u00f2ric en que va n\u00e9ixer la \u201cPacem in Terris\u201d. Com a bon professor d\u2019 hist\u00f2ria ho va brodar i ens va fer entendre molt m\u00e9s aquesta enc\u00edclica, que va ser clau per encetar una nova etapa dins de l\u2019Esgl\u00e9sia i el m\u00f3n.<\/p>\n<p align=\"justify\">I va deixar a <strong>l\u2019 Arcadi Oliveres<\/strong> que ens parl\u00e9s del meta text i de tot all\u00f2 que l\u2019enc\u00edclica va remoure i de les conseq\u00fc\u00e8ncies que encara avui s\u00f3n evident en el m\u00f3n actual. Com sempre, l\u2019 Arcadi ens va metrallar amb un munt de dades que sempre ajuden molt a entendre els camins actuals per on transcorre el m\u00f3n i els sistemes econ\u00f2mics que el fan rutllar (o potser justament fan que no rutlli massa)\u2026<\/p>\n<p align=\"justify\">I un plat fort del F\u00f2rum va arribar a la tarda amb la presentaci\u00f3 per part de <strong>Francesc Escribano<\/strong> de la mini s\u00e8rie <strong>\u201cDescal\u00e7 sobre la terra vermella\u201d<\/strong> i de la posterior estrena, en un primer passi, per a tots els assistents al F\u00f2rum i, en un segon passi, per a tot el poble de Balsareny. Varen ser tres hores d\u2019aut\u00e8ntic gaudi. Un treball molt ben realitzat sobre els any del bisbe Pere al Brasil i tota la feina que hi ha intentat fer durant tots aquests anys. Ens va confessar el Francesc Escribano que, quan el bisbe Pere va veure la mini s\u00e8rie, acompanyat d\u2019alguns pocs familiars i amics va confessar que tots els fets i personatges reals que apareixen a la s\u00e8rie eren totalment fidels a la realitat. I que els fets i personatges ficticis (que tamb\u00e9 inevitablement apareixen en qualsevol pel\u00b7l\u00edcula) podien ser tamb\u00e9 perfectament reals. En una paraula: que hi va donar el seu vistiplau total. Ara, a esperar que s\u2019estreni (segurament que al febrer) a TV3 i posteriorment a TV1 en versi\u00f3 castellana. S\u2019est\u00e0 treballant encara en la versi\u00f3 brasilera per tal de portar-la tamb\u00e9 al Brasil.<\/p>\n<p align=\"justify\">Com us deia al principi, un aut\u00e8ntic dia de primavera pel clima, les paraules i l\u2019ambient que es va respirar al F\u00f2rum i que sembla que es comen\u00e7a a respirar a l\u2019 Esgl\u00e9sia amb el Papa Francesc. Hem passat una llarga i fosca travessia per un desert eclesial (que tamb\u00e9 reflexa molt b\u00e9 la mini s\u00e8rie amb els interrogatoris for\u00e7a inquisitorials que va haver de sofrir a Roma el bisbe Pere en mans del llavors Prefecte de la Congregaci\u00f3 per la Doctrina de la Fe, cardenal Ratzinger), on\u00a0 s\u2019han tancat m\u00e9s portes i finestres que no pas se n\u2019han obert; una \u00e8poca en qu\u00e8 l\u2019Esgl\u00e9sia s\u2019ha anat quedant enrere i fins i tot ha retrocedit en molts aspectes, mentre el m\u00f3n en general feia molts passos endavant en la majoria d\u2019 \u00e0mbits. L\u2019Esgl\u00e9sia, si no vol perdre el carro i quedar fora de joc, s\u2019ha de fer present arreu i ha de donar respostes amb paraules que s\u2019entenguin, tal com ho fa Francesc, uns aspecte que jo valoro molt personalment i que trobo que \u00e9s urgent que es posi de manifest. La fustigada teologia de l\u2019 alliberament era una de les coses que va aconseguir: fer que vida i fe fossin una sola cosa, anessin de la m\u00e0 i que fossin\u00a0 intel\u00b7ligibles per a les persones d\u2019avui.<\/p>\n<p align=\"justify\">Un grup d\u2019amics del bisbe Pere publica un petit butllet\u00ed titulat <strong>\u201c&#8217;Araguaia amb el bisbe Casald\u00e0liga<\/strong>\u201d on recull cartes\u00a0 i not\u00edcies del bisbe Pere. A la carta n\u00famero 75 (novembre 2013) , hi ha un article sobre el Papa Francesc i el bisbe Pere. Un dels par\u00e0grafs explica que a l&#8217;agost es va celebrar el Cap\u00edtol General de l&#8217;ordre dels Agustins i la Missa d&#8217;obertura va ser celebrada pel Papa Francesc, el qual va voler saludar a cadascun dels presents un cop acabada la celebraci\u00f3. Quan va tocar el torn, va parlar amb el P. Paulo Gabriel, que li va dir: &#8220;Els agustins tenim una comunitat a la Prelazia de S\u00e2o Felix do Araguaia. Jo he viscut 20 anys amb Dom Pedro Casald\u00e0liga i ara vinc de ser-hi quasi tot el mes d&#8217;agost amb ell&#8221;. <strong>El Papa Francesc li va respondre: &#8220;Digui-li que el porto al cor.&#8221;<\/strong><\/p>\n<p align=\"justify\">Cal que portem al cor el bisbe Pere, per\u00f2 sobretot cal que hi portem les seves causes i que surti molta gent atrevida com ell per tal de que puguin fer el relleu necessari. Gent com la que ha preparat el F\u00f2rum en s\u00f3n un bon exemple. Gr\u00e0cies.<\/p>\n","protected":false},"excerpt":{"rendered":"<p>Parlar de primavera en plena tardor aqu\u00ed al Pla d\u2019 Urgell pot semblar un estirabot i un contrasentit\u00a0 perqu\u00e8 fa tres o quatre dies que se\u2019ns hi ha instal\u00b7lat una boira baixa i pixanera que deixa els cossos i l\u2019ambient general g\u00e8lids de veritat. Per aix\u00f2 potser tenim tantes ganes de fugir d\u2019aquesta grisor meteorol\u00f2gica\u00a0 [&hellip;]<\/p>\n","protected":false},"author":214,"featured_media":0,"comment_status":"open","ping_status":"closed","sticky":false,"template":"","format":"standard","meta":{"_jetpack_memberships_contains_paid_content":false,"footnotes":"","jetpack_publicize_message":"","jetpack_publicize_feature_enabled":true,"jetpack_social_post_already_shared":false,"jetpack_social_options":{"image_generator_settings":{"template":"highway","default_image_id":0,"font":"","enabled":false},"version":2}},"categories":[77,5413],"tags":[31820,3762],"class_list":["post-4447","post","type-post","status-publish","format-standard","hentry","category-esglesia","category-pere-casaldaliga-esglesia-religio","tag-esglesia","tag-pere-casaldaliga"],"jetpack_publicize_connections":[],"jetpack_featured_media_url":"","jetpack_shortlink":"https:\/\/wp.me\/sagkjs-4447","jetpack-related-posts":[],"jetpack_sharing_enabled":true,"_links":{"self":[{"href":"https:\/\/blogs.avui.cat\/jaumepubill\/wp-json\/wp\/v2\/posts\/4447","targetHints":{"allow":["GET"]}}],"collection":[{"href":"https:\/\/blogs.avui.cat\/jaumepubill\/wp-json\/wp\/v2\/posts"}],"about":[{"href":"https:\/\/blogs.avui.cat\/jaumepubill\/wp-json\/wp\/v2\/types\/post"}],"author":[{"embeddable":true,"href":"https:\/\/blogs.avui.cat\/jaumepubill\/wp-json\/wp\/v2\/users\/214"}],"replies":[{"embeddable":true,"href":"https:\/\/blogs.avui.cat\/jaumepubill\/wp-json\/wp\/v2\/comments?post=4447"}],"version-history":[{"count":3,"href":"https:\/\/blogs.avui.cat\/jaumepubill\/wp-json\/wp\/v2\/posts\/4447\/revisions"}],"predecessor-version":[{"id":4451,"href":"https:\/\/blogs.avui.cat\/jaumepubill\/wp-json\/wp\/v2\/posts\/4447\/revisions\/4451"}],"wp:attachment":[{"href":"https:\/\/blogs.avui.cat\/jaumepubill\/wp-json\/wp\/v2\/media?parent=4447"}],"wp:term":[{"taxonomy":"category","embeddable":true,"href":"https:\/\/blogs.avui.cat\/jaumepubill\/wp-json\/wp\/v2\/categories?post=4447"},{"taxonomy":"post_tag","embeddable":true,"href":"https:\/\/blogs.avui.cat\/jaumepubill\/wp-json\/wp\/v2\/tags?post=4447"}],"curies":[{"name":"wp","href":"https:\/\/api.w.org\/{rel}","templated":true}]}}