{"id":4400,"date":"2013-11-09T00:34:47","date_gmt":"2013-11-08T23:34:47","guid":{"rendered":"http:\/\/blogs.avui.cat\/jaumepubill\/?p=4400"},"modified":"2013-11-09T00:34:47","modified_gmt":"2013-11-08T23:34:47","slug":"la-llibertat-reporta-beneficis","status":"publish","type":"post","link":"https:\/\/blogs.avui.cat\/jaumepubill\/2013\/11\/09\/la-llibertat-reporta-beneficis\/","title":{"rendered":"La llibertat reporta beneficis"},"content":{"rendered":"<p align=\"justify\"><img loading=\"lazy\" decoding=\"async\" style=\"float: left;margin: 0px 6px 0px 0px\" align=\"left\" src=\"http:\/\/upload.wikimedia.org\/wikipedia\/commons\/thumb\/e\/e7\/Timbre_Allemagne_1992_Martin_Niemoller_obl.jpg\/722px-Timbre_Allemagne_1992_Martin_Niemoller_obl.jpg\" width=\"257\" height=\"213\" \/>En el meu darrer apunt escrivia com d\u2019ignomini\u00f3s ha sigut el PP valenci\u00e0 en tots aquests anys de govern i com la cirereta d\u2019aquest past\u00eds l\u2019han posada en tancar la RTV p\u00fablica valenciana.<\/p>\n<p align=\"justify\">Per\u00f2 \u2013i anant una mica m\u00e9s enll\u00e0 en les reflexions- jo em pregunto com han pogut aguantar tants anys els treballadors d\u2019aquella casa tot aix\u00f2. I nom\u00e9s arribo a una conclusi\u00f3: per por. Tots hem tingut por alguna vegada i sabem prou b\u00e9 el que significa i com ens tenalla, com coarta la nostra manera de fer i pensar, com engabia les nostres emocions i les nostres accions,&#160; com ens fa sentir malament internament i com ens fa sentir tra\u00efdors amb nosaltres mateixos. Si som sincers, haurem de confessar que tots hem estat covards massa vegades i no hem fet o no hem dit el que sab\u00edem que hav\u00edem de fer o dir. <\/p>\n<p align=\"justify\">I aix\u00f2 \u00e9s el que els ha passat als treballadors de la TV valenciana que, alliberats ara de la por i enfortits per l\u2019enuig i la indignaci\u00f3, estan confessant p\u00fablicament i sense embuts -i en una esp\u00e8cie de catarsi col\u00b7lectiva-, tot el que han hagut de passat durant aquests anys de desvergonyiment \u201cPPero\u201d. Hauria de ser lectura obligat\u00f2ria el que una periodista d\u2019aquest canal&#160; (Iolanda M\u00e0rmol) va penjar al seu Twitter fa un parell de dies i que podeu llegir aqu\u00ed: <a href=\"https:\/\/www.evernote.com\/shard\/s242\/sh\/33ef690e-48f6-4aee-9488-669f66a0b6d6\/52e6f0821e8284e069269fd610b37726\" target=\"_blank\">MIS MENTIRAS EN CANAL 9<\/a><\/p>\n<p align=\"justify\">A tots ens ha faltat valentia m\u00e9s d\u2019una vegada i, \u00e9s molt probable, que als periodistes d\u2019aquella casa tamb\u00e9. Tots hem estat massa prudents infinitat de vegades. Tots hem tingut massa por en massa ocasions. Tots hem estat massa covards i massa muts. Tots haur\u00edem d\u2019entonar molts \u201cmea culpa\u201d per molts moments vergonyosos de la nostra vida. Ens falta llibertat i ens falta creure en els beneficis de la llibertat. Beneficis de tots tipus. Potser no sempre a curt termini, per\u00f2 segur que s\u00ed sempre a llarg termini. Beneficis psicol\u00f2gics i tamb\u00e9 probablement beneficis materials. Diuen els diaris que aquests dies en qu\u00e8 els mateixos treballadors s\u2019han auto imposat la llibertat informativa ha crescut molt\u00edssim l\u2019audi\u00e8ncia de Canal 9. I \u00e9s que amb la llibertat i amb la veritat sempre s\u2019hi guanya en tots sentits. Mirem de no oblidar-ho.<\/p>\n<p align=\"justify\">I, per acabar, potser ens convindria recordar aquell c\u00e8lebre poema del pastor luter\u00e0 Martin Niem\u00fcller (1892-1984),&#160; que va ser un dels primers i m\u00e9s tena\u00e7os cr\u00edtics del nazisme i va constituir un moviment de resist\u00e8ncia denominat Esgl\u00e9sia Confessional. <\/p>\n<p align=\"justify\">Com a s\u00edmbol de la resist\u00e8ncia antinazi va ser arrestat per la Gestapo el 1937 i declarat culpable de tra\u00efci\u00f3, sent confinat fins al final de la guerra als camps de concentraci\u00f3 de Sachsenhausen i Dachau. Va salvar la vida de miracle. Despr\u00e9s de la guerra, va pronunciar moltes confer\u00e8ncies, cloent-les sovint amb aquest poema que s\u2019ha fet fam\u00f3s:<\/p>\n<p align=\"center\">&#160;<b>Primer van agafar els comunistes,<\/b>    <br \/><b>i jo no vaig dir res perqu\u00e8 no era comunista.<\/b><\/p>\n<p align=\"center\"><b>Despr\u00e9s es van endur els jueus,<\/b>    <br \/><b>i jo no vaig dir res perqu\u00e8 no era jueu.<\/b><\/p>\n<p align=\"center\"><b>Despr\u00e9s, van venir a buscar els obrers;<\/b>    <br \/><b>no vaig dir res, perqu\u00e8 jo no era obrer ni sindicalista.<\/b><\/p>\n<p align=\"center\"><b>M\u00e9s tard es van ficar amb els cat\u00f2lics,<\/b>    <br \/><b>i no vaig dir res perqu\u00e8 jo era protestant.<\/b><\/p>\n<p align=\"center\"><b>I quan, finalment, em van agafar a mi,<\/b>    <br \/><b>ja no quedava ning\u00fa per protestar.<\/b><\/p>\n<p align=\"center\"><b>Martin Niem\u00fcller<\/b><\/p>\n","protected":false},"excerpt":{"rendered":"<p>En el meu darrer apunt escrivia com d\u2019ignomini\u00f3s ha sigut el PP valenci\u00e0 en tots aquests anys de govern i com la cirereta d\u2019aquest past\u00eds l\u2019han posada en tancar la RTV p\u00fablica valenciana. Per\u00f2 \u2013i anant una mica m\u00e9s enll\u00e0 en les reflexions- jo em pregunto com han pogut aguantar tants anys els treballadors d\u2019aquella [&hellip;]<\/p>\n","protected":false},"author":214,"featured_media":0,"comment_status":"open","ping_status":"closed","sticky":false,"template":"","format":"standard","meta":{"_jetpack_memberships_contains_paid_content":false,"footnotes":"","jetpack_publicize_message":"","jetpack_publicize_feature_enabled":true,"jetpack_social_post_already_shared":false,"jetpack_social_options":{"image_generator_settings":{"template":"highway","default_image_id":0,"font":"","enabled":false},"version":2}},"categories":[5126,2938,81,4475,2615],"tags":[1977,31910,31822,31928,31901],"class_list":["post-4400","post","type-post","status-publish","format-standard","hentry","category-corrupcio-etica-i-moral-filosofia","category-etica-i-moral","category-mitjans-de-comunicacio","category-partido-popular-pp","category-valors","tag-corrupcio","tag-etica-i-moral","tag-mitjans-de-comunicacio","tag-partido-popular-pp","tag-valors"],"jetpack_publicize_connections":[],"jetpack_featured_media_url":"","jetpack_shortlink":"https:\/\/wp.me\/pagkjs-18Y","jetpack-related-posts":[],"jetpack_sharing_enabled":true,"_links":{"self":[{"href":"https:\/\/blogs.avui.cat\/jaumepubill\/wp-json\/wp\/v2\/posts\/4400","targetHints":{"allow":["GET"]}}],"collection":[{"href":"https:\/\/blogs.avui.cat\/jaumepubill\/wp-json\/wp\/v2\/posts"}],"about":[{"href":"https:\/\/blogs.avui.cat\/jaumepubill\/wp-json\/wp\/v2\/types\/post"}],"author":[{"embeddable":true,"href":"https:\/\/blogs.avui.cat\/jaumepubill\/wp-json\/wp\/v2\/users\/214"}],"replies":[{"embeddable":true,"href":"https:\/\/blogs.avui.cat\/jaumepubill\/wp-json\/wp\/v2\/comments?post=4400"}],"version-history":[{"count":1,"href":"https:\/\/blogs.avui.cat\/jaumepubill\/wp-json\/wp\/v2\/posts\/4400\/revisions"}],"predecessor-version":[{"id":4401,"href":"https:\/\/blogs.avui.cat\/jaumepubill\/wp-json\/wp\/v2\/posts\/4400\/revisions\/4401"}],"wp:attachment":[{"href":"https:\/\/blogs.avui.cat\/jaumepubill\/wp-json\/wp\/v2\/media?parent=4400"}],"wp:term":[{"taxonomy":"category","embeddable":true,"href":"https:\/\/blogs.avui.cat\/jaumepubill\/wp-json\/wp\/v2\/categories?post=4400"},{"taxonomy":"post_tag","embeddable":true,"href":"https:\/\/blogs.avui.cat\/jaumepubill\/wp-json\/wp\/v2\/tags?post=4400"}],"curies":[{"name":"wp","href":"https:\/\/api.w.org\/{rel}","templated":true}]}}