{"id":44,"date":"2008-09-24T19:40:31","date_gmt":"2008-09-24T17:40:31","guid":{"rendered":"http:\/\/blogs.avui.cat\/jaumepubill\/2008\/09\/24\/sense-feina\/"},"modified":"2008-12-23T23:06:15","modified_gmt":"2008-12-23T23:06:15","slug":"sense-feina","status":"publish","type":"post","link":"https:\/\/blogs.avui.cat\/jaumepubill\/2008\/09\/24\/sense-feina\/","title":{"rendered":"Sense feina"},"content":{"rendered":"<h4><img data-recalc-dims=\"1\" loading=\"lazy\" decoding=\"async\" border=\"2\" vspace=\"2\" width=\"265\" src=\"https:\/\/i0.wp.com\/www.therealcuba.com\/Racism12.jpg?resize=265%2C300\" hspace=\"2\" height=\"300\" \/>\u00a0Cada dia es veu m\u00e9s gent sense feina. Els veig a les places, a la sortida dels supermercats demanant alguna cosa. Pel que diuen els experts -i el sentit com\u00fa- cada dia n&#8217;hi haur\u00e0 m\u00e9s.<\/h4>\n<h4>Ens caldr\u00e0 pensar qu\u00e8 hem de fer amb aquesta gent si no volem que es dediquin a robar o a fer coses pitjors. Mentre necessit\u00e0vem les seves mans, la seva for\u00e7a i la seva joventut b\u00e9 els vam aprofitar&#8230; No haur\u00edem de fer alguna cosa per a ells?<\/h4>\n<h4>Em d\u00f3na la sensaci\u00f3 que, amb l&#8217;excusa que ara no hi ha diners, ning\u00fa far\u00e0 res. Totes les administracions s&#8217;espolsaran el problema. Si no hi ha diners per a altres coses, menys n&#8217;hi haur\u00e0 per aix\u00f2. I les fam\u00edlies que hi ha darrere d&#8217;aquests treballadors sense feina?<\/h4>\n<h4>Hem creat un tipus de societat capitalista que llan\u00e7a tot all\u00f2 que ja no serveix. I com que ara aquesta gent no ens serveix&#8230;.doncs cap a l&#8217;abocador!<\/h4>\n<h4>Potser caldria que ens \u00a0planteg\u00e9ssim si aix\u00f2 \u00e9s la millor sortida per a tots plegats.\u00a0<\/h4>\n<h4><\/h4>\n","protected":false},"excerpt":{"rendered":"<p>\u00a0Cada dia es veu m\u00e9s gent sense feina. Els veig a les places, a la sortida dels supermercats demanant alguna cosa. Pel que diuen els experts -i el sentit com\u00fa- cada dia n&#8217;hi haur\u00e0 m\u00e9s. Ens caldr\u00e0 pensar qu\u00e8 hem de fer amb aquesta gent si no volem que es dediquin a robar o a [&hellip;]<\/p>\n","protected":false},"author":214,"featured_media":0,"comment_status":"open","ping_status":"open","sticky":false,"template":"","format":"standard","meta":{"_jetpack_memberships_contains_paid_content":false,"footnotes":"","jetpack_publicize_message":"","jetpack_publicize_feature_enabled":true,"jetpack_social_post_already_shared":false,"jetpack_social_options":{"image_generator_settings":{"template":"highway","default_image_id":0,"font":"","enabled":false},"version":2}},"categories":[65],"tags":[1964],"class_list":["post-44","post","type-post","status-publish","format-standard","hentry","category-feina","tag-atur"],"jetpack_publicize_connections":[],"jetpack_featured_media_url":"","jetpack_shortlink":"https:\/\/wp.me\/pagkjs-I","jetpack-related-posts":[],"jetpack_sharing_enabled":true,"_links":{"self":[{"href":"https:\/\/blogs.avui.cat\/jaumepubill\/wp-json\/wp\/v2\/posts\/44","targetHints":{"allow":["GET"]}}],"collection":[{"href":"https:\/\/blogs.avui.cat\/jaumepubill\/wp-json\/wp\/v2\/posts"}],"about":[{"href":"https:\/\/blogs.avui.cat\/jaumepubill\/wp-json\/wp\/v2\/types\/post"}],"author":[{"embeddable":true,"href":"https:\/\/blogs.avui.cat\/jaumepubill\/wp-json\/wp\/v2\/users\/214"}],"replies":[{"embeddable":true,"href":"https:\/\/blogs.avui.cat\/jaumepubill\/wp-json\/wp\/v2\/comments?post=44"}],"version-history":[{"count":1,"href":"https:\/\/blogs.avui.cat\/jaumepubill\/wp-json\/wp\/v2\/posts\/44\/revisions"}],"predecessor-version":[{"id":3333,"href":"https:\/\/blogs.avui.cat\/jaumepubill\/wp-json\/wp\/v2\/posts\/44\/revisions\/3333"}],"wp:attachment":[{"href":"https:\/\/blogs.avui.cat\/jaumepubill\/wp-json\/wp\/v2\/media?parent=44"}],"wp:term":[{"taxonomy":"category","embeddable":true,"href":"https:\/\/blogs.avui.cat\/jaumepubill\/wp-json\/wp\/v2\/categories?post=44"},{"taxonomy":"post_tag","embeddable":true,"href":"https:\/\/blogs.avui.cat\/jaumepubill\/wp-json\/wp\/v2\/tags?post=44"}],"curies":[{"name":"wp","href":"https:\/\/api.w.org\/{rel}","templated":true}]}}