{"id":4301,"date":"2013-09-28T07:35:45","date_gmt":"2013-09-28T06:35:45","guid":{"rendered":"http:\/\/blogs.avui.cat\/jaumepubill\/?p=4301"},"modified":"2013-09-28T07:35:45","modified_gmt":"2013-09-28T06:35:45","slug":"billy-el-nio-i-el-franquisme","status":"publish","type":"post","link":"https:\/\/blogs.avui.cat\/jaumepubill\/2013\/09\/28\/billy-el-nio-i-el-franquisme\/","title":{"rendered":"&ldquo;Billy el Ni&ntilde;o&rdquo; i el franquisme."},"content":{"rendered":"<p><strong><\/strong>  <\/p>\n<p align=\"justify\"><img data-recalc-dims=\"1\" loading=\"lazy\" decoding=\"async\" style=\"float: left;margin: 0px 7px 0px 0px\" align=\"left\" src=\"https:\/\/i0.wp.com\/www.radiogranada.es\/wp-content\/uploads\/2012\/04\/03imagen-300x225.jpg?resize=263%2C198\" width=\"263\" height=\"198\" \/>Franco va morir el 1975 per\u00f2 el franquisme segueix for\u00e7a viu en algunes capes de la societat i, m\u00e9s o menys amagat, en punts neur\u00e0lgics d\u2019organisme oficials, governs, funcionariat, cossos i forces de l\u2019 Estat, poder judicial, etc. Massa sovint surten als diaris personatges que mostren, sens cap mena de vergonya ni rubor, tics franquistes que despr\u00e9s de 40 anys ja seria hora que haguessin desaparegut.<\/p>\n<p align=\"justify\">La transici\u00f3 espanyola -que ens van vendre com a mod\u00e8lica- cada vegada \u00e9s m\u00e9s evident que no va ser res m\u00e9s que un cant a la impunitat i un intent d\u2019amagar sota l\u2019estora un munt de porqueria que, de fer-se evident, hauria estat insuportable per uns governs que es volien dir democr\u00e0tics i que potser ho volien ser per\u00f2 que no ho han acabat d\u2019aconseguir, justament perqu\u00e8 no han volgut fer net. I la prova m\u00e9s evident l\u2019anem tenint a mida que passa el temps i anem veient tot el que s\u2019amaga a les cloaques de l\u2019 Estat i tota la pudor que despr\u00e8n despr\u00e9s de tant temps de guardar cad\u00e0vers amagats als armaris. Diuen que el temps ho cura tot per\u00f2 em sembla que, en certs aspectes, no \u00e9s ben b\u00e9 aix\u00ed. A vegades el temps no fa m\u00e9s que mostrar encara m\u00e9s evidents unes cicatrius que potser inicialment no es veien massa, per\u00f2 que el pas del temps ha agreujat i ha profunditzat en lloc de curar-les.<\/p>\n<p align=\"justify\">Ara ha arribat la jutge argentina Mar\u00eda Servini de Cubr\u00eda disposada a regirar una mica aquest passat tan inc\u00f2mode per a Rajoy i alguns dels seus, molts d\u2019ells hereus del franquisme m\u00e9s terror\u00edfic. Un franquisme que tenia personatges emblem\u00e0tics com \u201cBilly el Ni\u00f1o\u201d com a peons necessaris col\u00b7laboradors de la dictadura i que han estat protegits fins ara no se sap ben b\u00e9 per qui. Per\u00f2 \u00e9s evident que han estat ben protegits i no els ha calgut fugir ni amagar-se enlloc. Tots ells han seguit fent les seves vides, tenint els seus negocis i, alguns d\u2019ells fins i tot traient pit. A Alemanya els nazis van haver de fugir i amagar-se a les selves d\u2019alguns pa\u00efsos sud americans. Aqu\u00ed \u2013per vergonya nostra- ni aix\u00f2 han hagut de fer.&#160; Alguns ja han mort, per\u00f2 altres s\u00f3n ben vius i viuen prou tranquils. Ara arriba una jutge argentina i demana a Rajoy que extradeixi quatre repressors del franquisme, als quals en podrien seguir molts m\u00e9s. En aquests assumptes tot \u00e9s comen\u00e7ar i tot \u00e9s voler anar estirant el fil. Mai se sap on ens poden dur les coses\u2026 Entre aquests imputats hi trobem un personatge del qual, els que ja tenim certa edat, en vam sentir a parlar molt perqu\u00e8 era un dels torturadors m\u00e9s famosos:&#160; l\u2019ex inspector de la \u201cBrigada Pol\u00edtico Social\u201d Jos\u00e9 Antonio Gonz\u00e1lez Pacheco, conegut per tothom com a&#160; \u201cBilly el Ni\u00f1o\u201d, temible personatge que gaudia molt\u00edssim interrogant, amena\u00e7ant, apallissant i agafant&#160; les seves v\u00edctimes pels cabells i arrossegant-los per les cel\u00b7les de tortura. I un altre personatge imputat que tamb\u00e9 hi trobem \u00e9s el fam\u00f3s \u201cComisario Mu\u00f1ecas\u201d, l\u2019ex gu\u00e0rdia civil Jes\u00fas Mu\u00f1ecas Aguilar, que actualment viu tranquil\u00b7lament a Madrid on hi regenta un centre h\u00edpic.<\/p>\n<p align=\"justify\">Tant de bo arribem a temps de fer just\u00edcia a aquests personatges i serveixi per treure drapets al sol en una Espanya que darrerament s\u2019ha especialitzat en mirar enrere massa nost\u00e0lgicament. \u00bfSer\u00e0 que molts dels que ens governen pensen encara&#160; all\u00f2 de que \u201ccualquier tiempo pasado fue mejor\u201d? <\/p>\n","protected":false},"excerpt":{"rendered":"<p>Franco va morir el 1975 per\u00f2 el franquisme segueix for\u00e7a viu en algunes capes de la societat i, m\u00e9s o menys amagat, en punts neur\u00e0lgics d\u2019organisme oficials, governs, funcionariat, cossos i forces de l\u2019 Estat, poder judicial, etc. Massa sovint surten als diaris personatges que mostren, sens cap mena de vergonya ni rubor, tics franquistes [&hellip;]<\/p>\n","protected":false},"author":214,"featured_media":0,"comment_status":"open","ping_status":"closed","sticky":false,"template":"","format":"standard","meta":{"_jetpack_memberships_contains_paid_content":false,"footnotes":"","jetpack_publicize_message":"","jetpack_publicize_feature_enabled":true,"jetpack_social_post_already_shared":false,"jetpack_social_options":{"image_generator_settings":{"template":"highway","default_image_id":0,"font":"","enabled":false},"version":2}},"categories":[5455,2529,4818],"tags":[2799,31896,27],"class_list":["post-4301","post","type-post","status-publish","format-standard","hentry","category-dictadura-politica","category-franco","category-justicia-valors-etica-i-moral-filosofia","tag-dictadura","tag-franco","tag-justicia"],"jetpack_publicize_connections":[],"jetpack_featured_media_url":"","jetpack_shortlink":"https:\/\/wp.me\/pagkjs-17n","jetpack-related-posts":[],"jetpack_sharing_enabled":true,"_links":{"self":[{"href":"https:\/\/blogs.avui.cat\/jaumepubill\/wp-json\/wp\/v2\/posts\/4301","targetHints":{"allow":["GET"]}}],"collection":[{"href":"https:\/\/blogs.avui.cat\/jaumepubill\/wp-json\/wp\/v2\/posts"}],"about":[{"href":"https:\/\/blogs.avui.cat\/jaumepubill\/wp-json\/wp\/v2\/types\/post"}],"author":[{"embeddable":true,"href":"https:\/\/blogs.avui.cat\/jaumepubill\/wp-json\/wp\/v2\/users\/214"}],"replies":[{"embeddable":true,"href":"https:\/\/blogs.avui.cat\/jaumepubill\/wp-json\/wp\/v2\/comments?post=4301"}],"version-history":[{"count":0,"href":"https:\/\/blogs.avui.cat\/jaumepubill\/wp-json\/wp\/v2\/posts\/4301\/revisions"}],"wp:attachment":[{"href":"https:\/\/blogs.avui.cat\/jaumepubill\/wp-json\/wp\/v2\/media?parent=4301"}],"wp:term":[{"taxonomy":"category","embeddable":true,"href":"https:\/\/blogs.avui.cat\/jaumepubill\/wp-json\/wp\/v2\/categories?post=4301"},{"taxonomy":"post_tag","embeddable":true,"href":"https:\/\/blogs.avui.cat\/jaumepubill\/wp-json\/wp\/v2\/tags?post=4301"}],"curies":[{"name":"wp","href":"https:\/\/api.w.org\/{rel}","templated":true}]}}