{"id":4281,"date":"2013-09-14T15:34:40","date_gmt":"2013-09-14T14:34:40","guid":{"rendered":"http:\/\/blogs.avui.cat\/jaumepubill\/?p=4281"},"modified":"2013-09-14T15:34:40","modified_gmt":"2013-09-14T14:34:40","slug":"el-correu-arriba-tard","status":"publish","type":"post","link":"https:\/\/blogs.avui.cat\/jaumepubill\/2013\/09\/14\/el-correu-arriba-tard\/","title":{"rendered":"El correu arriba tard"},"content":{"rendered":"<p align=\"justify\"><a href=\"https:\/\/i0.wp.com\/blogs.avui.cat\/jaumepubill\/files\/2013\/09\/P9113446.jpg\"><img data-recalc-dims=\"1\" loading=\"lazy\" decoding=\"async\" style=\"border-left-width: 0px;border-right-width: 0px;border-bottom-width: 0px;float: left;padding-top: 0px;padding-left: 0px;margin: 0px 12px 0px 0px;padding-right: 0px;border-top-width: 0px\" border=\"0\" alt=\"P9113446\" align=\"left\" src=\"https:\/\/i0.wp.com\/blogs.avui.cat\/jaumepubill\/files\/2013\/09\/P9113446_thumb.jpg?resize=244%2C184\" width=\"244\" height=\"184\" \/><\/a>Rajoy sembla que visqui al segle passat, quan les cartes trigaven dos i tres mesos per anar d\u2019un lloc a l\u2019altre. Les comunicacions avui s\u00f3n i han de ser molt m\u00e9s r\u00e0pides si no es vol fer el rid\u00edcul.&#160; Tampoc calia potser que Rajoy ens fes esperar tant per dir el que ens dir\u00e0. A no ser que en aquesta llarga espera hi hagi una \u2013per a mi- evident&#160; segona intenci\u00f3: deixar ben clar a tothom que el qui manen s\u00f3n ells i que els \u201ctempos\u201d els marquen ells i ning\u00fa m\u00e9s. Les majories absolutes poden tenir un problema: s\u00f3n prepotents i no saben escoltar les minories. En pol\u00edtica, tant dolenta \u00e9s l\u2019actitud de tancar la porta als morros, com la del silenci. La pol\u00edtica \u00e9s l\u2019art de negociar i es veu que hi ha pol\u00edtics que no en saben o que nom\u00e9s ho fan quan es veuen entre l\u2019espasa i la paret.<\/p>\n<p align=\"justify\">Als catalans ja ens han tancat la porta al morros v\u00e0ries vegades en els darrers temps: van retallar fins a no deixar-hi res un Estatut que podia haver donat sortida a molts problemes; van donar un No rotund a un nou finan\u00e7ament i ara segueixen tancat portes apel\u00b7lant a una Constituci\u00f3 que podria ser interpretable i modificable sense massa esfor\u00e7. Per\u00f2 aqu\u00ed no es mou res i sembla que no passi res. Per\u00f2 est\u00e0 passant. I tant que estan passant coses!. Entretant hi va haver una manifestaci\u00f3 massiva l\u2019any passat i una Via Catalana fa quatre dies. Per\u00f2 sembla que no ho veuen i quan se n\u2019adonin hauran arribat tard. Fa molt temps que adopten actituds tancades i prepotents i sembla que han volgut descon\u00e8ixer tant la realitat que ara ja \u00e9s igual el que contestin ara en una carta que no espera ning\u00fa. Una carta que arriba tard. La carta del President Mas ja \u00e9s igual si la contesten o no perqu\u00e8 nosaltres hem anat fent via i ja estem en una altra fase. Hem anat cremant etapes, anirem buscant tots els forats i farem tots els intents legals possibles. Per\u00f2, siguem clars, el que preval en el fons \u00e9s la voluntat i les interpretacions que es vulguin fer de les lleis. Tot \u00e9s possible si hi ha voluntat.<\/p>\n<p align=\"justify\">Per tant, arribats en un previsible atzucac, qu\u00e8 preval: la legalitat constitucional d\u2019un estat o la voluntat democr\u00e0tica d\u2019un poble?. Hi ha un Dictamen del Tribunal Internacional de just\u00edcia de l\u2019Haia de 22 de juliol de 2010 que<strong> <\/strong>ens d\u00f3na una total cobertura per una declaraci\u00f3 unilateral d\u2019independ\u00e8ncia, si \u00e9s que al final s\u2019hi ha d\u2019arribar. La Cort Internacional de Just\u00edcia (CIJ) o Tribunal Internacional de Just\u00edcia (TIJ), conegut col\u00b7loquialment com a <b>Cort Mundial<\/b>, \u00e9s el principal \u00f2rgan judicial de les Nacions Unides i va ser establerta per la Carta de les Nacions Unides el 1945. <\/p>\n<p align=\"justify\">Els dict\u00e0mens, juntament amb les decisions en assumptes contenciosos, formen part de la jurisprud\u00e8ncia internacional, que t\u00e9 com a principal funci\u00f3 la de servir com a element essencial i imprescindible d\u2019interpretaci\u00f3 del Dret Internacional. A la pr\u00e0ctica, la Cort Internacional de Just\u00edcia ha fet un \u00fas indistint com a precedents dels seus dict\u00e0mens i sent\u00e8ncies, tractant tots dos tipus de resolucions en peu d\u2019igualtat. Ambdues, per tant, s\u00f3n igualment jurisprud\u00e8ncia. <\/p>\n<blockquote>\n<p align=\"justify\"><em><strong>Dictamen de la Cort Internacional de Just\u00edcia de 22 de juliol de 2010 sobre la legalitat de la declaraci\u00f3 unilateral independ\u00e8ncia<\/strong> <\/em><\/p>\n<p align=\"justify\"><em>&#8211; Declarem que no hi ha cap norma en el dret internacional que prohibeixi o estigui en contra de les declaracions unilaterals d\u2019independ\u00e8ncia <\/em><\/p>\n<p align=\"justify\"><em>&#8211; Declarem que quan hi ha una contradicci\u00f3 entre la legalitat constitucional d\u2019un estat i la voluntat democr\u00e0tica d\u2019un poble part d\u2019aquest estat, preval sempre la voluntat democr\u00e0tica d\u2019aquest poble <\/em><\/p>\n<p align=\"justify\"><em>&#8211; Declarem que en una societat democr\u00e0tica, a difer\u00e8ncia d\u2019una dictadura, no \u00e9s la llei la que determina la voluntat dels ciutadans, sin\u00f3 que \u00e9s la voluntat dels ciutadans, la qual crea o modifica la legalitat vigent quan sigui necessari <\/em><\/p>\n<\/blockquote>\n","protected":false},"excerpt":{"rendered":"<p>Rajoy sembla que visqui al segle passat, quan les cartes trigaven dos i tres mesos per anar d\u2019un lloc a l\u2019altre. Les comunicacions avui s\u00f3n i han de ser molt m\u00e9s r\u00e0pides si no es vol fer el rid\u00edcul.&#160; Tampoc calia potser que Rajoy ens fes esperar tant per dir el que ens dir\u00e0. A [&hellip;]<\/p>\n","protected":false},"author":214,"featured_media":0,"comment_status":"open","ping_status":"closed","sticky":false,"template":"","format":"standard","meta":{"_jetpack_memberships_contains_paid_content":false,"footnotes":"","jetpack_publicize_message":"","jetpack_publicize_feature_enabled":true,"jetpack_social_post_already_shared":false,"jetpack_social_options":{"image_generator_settings":{"template":"highway","default_image_id":0,"font":"","enabled":false},"version":2}},"categories":[877,172],"tags":[31863,31828,31279],"class_list":["post-4281","post","type-post","status-publish","format-standard","hentry","category-catalunya","category-politica","tag-catalunya","tag-politica","tag-via-catalana"],"jetpack_publicize_connections":[],"jetpack_featured_media_url":"","jetpack_shortlink":"https:\/\/wp.me\/pagkjs-173","jetpack-related-posts":[],"jetpack_sharing_enabled":true,"_links":{"self":[{"href":"https:\/\/blogs.avui.cat\/jaumepubill\/wp-json\/wp\/v2\/posts\/4281","targetHints":{"allow":["GET"]}}],"collection":[{"href":"https:\/\/blogs.avui.cat\/jaumepubill\/wp-json\/wp\/v2\/posts"}],"about":[{"href":"https:\/\/blogs.avui.cat\/jaumepubill\/wp-json\/wp\/v2\/types\/post"}],"author":[{"embeddable":true,"href":"https:\/\/blogs.avui.cat\/jaumepubill\/wp-json\/wp\/v2\/users\/214"}],"replies":[{"embeddable":true,"href":"https:\/\/blogs.avui.cat\/jaumepubill\/wp-json\/wp\/v2\/comments?post=4281"}],"version-history":[{"count":0,"href":"https:\/\/blogs.avui.cat\/jaumepubill\/wp-json\/wp\/v2\/posts\/4281\/revisions"}],"wp:attachment":[{"href":"https:\/\/blogs.avui.cat\/jaumepubill\/wp-json\/wp\/v2\/media?parent=4281"}],"wp:term":[{"taxonomy":"category","embeddable":true,"href":"https:\/\/blogs.avui.cat\/jaumepubill\/wp-json\/wp\/v2\/categories?post=4281"},{"taxonomy":"post_tag","embeddable":true,"href":"https:\/\/blogs.avui.cat\/jaumepubill\/wp-json\/wp\/v2\/tags?post=4281"}],"curies":[{"name":"wp","href":"https:\/\/api.w.org\/{rel}","templated":true}]}}