{"id":4260,"date":"2013-09-07T15:44:46","date_gmt":"2013-09-07T14:44:46","guid":{"rendered":"http:\/\/blogs.avui.cat\/jaumepubill\/?p=4260"},"modified":"2013-09-07T15:44:46","modified_gmt":"2013-09-07T14:44:46","slug":"cadena-de-blogs-cap-a-la-independencia","status":"publish","type":"post","link":"https:\/\/blogs.avui.cat\/jaumepubill\/2013\/09\/07\/cadena-de-blogs-cap-a-la-independencia\/","title":{"rendered":"Cadena de blogs cap a la Independ\u00e8ncia"},"content":{"rendered":"<span class=\"embed-youtube\" style=\"text-align:center; display: block;\"><iframe loading=\"lazy\" class=\"youtube-player\" width=\"600\" height=\"338\" src=\"https:\/\/www.youtube.com\/embed\/04EjIgEjHhk?version=3&#038;rel=1&#038;showsearch=0&#038;showinfo=1&#038;iv_load_policy=1&#038;fs=1&#038;hl=ca&#038;autohide=2&#038;wmode=transparent\" allowfullscreen=\"true\" style=\"border:0;\" sandbox=\"allow-scripts allow-same-origin allow-popups allow-presentation allow-popups-to-escape-sandbox\"><\/iframe><\/span>\n<p style=\"text-align: justify\">V\u00eddeo de la Cadena que es va formar el passat dissabte, dia 31 d&#8217; Agost, als marges de l&#8217; estany d&#8217; Ivars i Vila-Sana i que va aplegar gent de tot El Pla d&#8217; Urgell.<\/p>\n<p style=\"text-align: justify\">Aquest post d&#8217;avui forma part de la idea que el BLOG-VIA CAP A LA INDEPEND\u00c8NCIA \u00a0 \u00a0<a href=\"http:\/\/cadenablogs-11setembre2013.blogspot.com\/\">http:\/\/cadenablogs-11setembre2013.blogspot.com\/<\/a> va fer c\u00f3rrer entre el bloguers catalans i que en aquest moment ja ha aplegat 264 blogs que es donen la m\u00e0 els uns als altres.<\/p>\n<p style=\"text-align: justify\">Aquest blog A PEU, amb el n\u00famero 168, enlla\u00e7ar\u00e0 amb el blog de l&#8217; Albert amb el n\u00famero 169 &#8211; AMB CRITERI PROPI http:\/\/uncriteri.blogspot.com<\/p>\n<p>&#8212;&#8212;&#8212;&#8212;&#8212;&#8212;&#8212;&#8212;&#8212;&#8212;&#8212;&#8212;&#8212;&#8212;&#8212;&#8212;&#8212;&#8212;&#8212;&#8212;&#8212;&#8212;&#8212;&#8212;&#8212;&#8212;&#8212;&#8212;&#8212;&#8212;&#8211;<\/p>\n<p style=\"text-align: justify\">El <strong>Programa Mem\u00f2ria del M\u00f3n<\/strong> de la <strong>UNESCO<\/strong> va decidir incloure l&#8217;any 2009 tot el material documental que hi ha disponible sobre la Cadena B\u00e0ltica o la Via B\u00e0ltica perqu\u00e8 ho considera un b\u00e9 cultural per protegir. Tots els pobles del m\u00f3n tenen mem\u00f2ria col\u00b7lectiva per\u00f2 no sempre tenen les possibilitats adequades per guardar-la. La UNESCO intenta ajudar a trav\u00e9s d\u2019aquest programa.<\/p>\n<p style=\"text-align: justify\">La Cadena B\u00e0ltica o Via B\u00e0ltica \u00e9s el nom que es va donar a una cadena humana de 560 Km que unia els tres pa\u00efsos b\u00e0ltics (Est\u00f2nia, Let\u00f2nia i Litu\u00e0nia) per exigir la independ\u00e8ncia dels seus pa\u00efsos. Es va fer el 23 d\u2019 Agost i va reunir entre 1,5 i 2 milions de persones (sobre uns 7 milions d&#8217;habitants totals de les tres rep\u00fabliques). Aqu\u00ed \u00e9s on s\u2019inspira la Via Catalana de l\u2019 11 de Setembre i segur que tamb\u00e9 passar\u00e0 a la hist\u00f2ria i tot el m\u00f3n s\u2019assabentar\u00e0, com es va assabentar l\u2019any passat de la gran manifestaci\u00f3 a Barcelona, que Catalunya vol ser independent.<\/p>\n<p style=\"text-align: justify\">Ja sabem que hi ha molts catalans que no comparteixen la idea; ja sabem que l\u2019Estat espanyol mirar\u00e0 de minimitzar l\u2019impacte; ja sabem que n\u2019hi ha molts que diuen que no servir\u00e0 per a res i fins i tot en faran befa; ja sabem que diran que aquestes coses s\u00f3n il\u00b7legals i ja sabem que criticaran la cadena, el nostre afany per la independ\u00e8ncia i tot el que vulgueu. Ja ho sabem.<\/p>\n<p style=\"text-align: justify\">Per\u00f2 sabem tamb\u00e9 que aquests petits gestos d\u2019un munt de gent, gestos que tots junts es fan grans i es converteixen en s\u00edmbol, aquestes aspiracions s\u2019han de fer sentir d\u2019alguna manera perqu\u00e8 \u00e9s la \u00fanica forma que tenim les nacions petites sense un Estat darrere per fer-nos escoltar. Sabem que tots aquests gestos hauran de ser pac\u00edfics i festius; sabem que haurem de ser ferms en les nostres conviccions per anar guanyant terreny; sabem que tenim arguments -molts arguments, molta ra\u00f3 i moltes raons- per exigir una cosa que \u00e9s justa; sabem que \u201cTenim la ra\u00f3 contra bords i lladres el meu poble i jo\u201d, com diu l\u2019 Espriu; sabem que les coses seran lentes i dif\u00edcils; sabem que no ens ho posaran f\u00e0cil; sabem que haurem de sumar complicitats dins i fora del pa\u00eds i que les coses no es faran soles sin\u00f3 que tots els que tinguem l\u2019aspiraci\u00f3 a ser lliures haurem de remar junts i mirant la mateixa fita.<\/p>\n<p style=\"text-align: justify\">I deixar que els gossos bordin; deixar que escriguin o diguin bestieses; fer cas nom\u00e9s al nostre somni. Els Pa\u00efsos B\u00e0ltics van aconseguir la seva independ\u00e8ncia el setembre de 1991. Per qu\u00e8 nosaltres no?<\/p>\n","protected":false},"excerpt":{"rendered":"<p>V\u00eddeo de la Cadena que es va formar el passat dissabte, dia 31 d&#8217; Agost, als marges de l&#8217; estany d&#8217; Ivars i Vila-Sana i que va aplegar gent de tot El Pla d&#8217; Urgell. Aquest post d&#8217;avui forma part de la idea que el BLOG-VIA CAP A LA INDEPEND\u00c8NCIA \u00a0 \u00a0http:\/\/cadenablogs-11setembre2013.blogspot.com\/ va fer c\u00f3rrer [&hellip;]<\/p>\n","protected":false},"author":214,"featured_media":0,"comment_status":"open","ping_status":"closed","sticky":false,"template":"","format":"standard","meta":{"_jetpack_memberships_contains_paid_content":false,"footnotes":"","jetpack_publicize_message":"","jetpack_publicize_feature_enabled":true,"jetpack_social_post_already_shared":false,"jetpack_social_options":{"image_generator_settings":{"template":"highway","default_image_id":0,"font":"","enabled":false},"version":2}},"categories":[877,643],"tags":[],"class_list":["post-4260","post","type-post","status-publish","format-standard","hentry","category-catalunya","category-independencia"],"jetpack_publicize_connections":[],"jetpack_featured_media_url":"","jetpack_shortlink":"https:\/\/wp.me\/pagkjs-16I","jetpack-related-posts":[],"jetpack_sharing_enabled":true,"_links":{"self":[{"href":"https:\/\/blogs.avui.cat\/jaumepubill\/wp-json\/wp\/v2\/posts\/4260","targetHints":{"allow":["GET"]}}],"collection":[{"href":"https:\/\/blogs.avui.cat\/jaumepubill\/wp-json\/wp\/v2\/posts"}],"about":[{"href":"https:\/\/blogs.avui.cat\/jaumepubill\/wp-json\/wp\/v2\/types\/post"}],"author":[{"embeddable":true,"href":"https:\/\/blogs.avui.cat\/jaumepubill\/wp-json\/wp\/v2\/users\/214"}],"replies":[{"embeddable":true,"href":"https:\/\/blogs.avui.cat\/jaumepubill\/wp-json\/wp\/v2\/comments?post=4260"}],"version-history":[{"count":17,"href":"https:\/\/blogs.avui.cat\/jaumepubill\/wp-json\/wp\/v2\/posts\/4260\/revisions"}],"predecessor-version":[{"id":4278,"href":"https:\/\/blogs.avui.cat\/jaumepubill\/wp-json\/wp\/v2\/posts\/4260\/revisions\/4278"}],"wp:attachment":[{"href":"https:\/\/blogs.avui.cat\/jaumepubill\/wp-json\/wp\/v2\/media?parent=4260"}],"wp:term":[{"taxonomy":"category","embeddable":true,"href":"https:\/\/blogs.avui.cat\/jaumepubill\/wp-json\/wp\/v2\/categories?post=4260"},{"taxonomy":"post_tag","embeddable":true,"href":"https:\/\/blogs.avui.cat\/jaumepubill\/wp-json\/wp\/v2\/tags?post=4260"}],"curies":[{"name":"wp","href":"https:\/\/api.w.org\/{rel}","templated":true}]}}