{"id":4255,"date":"2013-09-03T21:02:04","date_gmt":"2013-09-03T20:02:04","guid":{"rendered":"http:\/\/blogs.avui.cat\/jaumepubill\/?p=4255"},"modified":"2013-09-03T21:02:04","modified_gmt":"2013-09-03T20:02:04","slug":"com-viu-el-president-mes-pobre-del-mon","status":"publish","type":"post","link":"https:\/\/blogs.avui.cat\/jaumepubill\/2013\/09\/03\/com-viu-el-president-mes-pobre-del-mon\/","title":{"rendered":"Com viu el President m\u00e9s pobre del m\u00f3n"},"content":{"rendered":"<span class=\"embed-youtube\" style=\"text-align:center; display: block;\"><iframe loading=\"lazy\" class=\"youtube-player\" width=\"600\" height=\"338\" src=\"https:\/\/www.youtube.com\/embed\/VZUmOnJ5USA?version=3&#038;rel=1&#038;showsearch=0&#038;showinfo=1&#038;iv_load_policy=1&#038;fs=1&#038;hl=ca&#038;autohide=2&#038;wmode=transparent\" allowfullscreen=\"true\" style=\"border:0;\" sandbox=\"allow-scripts allow-same-origin allow-popups allow-presentation allow-popups-to-escape-sandbox\"><\/iframe><\/span>\n<div>\n<p>No s\u00e9 si \u00e9s el President m\u00e9s pobre del m\u00f3n, per\u00f2 \u00e9s possible que ho sigui. Un  70% del que guanya ho d\u00f3na a diverses entitats socials.\u00a0\u00c9s el President d\u2019  Uruguai, un home molt peculiar. El mes de maig va concedir una entrevista a l\u2019  Ag\u00e8ncia EFE ( que ens explica el diari <a href=\"http:\/\/www.laprensa.hn\/csp\/mediapool\/sites\/LaPrensa\/Mundo\/AmericaLatina\/story.csp?cid=355882&amp;sid=283&amp;fid=98\" target=\"_blank\">LA PRENSA<\/a> ) i van gravar aquest petit v\u00eddeo on la seva dona,  la Senadora\u00a0Luc\u00eda Topolansky, ens ensenya casa seva. Aquesta casa \u00e9s la casa on  ja vivia abans de ser President i segueix vivint-hi ara. Per\u00f2 no \u00e9s nom\u00e9s la  casa, sin\u00f3 tota la forma de viure i de veure la vida. \u00c9s q\u00fcesti\u00f3 de mentalitat.  \u00c9s q\u00fcesti\u00f3 de ser coherent amb el que es pensa.<\/p>\n<p>Aquest home ens deixa unes quantes frases interessants en aquesta  entrevista:<\/p>\n<blockquote><p><em>&#8220;Mi manera de vivir es consecuencia del\u00a0proceso<\/em><em> de mi vida. He  peleado hasta donde es posible por la igualdad y la equidad de los hombres&#8221;,  afirma en tono reflexivo este exguerrillero que pas\u00f3 catorce a\u00f1os en prisi\u00f3n, la  mayor\u00eda durante la dictadura (1973-1985), y que el pr\u00f3ximo lunes cumplir\u00e1 78  a\u00f1os. <\/em><\/p>\n<p><em>Para Mujica, del bloque izquierdista Frente Amplio, &#8220;el mundo est\u00e1  prisionero hoy de la cultura de la sociedad de consumo y lo que est\u00e1 consumiendo  es vida humana, en cantidades tremendas&#8221;, pues se ha perdido la capacidad de  disfrutar del tiempo y olvidado la idea de que &#8220;estar vivo es un milagro&#8221;. <\/em><\/p>\n<p><em>&#8220;La gente <strong>no compra con plata (dinero), compra con el tiempo que tuvo  que gastar para tener esa plata<\/strong>. No se puede despilfarrar ese tiempo, hay  que dejarle tiempo a la vida&#8221;, argumenta el mandatario, que preside un pa\u00eds de  3,3 millones de habitantes y que se vende a nivel tur\u00edstico como el para\u00edso de  la naturaleza y la tranquilidad. <\/em><\/p>\n<p><em>Vestido con ropa y zapatillas deportivas de tonos grises y negros, Mujica  recuerda entonces la c\u00e9lebre frase de S\u00e9neca de que <strong>&#8220;pobres son aquellos que  precisan mucho&#8221;<\/strong>, aunque luego aclara que lo suyo no es un alegato a &#8220;la  pobreza y la miseria&#8221;, sino a &#8220;la sobriedad&#8221; en el vivir.<\/em><\/p><\/blockquote>\n<\/div>\n<div><\/div>\n","protected":false},"excerpt":{"rendered":"<p>No s\u00e9 si \u00e9s el President m\u00e9s pobre del m\u00f3n, per\u00f2 \u00e9s possible que ho sigui. Un 70% del que guanya ho d\u00f3na a diverses entitats socials.\u00a0\u00c9s el President d\u2019 Uruguai, un home molt peculiar. El mes de maig va concedir una entrevista a l\u2019 Ag\u00e8ncia EFE ( que ens explica el diari LA PRENSA [&hellip;]<\/p>\n","protected":false},"author":214,"featured_media":0,"comment_status":"open","ping_status":"closed","sticky":false,"template":"","format":"standard","meta":{"_jetpack_memberships_contains_paid_content":false,"footnotes":"","jetpack_publicize_message":"","jetpack_publicize_feature_enabled":true,"jetpack_social_post_already_shared":false,"jetpack_social_options":{"image_generator_settings":{"template":"highway","default_image_id":0,"font":"","enabled":false},"version":2}},"categories":[5281,172,2937],"tags":[],"class_list":["post-4255","post","type-post","status-publish","format-standard","hentry","category-pepe-mujica-uruguai-paisos","category-politica","category-uruguai"],"jetpack_publicize_connections":[],"jetpack_featured_media_url":"","jetpack_shortlink":"https:\/\/wp.me\/pagkjs-16D","jetpack-related-posts":[],"jetpack_sharing_enabled":true,"_links":{"self":[{"href":"https:\/\/blogs.avui.cat\/jaumepubill\/wp-json\/wp\/v2\/posts\/4255","targetHints":{"allow":["GET"]}}],"collection":[{"href":"https:\/\/blogs.avui.cat\/jaumepubill\/wp-json\/wp\/v2\/posts"}],"about":[{"href":"https:\/\/blogs.avui.cat\/jaumepubill\/wp-json\/wp\/v2\/types\/post"}],"author":[{"embeddable":true,"href":"https:\/\/blogs.avui.cat\/jaumepubill\/wp-json\/wp\/v2\/users\/214"}],"replies":[{"embeddable":true,"href":"https:\/\/blogs.avui.cat\/jaumepubill\/wp-json\/wp\/v2\/comments?post=4255"}],"version-history":[{"count":4,"href":"https:\/\/blogs.avui.cat\/jaumepubill\/wp-json\/wp\/v2\/posts\/4255\/revisions"}],"predecessor-version":[{"id":4259,"href":"https:\/\/blogs.avui.cat\/jaumepubill\/wp-json\/wp\/v2\/posts\/4255\/revisions\/4259"}],"wp:attachment":[{"href":"https:\/\/blogs.avui.cat\/jaumepubill\/wp-json\/wp\/v2\/media?parent=4255"}],"wp:term":[{"taxonomy":"category","embeddable":true,"href":"https:\/\/blogs.avui.cat\/jaumepubill\/wp-json\/wp\/v2\/categories?post=4255"},{"taxonomy":"post_tag","embeddable":true,"href":"https:\/\/blogs.avui.cat\/jaumepubill\/wp-json\/wp\/v2\/tags?post=4255"}],"curies":[{"name":"wp","href":"https:\/\/api.w.org\/{rel}","templated":true}]}}