{"id":4167,"date":"2013-06-01T16:18:27","date_gmt":"2013-06-01T15:18:27","guid":{"rendered":"http:\/\/blogs.avui.cat\/jaumepubill\/?p=4167"},"modified":"2013-06-01T16:18:27","modified_gmt":"2013-06-01T15:18:27","slug":"bara-club-atltico-progreso","status":"publish","type":"post","link":"https:\/\/blogs.avui.cat\/jaumepubill\/2013\/06\/01\/bara-club-atltico-progreso\/","title":{"rendered":"Bar&ccedil;a-Club Atl&eacute;tico Progreso"},"content":{"rendered":"<p><img data-recalc-dims=\"1\" loading=\"lazy\" decoding=\"async\" style=\"margin: 0px 18px 0px 0px;float: left\" align=\"left\" src=\"https:\/\/i0.wp.com\/www.intereconomia.com\/sites\/default\/files\/imagecache\/300noticia_gaceta\/57752\/cck_images\/equipacion_barca_senyera.jpg?resize=121%2C161\" width=\"121\" height=\"161\" \/><img loading=\"lazy\" decoding=\"async\" src=\"http:\/\/www.clubatleticoprogreso.com\/wp-content\/themes\/spectrum\/functions\/thumb.php?src=wp-content\/uploads\/2012\/10\/equipo_2012.jpg&amp;w=300&amp;h=185&amp;zc=1&amp;q=90\" width=\"257\" height=\"165\" \/><\/p>\n<p align=\"justify\">Sabeu qu\u00e8 tindran en com\u00fa aquests dos equips de futbol (l\u2019un catal\u00e0 i l\u2019altre uruguai\u00e0) a partir de la temporada vinent?. Doncs -encara que pugui semblar una mica estrany- tindran en com\u00fa els colors de la camiseta i per un motiu prou interessant de con\u00e8ixer per part dels catalans . La segona equipaci\u00f3 del Bar\u00e7a ser\u00e0 exactament igual a la d\u2019aquest relativament modest club \u201cmontevideano\u201d. Mirar\u00e9 d\u2019explicar una mica el per qu\u00e8 d\u2019aquesta coincid\u00e8ncia.<\/p>\n<p align=\"justify\">El Bar\u00e7a de la temporada 2013-2014, en la seva segona equipaci\u00f3 abandonar\u00e0 els colors llampants (i una mica estranys, tot sigui dit) dels darrers anys per lluir la Senyera. Aquesta ser\u00e0 la gran novetat d\u2019enguany: per primera vegada en la hist\u00f2ria del club el Bar\u00e7a lluir\u00e0 les quatre barres de la Senyera. Una samarreta que, a difer\u00e8ncia de la primera, es vestir\u00e0 amb pantal\u00f3 vermell, exactament com vesteix actualment el Club Atl\u00e9tico Progreso, club que va ser fundat l\u2019any 1917 a La Teja, un barri obrer prop del port de la ciutat de Montevideo. Vol dir que ja ha fet 96 anys. D\u00e9u n\u2019hi do!<\/p>\n<p align=\"justify\">El que \u00e9s curi\u00f3s \u2013i per aix\u00f2 volia explicar-ho- \u00e9s que <strong>els colors d\u2019aquest club uruguai\u00e0 van ser inspirats en la Senyera<\/strong> perqu\u00e8 a <strong>La Teja<\/strong> hi vivien molts integrants del sindicat de picapedrers. Aquest sindicat era format majorit\u00e0riament per integrants del corrent anarquista i per aix\u00f2 aquest equip, al seu origen, vestia de color negre, color representatiu de l\u2019anarquisme. Fins que a l\u2019any 1927 \u2013i despr\u00e9s d\u2019algun altre canvi de colors- es decideix comen\u00e7ar a jugar amb la samarreta groga i vermella a franges actual, amb el pantal\u00f3 negre o vermell.&#160; La la hist\u00f2ria del club explica que aquests colors provenen de la <strong><em>\u201dbandera de Catalu\u00f1a, regi\u00f3n espa\u00f1ola donde se concentraba gran parte de los anarquistas de la \u00e9poca\u201d. <\/em><\/strong>L\u2019anarquisme catal\u00e0 en aquells dies tenia una influ\u00e8ncia que traspassava fronteres i el seu prestigi arribava a l\u2019 Am\u00e8rica Llatina. Barcelona, capital econ\u00f2mica d&#8217;Espanya, era especialment conflictiva, com s&#8217;havia demostrat en la Setmana Tr\u00e0gica de 1909. La crisi social estava enfrontant un moviment obrer, dividit entre socialistes i anarquistes, que utilitzaven tant m\u00e8todes pac\u00edfics (vagues) com violents (l&#8217;acci\u00f3 directa dels atemptats de vegades indiscriminats, com el del Liceu de Barcelona el 1893) i una patronal que utilitzava tot tipus de t\u00e0ctiques (des dels esquirols al pistolerisme). El moviment obrer en altres parts d&#8217;Espanya estava menys desenvolupat, per\u00f2 va veure l&#8217;oportunitat d&#8217;aprofitar la debilitat de l&#8217;enfrontament entre burgesia industrial i govern: la UGT (sindicat socialista, m\u00e9s implantat a Madrid i Pa\u00eds Basc) va convocar una vaga general revolucion\u00e0ria (agost de 1917), que va rebre el suport de la CNT (sindicat anarquista, majoritari a Catalunya). Els dos sindicats s\u2019anaven aproximant cap a una unitat, almenys en les accions, des de la vaga de desembre de 1916 i l&#8217;anomenat Pacte de Saragossa. L&#8217;acord per a una vaga general va ser signat a Madrid a finals de mar\u00e7 de 1917 pels ugetistes Juli\u00e1n Besteiro i Francisco Largo Caballero, i els cenetistes Salvador Segu\u00ed i \u00c1ngel Pesta\u00f1a, i inclo\u00efa un extens manifest firmat per tots ells.<\/p>\n<p align=\"justify\">Tot aix\u00f2 arriba a Am\u00e8rica. Explica l\u2019historiador i intel\u00b7lectual argent\u00ed-xil\u00e8 <b>Luis Vitale<\/b> en la seva obra \u201cCONTRIBUCION A UNAHISTORIA DEL ANARQUISMO EN AMERICA LATINA\u201d (Ed. Instituto de Investigaci\u00f3n de Movimientos Sociales\u201cPedro Vuskovic\u201d- Santiago 1998) que a <strong>l\u2019Uruguai<\/strong>, els anarquistes van ser, des de fins del segle XIX, la principal corrent del moviment obrer. A trav\u00e9s d&#8217;organismes sindicals i dels seus diaris, \u201cEL AMIGO DEL PUEBLO\u201d \u00b4\u201dTRIBUNA LIBERTARIA\u201d , van aconseguir aprofundir la consci\u00e8ncia de classe, ajudats especialment pel flux migratori de treballadors europeus. Al 1905, van orientar la vaga general dels portuaris, al 1918 la vaga dels frigor\u00edfics i al 1919 la dels mar\u00edtims, creant la FORU (Federaci\u00f3n Obrera Regional Uruguaiana), que el 1919 comptava amb 5.000 afiliats. No obstant aix\u00f2, la influ\u00e8ncia anarquista va ser neutralitzada en part pels socialistes i, especialment, per l&#8217;ascens del populisme batllista, que va ser un dels primers a implantar reformes socials al continent sud americ\u00e0.<\/p>\n<p align=\"justify\">Una curiositat interessant, no trobeu?<\/p>\n<h5 align=\"justify\"><\/h5>\n","protected":false},"excerpt":{"rendered":"<p>Sabeu qu\u00e8 tindran en com\u00fa aquests dos equips de futbol (l\u2019un catal\u00e0 i l\u2019altre uruguai\u00e0) a partir de la temporada vinent?. Doncs -encara que pugui semblar una mica estrany- tindran en com\u00fa els colors de la camiseta i per un motiu prou interessant de con\u00e8ixer per part dels catalans . La segona equipaci\u00f3 del Bar\u00e7a [&hellip;]<\/p>\n","protected":false},"author":214,"featured_media":0,"comment_status":"open","ping_status":"closed","sticky":false,"template":"","format":"standard","meta":{"_jetpack_memberships_contains_paid_content":false,"footnotes":"","jetpack_publicize_message":"","jetpack_publicize_feature_enabled":true,"jetpack_social_post_already_shared":false,"jetpack_social_options":{"image_generator_settings":{"template":"highway","default_image_id":0,"font":"","enabled":false},"version":2}},"categories":[656,657,812,160],"tags":[29775,9675,31860,31827],"class_list":["post-4167","post","type-post","status-publish","format-standard","hentry","category-barca","category-futbol","category-sindicats","category-societat","tag-club-atletico-progreso","tag-futbol-barca","tag-sindicats","tag-societat"],"jetpack_publicize_connections":[],"jetpack_featured_media_url":"","jetpack_shortlink":"https:\/\/wp.me\/pagkjs-15d","jetpack-related-posts":[],"jetpack_sharing_enabled":true,"_links":{"self":[{"href":"https:\/\/blogs.avui.cat\/jaumepubill\/wp-json\/wp\/v2\/posts\/4167","targetHints":{"allow":["GET"]}}],"collection":[{"href":"https:\/\/blogs.avui.cat\/jaumepubill\/wp-json\/wp\/v2\/posts"}],"about":[{"href":"https:\/\/blogs.avui.cat\/jaumepubill\/wp-json\/wp\/v2\/types\/post"}],"author":[{"embeddable":true,"href":"https:\/\/blogs.avui.cat\/jaumepubill\/wp-json\/wp\/v2\/users\/214"}],"replies":[{"embeddable":true,"href":"https:\/\/blogs.avui.cat\/jaumepubill\/wp-json\/wp\/v2\/comments?post=4167"}],"version-history":[{"count":0,"href":"https:\/\/blogs.avui.cat\/jaumepubill\/wp-json\/wp\/v2\/posts\/4167\/revisions"}],"wp:attachment":[{"href":"https:\/\/blogs.avui.cat\/jaumepubill\/wp-json\/wp\/v2\/media?parent=4167"}],"wp:term":[{"taxonomy":"category","embeddable":true,"href":"https:\/\/blogs.avui.cat\/jaumepubill\/wp-json\/wp\/v2\/categories?post=4167"},{"taxonomy":"post_tag","embeddable":true,"href":"https:\/\/blogs.avui.cat\/jaumepubill\/wp-json\/wp\/v2\/tags?post=4167"}],"curies":[{"name":"wp","href":"https:\/\/api.w.org\/{rel}","templated":true}]}}