{"id":4110,"date":"2013-04-12T18:12:55","date_gmt":"2013-04-12T17:12:55","guid":{"rendered":"http:\/\/blogs.avui.cat\/jaumepubill\/?p=4110"},"modified":"2013-04-12T18:12:55","modified_gmt":"2013-04-12T17:12:55","slug":"mals-vens","status":"publish","type":"post","link":"https:\/\/blogs.avui.cat\/jaumepubill\/2013\/04\/12\/mals-vens\/","title":{"rendered":"Mals ve&iuml;ns"},"content":{"rendered":"<p align=\"justify\"><img data-recalc-dims=\"1\" loading=\"lazy\" decoding=\"async\" style=\"margin: 0px 11px 0px 0px;float: left\" alt=\"So\u00f1ar con vecinos\" align=\"left\" src=\"https:\/\/i0.wp.com\/www.xn--significadodelossueos-ubc.net\/wp-content\/uploads\/2013\/01\/So%C3%B1ar-con-vecinos-300x169.jpg?resize=317%2C182\" width=\"317\" height=\"182\" \/>Qui no ha tingut l\u2019experi\u00e8ncia d\u2019un mal ve\u00ed? \u00c9s de les pitjors coses que et poden passar a la vida -sobretot si vius en un bloc d\u2019habitatges- perqu\u00e8 aquests mals ve\u00efns poden arribar a amargar-te la vida. <\/p>\n<p align=\"justify\">N\u2019hi ha de tota mena: aquell que fa soroll a qualsevol hora; aquell que no paga les despeses comunit\u00e0ries; aquell que ho embruta tot; aquell que va sempre a la seva i no s\u2019adona que al seu voltant hi t\u00e9 altra gent; aquell que a les reunions d\u2019escala porta sempre la contr\u00e0ria i no \u00e9s capa\u00e7 mai de posar-se d\u2019acord amb res ni amb ning\u00fa; aquell que t\u00e9 complex de superioritat i ni saluda; aquell que sempre amena\u00e7a\u2026 \u00c9s un ventall tan variat i tan infinit que no acabar\u00edem mai. Aquest tipus de ve\u00efns s\u00f3n inevitables i, alguna vegada, no queda m\u00e9s remei que marxar a un altre lloc.<\/p>\n<p align=\"justify\">Aix\u00f2 \u00e9s el que ens passa amb Espanya. Aquests darrers temps les coses s\u2019han posat tan insuportables que ja nom\u00e9s queden ganes de marxar d\u2019una punyetera vegada. Perqu\u00e8 tot el que fem els molesta, els sembla malament i de seguida ho porten tot als jutges, sabent que els tenen a favor seu i, si cal pressionar-los una mica, es pressionen i ja est\u00e0. <\/p>\n<p align=\"justify\">Ja sab\u00edem que ens esperava aix\u00f2 des del moment que vam parlar d\u2019independ\u00e8ncia o, simplement, del dret a decidir. Sab\u00edem que s\u2019hi posarien de cul i que poca col\u00b7laboraci\u00f3 trobar\u00edem perqu\u00e8 aix\u00f2 de la democr\u00e0cia no saben massa de qu\u00e8 va. Fa massa anys que fan servir el dret de conquesta i es comporten com a metr\u00f2poli davant d\u2019una col\u00f2nia. Som una col\u00f2nia que cal conservar com sigui perqu\u00e8 d\u00f3na molts bons rendiments. I a nosaltres ja nom\u00e9s ens queda l\u2019esperan\u00e7a de poder marxar cam m\u00e9s aviat millor i deixar aquest mal ve\u00ed que es Espanya. Que faci la seva, que nosaltres farem la nostra. \u00c9s cansat i fastiguejant que cada dia, quan et lleves, et trobis amb un nou insult a la intel\u00b7lig\u00e8ncia i a la teva dignitat com a poble i com a persona. El darrer exemple \u00e9s la pretensi\u00f3 de que tota una classe canvi\u00ef de llengua (per suposat, sempre cap a la castellana) nom\u00e9s que un alumne ho demani. <\/p>\n<p align=\"justify\">Aix\u00f2 n\u2019\u00e9s un exemple m\u00e9s dels molts que podr\u00edem posar. Per\u00f2 la gota malaia d\u2019aquest mal ve\u00ed seguir\u00e0 i seguir\u00e0 amb la pretensi\u00f3 de que ens cansem. Ser\u00e0 una tortura psicol\u00f2gica cont\u00ednua, ben planificada i fent servir totes les males arts possibles; una tortura que haurem d\u2019aguantar com puguem i de ben segur que ens ho faran passar malament. Per\u00f2 ens la caldr\u00e0 aguantar amb la millor bona cara possibles i amb paci\u00e8ncia infinita perqu\u00e8 tenim a tocar poder marxar d\u2019una vegada i triar el nostre propi dest\u00ed. O ara o mai!. Ara m\u00e9s que mai!<\/p>\n","protected":false},"excerpt":{"rendered":"<p>Qui no ha tingut l\u2019experi\u00e8ncia d\u2019un mal ve\u00ed? \u00c9s de les pitjors coses que et poden passar a la vida -sobretot si vius en un bloc d\u2019habitatges- perqu\u00e8 aquests mals ve\u00efns poden arribar a amargar-te la vida. N\u2019hi ha de tota mena: aquell que fa soroll a qualsevol hora; aquell que no paga les despeses [&hellip;]<\/p>\n","protected":false},"author":214,"featured_media":0,"comment_status":"open","ping_status":"closed","sticky":false,"template":"","format":"standard","meta":{"_jetpack_memberships_contains_paid_content":false,"footnotes":"","jetpack_publicize_message":"","jetpack_publicize_feature_enabled":true,"jetpack_social_post_already_shared":false,"jetpack_social_options":{"image_generator_settings":{"template":"highway","default_image_id":0,"font":"","enabled":false},"version":2}},"categories":[643,172],"tags":[31850,31828],"class_list":["post-4110","post","type-post","status-publish","format-standard","hentry","category-independencia","category-politica","tag-independencia","tag-politica"],"jetpack_publicize_connections":[],"jetpack_featured_media_url":"","jetpack_shortlink":"https:\/\/wp.me\/pagkjs-14i","jetpack-related-posts":[],"jetpack_sharing_enabled":true,"_links":{"self":[{"href":"https:\/\/blogs.avui.cat\/jaumepubill\/wp-json\/wp\/v2\/posts\/4110","targetHints":{"allow":["GET"]}}],"collection":[{"href":"https:\/\/blogs.avui.cat\/jaumepubill\/wp-json\/wp\/v2\/posts"}],"about":[{"href":"https:\/\/blogs.avui.cat\/jaumepubill\/wp-json\/wp\/v2\/types\/post"}],"author":[{"embeddable":true,"href":"https:\/\/blogs.avui.cat\/jaumepubill\/wp-json\/wp\/v2\/users\/214"}],"replies":[{"embeddable":true,"href":"https:\/\/blogs.avui.cat\/jaumepubill\/wp-json\/wp\/v2\/comments?post=4110"}],"version-history":[{"count":0,"href":"https:\/\/blogs.avui.cat\/jaumepubill\/wp-json\/wp\/v2\/posts\/4110\/revisions"}],"wp:attachment":[{"href":"https:\/\/blogs.avui.cat\/jaumepubill\/wp-json\/wp\/v2\/media?parent=4110"}],"wp:term":[{"taxonomy":"category","embeddable":true,"href":"https:\/\/blogs.avui.cat\/jaumepubill\/wp-json\/wp\/v2\/categories?post=4110"},{"taxonomy":"post_tag","embeddable":true,"href":"https:\/\/blogs.avui.cat\/jaumepubill\/wp-json\/wp\/v2\/tags?post=4110"}],"curies":[{"name":"wp","href":"https:\/\/api.w.org\/{rel}","templated":true}]}}