{"id":4097,"date":"2013-03-25T17:22:10","date_gmt":"2013-03-25T16:22:10","guid":{"rendered":"http:\/\/blogs.avui.cat\/jaumepubill\/?p=4097"},"modified":"2013-03-25T17:22:10","modified_gmt":"2013-03-25T16:22:10","slug":"no-saber-escoltar","status":"publish","type":"post","link":"https:\/\/blogs.avui.cat\/jaumepubill\/2013\/03\/25\/no-saber-escoltar\/","title":{"rendered":"No saber escoltar"},"content":{"rendered":"<p align=\"justify\"><img data-recalc-dims=\"1\" loading=\"lazy\" decoding=\"async\" style=\"margin: 0px 10px 0px 0px;float: left\" align=\"left\" src=\"https:\/\/i0.wp.com\/reducciondeestres.com\/blog\/wp-content\/uploads\/2012\/03\/oreja.jpg?resize=201%2C245\" width=\"201\" height=\"245\" \/>Generalitzant una mica \u2013cosa que no s\u2019ha de fer massa sovint- podr\u00edem dir que no sabem escoltar. La majoria no en sabem (jo tamb\u00e9 m\u2019hi incloc aqu\u00ed). Saber escoltar \u00e9s una de les gran virtuts que haur\u00edem de tenir ben present tots, per\u00f2 especialment les autoritats de tota mena (aqu\u00ed ens haur\u00edem d\u2019adonar que tots tenim parcel\u00b7les d\u2019autoritat m\u00e9s grans o m\u00e9s petites). Com m\u00e9s autoritat i com m\u00e9s poder, m\u00e9s haur\u00edem d\u2019escoltar. <\/p>\n<p align=\"justify\">Quan no s\u2019escolta, el necessari i imprescindible di\u00e0leg que haur\u00edem de tenir en tots els \u00e0mbits de la vida es converteix en un mon\u00f2leg avorrit i avorridor i \u00e9s una font de frustracions, problemes i \u201ctant-men-enfotismes\u201d. No escolten prou els pol\u00edtics, ni els mestres, ni els pares, ni els bisbes, ni els metges, ni els directors d\u2019empresa, ni \u2013segurament- la majoria de nosaltres\u2026 No escoltem el marit, no escoltem la dona, no escoltem els fills, no escoltem els pares, no escoltem els companys de feina, els amics\u2026 En general no sabem \u2013ni potser volem- escoltar, tot i que \u00e9s imprescindible per tal de que les coses vagin b\u00e9. No escoltar prou a\u00eflla, desconnecta de la realitat, fa que es visqui en un altre m\u00f3n, en una realitat virtual que no sempre \u00e9s la real. No escoltem la natura, no escoltem el clam dels pobres, no escoltem els signes dels temps que ens diuen que no anem per bon cam\u00ed.<\/p>\n<p align=\"justify\">Escoltar, dialogar, rebre les queixes, passejar ben a prop dels problemes i de qui els viuen dia a dia, fa tocar de peus a terra, enriqueix i fa que es trobin les solucions als problemes reals. Europa, per exemple, s\u2019est\u00e0 tornant un conglomerat de pa\u00efsos on cadasc\u00fa va pel seu compte i mirant nom\u00e9s els propis interessos. Els banquers, el capital, els manaires, no escolten, no miren i no saben el que passa. No ho sabran mai! Fins que un dia els poble i la gent que toca de peus a terra se\u2019n cansaran i els engegaran a fregir esp\u00e0rrecs. Els pobres, generalment, poden adoptar dues actituds b\u00e0siques: o es conformen, es rendeixen i arriben a la conclusi\u00f3 de que no hi ha res a fer, o b\u00e9 es revolten i surten a arrencar caixers autom\u00e0tics dels bancs que han robat descaradament els seus diners, surten al carrer i cremen cotxes, o be voten Pepes Grillos. Europa est\u00e0 situada en aquesta cru\u00eflla i molts ciutadans d\u2019alguns pa\u00efsos europeus n\u2019estan fins als pebrots de tants lladres, de tants assaltadors de camins, de tants pol\u00edtics corruptes, de tants bisbes poc dialog\u00edstics i de tantes lleis de l\u2019embut. O aix\u00f2 canvia, o en sentirem a parlar!<\/p>\n","protected":false},"excerpt":{"rendered":"<p>Generalitzant una mica \u2013cosa que no s\u2019ha de fer massa sovint- podr\u00edem dir que no sabem escoltar. La majoria no en sabem (jo tamb\u00e9 m\u2019hi incloc aqu\u00ed). Saber escoltar \u00e9s una de les gran virtuts que haur\u00edem de tenir ben present tots, per\u00f2 especialment les autoritats de tota mena (aqu\u00ed ens haur\u00edem d\u2019adonar que tots [&hellip;]<\/p>\n","protected":false},"author":214,"featured_media":0,"comment_status":"open","ping_status":"closed","sticky":false,"template":"","format":"standard","meta":{"_jetpack_memberships_contains_paid_content":false,"footnotes":"","jetpack_publicize_message":"","jetpack_publicize_feature_enabled":true,"jetpack_social_post_already_shared":false,"jetpack_social_options":{"image_generator_settings":{"template":"highway","default_image_id":0,"font":"","enabled":false},"version":2}},"categories":[160],"tags":[31827],"class_list":["post-4097","post","type-post","status-publish","format-standard","hentry","category-societat","tag-societat"],"jetpack_publicize_connections":[],"jetpack_featured_media_url":"","jetpack_shortlink":"https:\/\/wp.me\/pagkjs-145","jetpack-related-posts":[],"jetpack_sharing_enabled":true,"_links":{"self":[{"href":"https:\/\/blogs.avui.cat\/jaumepubill\/wp-json\/wp\/v2\/posts\/4097","targetHints":{"allow":["GET"]}}],"collection":[{"href":"https:\/\/blogs.avui.cat\/jaumepubill\/wp-json\/wp\/v2\/posts"}],"about":[{"href":"https:\/\/blogs.avui.cat\/jaumepubill\/wp-json\/wp\/v2\/types\/post"}],"author":[{"embeddable":true,"href":"https:\/\/blogs.avui.cat\/jaumepubill\/wp-json\/wp\/v2\/users\/214"}],"replies":[{"embeddable":true,"href":"https:\/\/blogs.avui.cat\/jaumepubill\/wp-json\/wp\/v2\/comments?post=4097"}],"version-history":[{"count":0,"href":"https:\/\/blogs.avui.cat\/jaumepubill\/wp-json\/wp\/v2\/posts\/4097\/revisions"}],"wp:attachment":[{"href":"https:\/\/blogs.avui.cat\/jaumepubill\/wp-json\/wp\/v2\/media?parent=4097"}],"wp:term":[{"taxonomy":"category","embeddable":true,"href":"https:\/\/blogs.avui.cat\/jaumepubill\/wp-json\/wp\/v2\/categories?post=4097"},{"taxonomy":"post_tag","embeddable":true,"href":"https:\/\/blogs.avui.cat\/jaumepubill\/wp-json\/wp\/v2\/tags?post=4097"}],"curies":[{"name":"wp","href":"https:\/\/api.w.org\/{rel}","templated":true}]}}