{"id":4041,"date":"2013-02-11T19:49:40","date_gmt":"2013-02-11T18:49:40","guid":{"rendered":"http:\/\/blogs.avui.cat\/jaumepubill\/?p=4041"},"modified":"2013-02-11T19:49:40","modified_gmt":"2013-02-11T18:49:40","slug":"un-papa-pels-nous-temps","status":"publish","type":"post","link":"https:\/\/blogs.avui.cat\/jaumepubill\/2013\/02\/11\/un-papa-pels-nous-temps\/","title":{"rendered":"UN PAPA PELS NOUS TEMPS"},"content":{"rendered":"<p align=\"justify\"><em><img data-recalc-dims=\"1\" loading=\"lazy\" decoding=\"async\" style=\"margin: 0px 12px 0px 0px;float: left\" align=\"left\" src=\"https:\/\/i0.wp.com\/1.bp.blogspot.com\/-58tzJO2jgIE\/TkJrVUlweQI\/AAAAAAAAAH0\/OAAwbTx2ctA\/s1600\/esperanza-191865.jpeg?resize=247%2C186\" width=\"247\" height=\"186\" \/>El 25 d\u2019 Agost del 2011 publicava en aquest mateix blog un post titulat \u201c<\/em><a href=\"http:\/\/blogs.avui.cat\/jaumepubill\/?p=2929\" target=\"_blank\"><em>L\u00edder espiritual?<\/em><\/a><em>\u201d (extret del moviment \u201c<a href=\"http:\/\/www.somesglesia-cat.org\/index.html\" target=\"_blank\">SOM ESGL\u00c9SIA<\/a>\u201d) que vaig considerar molt interessant.&#160; Avui el torno a recuperar \u00edntegrament ja que torna a ser d\u2019actualitat arran de la dimissi\u00f3 del Papa. <\/em><\/p>\n<p align=\"justify\"><em>Aquest \u00e9s el document:<\/em><\/p>\n<p align=\"justify\"><b>Un Papa pels nous temps: <\/b><b>Bisbe de Roma i Pastor Universal<\/b><\/p>\n<p align=\"justify\"><b><\/b><\/p>\n<p align=\"justify\"><b><i>Introducci\u00f3:<\/i><\/b><\/p>\n<p align=\"justify\"><b><i>L&#8217;hora favorable<\/i><\/b><b><\/b><\/p>\n<p align=\"justify\"><b><\/b><\/p>\n<p align=\"justify\">&quot;Ara \u00e9s l&#8217;hora favorable&quot; (2Cor. 6) perqu\u00e8 els cat\u00f2lics i les cat\u00f2liques de tot el m\u00f3n reflexionin sobre el tipus de lideratge, i el que encara \u00e9s m\u00e9s, sobre el model d&#8217;esgl\u00e9sia que necessitem en el mil\u00b7lenni vinent. El Concili Vatic\u00e0 II (1962-65) ens va invitar a tots i a totes a llegir els signes dels temps a la llum de l&#8217;Evangeli. Va exhortar la nostra comunitat de fe a la renovaci\u00f3 cont\u00ednua. Hem intentat ser fidels a aquesta crida i examinar la vida de la nostra esgl\u00e9sia i la necessitat que sentim d&#8217;un Bisbe de Roma que s\u00e0piga liderar la nostra comunitat de fe en un &quot;\u00e0gape universal&quot; o assemblea de caritat.<\/p>\n<p align=\"justify\">El mil\u00b7lenni que s&#8217;acaba ha sigut una \u00e8poca de divisi\u00f3 entre els cristians. Ens anima l&#8217;esperan\u00e7a que el tercer mil\u00b7lenni sigui una \u00e8poca de reconciliaci\u00f3 i d&#8217;unitat.<\/p>\n<p align=\"justify\">En aquest esperit, el Papa Joan Pau II va invitar tots els cristians a meditar sobre el futur del papat &quot;que puguem cercar, evidentment units, les formes en les quals aquest ministeri [de Pere] pugui realitzar un servei d&#8217;amor reconegut pels uns i pels altres i altres&#8230; de trobar una forma d&#8217;exercici del primat que, sense renunciar de cap manera a all\u00f2 que \u00e9s essencial de la seva missi\u00f3, s&#8217;obri a una situaci\u00f3 nova.&quot; (Ut unum sint, n\u00ba 95).<\/p>\n<p align=\"justify\">Al mateix temps s&#8217;alcen veus dins el Consell Mundial de les Esgl\u00e9sies per invitar totes les esgl\u00e9sies cristianes a comprometre&#8217;s a iniciar l&#8217;any 2000 la preparaci\u00f3 d&#8217;un Concili Cristi\u00e0 Universal.<\/p>\n<p align=\"justify\">Volem ajuntar les nostres veus a les d&#8217;aquestes crides i declarem la nostra disponibilitat per a renovar la nostra comunitat de fe a la llum dels signes del nostre temps i per a dialogar i cooperar amb altres esgl\u00e9sies sobre la base de la igualtat.<\/p>\n<p align=\"justify\">Per aconseguir aquests somnis oferim les nostres reflexions sobre les qualitats que es necessiten a la nostra \u00e8poca pel pr\u00f2xim Bisbe de Roma. Compartim els nostres pensaments amb l&#8217;esperit de la dona de l&#8217;Evangeli que va barrejar un xic de llevat amb farina a fi que el seu pa creix\u00e9s i nodr\u00eds una comunitat. Heus aqu\u00ed el nostre &quot;llevat&quot;.<\/p>\n<p align=\"justify\"><b><i>Un model d&#8217;Esgl\u00e9sia per al nostre temps:<\/i><\/b><\/p>\n<p align=\"justify\"><b><i>Sempre vella, sempre nova<\/i><\/b><b><\/b><\/p>\n<p align=\"justify\"><b><\/b><\/p>\n<p align=\"justify\">Per a construir una esgl\u00e9sia vibrant en el mil\u00b7lenni que ve, necessitem tornar a escoltar Jes\u00fas i els seus primers deixebles que predicaven la igualtat de totes les persones (Mat. 23, 11-12; Lc. 22, 24-26; G\u00e0l. 3, 28). Ens cal construir estructures en la nostra esgl\u00e9sia que siguin el reflex de la igualtat, perqu\u00e8 puguem viure, pregar i servir-nos m\u00fatuament en un &quot;discipulat d&#8217;iguals.&quot; Nom\u00e9s aleshores seguirem l&#8217;exemple de Jes\u00fas que envia l&#8217;Esperit, no per a un petit grup sin\u00f3 per a tota la comunitat de fe. Nom\u00e9s aleshores viurem els ensenyaments del Vatic\u00e0 II que ens reconeix a tots i a totes com Poble de D\u00e9u, corresponsables en la presa de decisions de la vida de la nostra Esgl\u00e9sia.<\/p>\n<p align=\"justify\">Cal retornar a una esgl\u00e9sia que valori el di\u00e0leg i la just\u00edcia en el si de la seva pr\u00f2pia vida com tamb\u00e9 en el seu apropament al m\u00f3n. Ens cal restablir una esgl\u00e9sia que respecti i celebri la nostra diversitat planet\u00e0ria, una esgl\u00e9sia on regni la llibertat de viure la nostra fe de diverses maneres en cultures diferents. Ens cal ressuscitar una esgl\u00e9sia que reconegui la import\u00e0ncia de les esgl\u00e9sies locals on es proclami la Paraula d&#8217;una manera que pugui \u00e9sser compresa per les diferents cultures. La construcci\u00f3 d&#8217;aquesta esgl\u00e9sia rescatada \u00e9s tasca de tot el Poble de D\u00e9u, no nom\u00e9s del Bisbe de Roma, dels altres bisbes i del clero.<\/p>\n<p align=\"justify\">Comencem demanant que es re instauri la pr\u00e0ctica de l&#8217;esgl\u00e9sia primitiva i que es desenvolupin estructures que permetin participar de forma eminent el Poble de D\u00e9u, en l&#8217;elecci\u00f3 d&#8217;aquells que hagin de dirigir l&#8217;esgl\u00e9sia. Tamb\u00e9 inclouria l&#8217;elecci\u00f3 del Papa, el Bisbe de Roma. Aquesta renovaci\u00f3 d&#8217;una antiga tradici\u00f3 seria el reconeixement de l&#8217;acci\u00f3 de l&#8217;Esperit en comuni\u00f3 amb els fidels.<\/p>\n<p align=\"justify\"><b><i>El pr\u00f2xim Bisbe de Roma<\/i><\/b><i><\/i><\/p>\n<p align=\"justify\">Seria una ajuda important en la renovaci\u00f3 de la nostra esgl\u00e9sia que hi hagu\u00e9s un l\u00edder capa\u00e7 de llegir els &quot;signes dels temps&quot; d&#8217;acord amb el poble, un Bisbe de Roma col\u00b7laborador, capa\u00e7 tant d&#8217;escoltar com de proclamar, de dialogar com d&#8217;ensenyar. Necessitem un l\u00edder que aculli de deb\u00f2 i consulti el <i>sensus fidelium <\/i>(sentit dels fidels).<\/p>\n<p align=\"justify\">Necessitem sobretot un l\u00edder que reconegui el despertar de la consci\u00e8ncia de les dones com un rellevant &quot;signe dels nostres temps.&quot; Les dones que representen m\u00e9s de la meitat de la nostra esgl\u00e9sia han adquirit consci\u00e8ncia de la seva dignitat i igualtat amb els barons. Estant demanant a la comunitat de fe que respecti i posi en pr\u00e0ctica aquesta igualtat en el si de la seva pr\u00f2pia vida.<\/p>\n<p align=\"justify\">Necessitem un Bisbe de Roma que respecti les nostres difer\u00e8ncies i que ens esperoni a viure l&#8217;Evangeli.<\/p>\n<p align=\"justify\">Necessitem un Papa que distingeixi entre el seu ministeri pastoral com Bisbe de Roma i el ministeri de Pere en el qual es troba en di\u00e0leg amb l&#8217;esgl\u00e9sia universal. Com bisbe de Roma, serveix als fidels de Roma com qualsevol altre bisbe est\u00e0 al servei de la seva di\u00f2cesi. S&#8217;hauria de jubilar a l&#8217;edat establerta per a tots els bisbes. Com a president de l&#8217;\u00ab\u00e0gape\u00bb mundial, actuaria com un germ\u00e0 bisbe que convida els bisbes de tot el m\u00f3n a compartir el lideratge amb ell i amb altres membres del Poble de D\u00e9u cridats a aquesta tasca pels fidels. Amb aquest esperit, reformaria la C\u00faria (el gabinet papal) perqu\u00e8, enlloc de dominar, serveixi als altres bisbes i a l&#8217;Esgl\u00e9sia universal.<\/p>\n<p align=\"justify\">Necessitem un Bisbe de Roma i un Pastor Universal que sigui, primordialment:<\/p>\n<p align=\"justify\">\u00b7 Un l\u00edder amb visi\u00f3 de futur que promogui un profund discerniment sobre els ministeris per tot el Poble de D\u00e9u i els cridi per estudiar la possibilitat d&#8217;acollir totes aquelles persones que tinguin la necess\u00e0ria qualificaci\u00f3 per seguir la crida a un ministeri, sense fer distincions ni per ra\u00f3 de g\u00e8nere, ni pel seu estat matrimonial, ni per la seva orientaci\u00f3 sexual;<\/p>\n<p align=\"justify\">\u00b7 Una persona respectuosa de la consci\u00e8ncia dels cat\u00f2lics i les cat\u00f2liques que impulsi un aut\u00e8ntic di\u00e0leg p\u00fablic sobre les teologies, l&#8217;ensenyament moral i els comportaments dins de l&#8217;esgl\u00e9sia a fi que la nostra comunitat de fe pugui compartir experi\u00e8ncies, comen\u00e7ar a guarir-se de la seva alienaci\u00f3 i ressuscitar un sentit d&#8217;unitat i d&#8217;entusiasme per la fe;<\/p>\n<p align=\"justify\">\u00b7 Un pastor que encoratgi la llibertat acad\u00e8mica pels te\u00f2legs i te\u00f2logues i altres estudiosos amb la finalitat de promoure una sana diversitat d&#8217;opinions en l&#8217;esgl\u00e9sia;<\/p>\n<p align=\"justify\">\u00b7 Un reconciliador que aculli tan els &quot;liberals&quot; com els &quot;conservadors&quot; per a compartir la mateixa esgl\u00e9sia;<\/p>\n<p align=\"justify\">\u00b7 Un l\u00edder que reconegui el pluralisme cultural de l&#8217;Esgl\u00e9sia i celebri la diversitat que floreix en diferents llocs del nostre m\u00f3n;<\/p>\n<p align=\"justify\">\u00b7 Un col\u00b7laborador amb sensibilitat hist\u00f2rica, disposat a restaurar la tradici\u00f3 de la plena participaci\u00f3 del poble en l&#8217;esgl\u00e9sia, que convidi a tots els cat\u00f2lics i cat\u00f2liques a compartir el govern i la presa de decisions, incloent-hi l&#8217;elecci\u00f3 dels l\u00edders eclesials;<\/p>\n<p align=\"justify\">\u00b7 Un pioner que convidi a prendre iniciatives i a experimentar i que demana als cat\u00f2lics i cat\u00f2liques que desenvolupin un sentit adult de responsabilitat envers la seva comunitat de fe;<\/p>\n<p align=\"justify\">\u00b7 Un ecumenista que es comprometi en un di\u00e0leg seri\u00f3s amb els cristians de les tradicions de la Reforma i de l&#8217;Ortod\u00f2xia, en un esfor\u00e7 per aconseguir el somni de la unitat de la Cristiandat;<\/p>\n<p align=\"justify\">\u00b7 Un germ\u00e0 del poble jueu que treballi pel desmantellament de qualsevol vestigi d&#8217;antisemitisme i construeixi lla\u00e7os forts de parentiu espiritual, reconeixent la nostra her\u00e8ncia comuna que prov\u00e9 d&#8217;Abraham i de Sara;<\/p>\n<p align=\"justify\">\u00b7 Un estudi\u00f3s de les altres tradicions religioses, fora del Cristianisme i del Judaisme, que aprovi el di\u00e0leg interreligi\u00f3s i procuri aprendre de la rica diversitat de comprensions d&#8217;aquestes tradicions;<\/p>\n<p align=\"justify\">\u00b7 Una persona els bra\u00e7os de la qual s&#8217;obrin amorosament per abra\u00e7ar el m\u00f3n i que la seva pol\u00edtica sigui expressi\u00f3 d&#8217;una solidaritat especial amb els pobres i els oprimits;<\/p>\n<p align=\"justify\">\u00b7 Un profeta que promogui incansablement la just\u00edcia, la igualtat, la pau i la no-viol\u00e8ncia en el nostre m\u00f3n i en la nostra esgl\u00e9sia;<\/p>\n<p align=\"justify\">\u00b7 Un amant de la terra que reconegui i promogui la integritat de la creaci\u00f3;<\/p>\n<p align=\"justify\">\u00b7 Una \u00e0nima generosa amb sentit de l&#8217;humor i<\/p>\n<p align=\"justify\">\u00b7 Un Germ\u00e0 Bisbe que eviti joiosament els paranys dels poderosos d&#8217;aquest m\u00f3n (Lc. 22, 25-26) i que camini amb nosaltres a fi que tots plegats recreem la nostra comunitat de fe a fi que l&#8217;Esperit de Jes\u00fas sigui viu en el tercer mil\u00b7lenni.<\/p>\n<p align=\"justify\"><b>El que necessitem pel nou mil\u00b7lenni<\/b><\/p>\n<p align=\"justify\"><b>\u00e9s un Bisbe de Roma que sigui un Pastor Universal<\/b><\/p>\n","protected":false},"excerpt":{"rendered":"<p>El 25 d\u2019 Agost del 2011 publicava en aquest mateix blog un post titulat \u201cL\u00edder espiritual?\u201d (extret del moviment \u201cSOM ESGL\u00c9SIA\u201d) que vaig considerar molt interessant.&#160; Avui el torno a recuperar \u00edntegrament ja que torna a ser d\u2019actualitat arran de la dimissi\u00f3 del Papa. Aquest \u00e9s el document: Un Papa pels nous temps: Bisbe de [&hellip;]<\/p>\n","protected":false},"author":214,"featured_media":0,"comment_status":"open","ping_status":"closed","sticky":false,"template":"","format":"standard","meta":{"_jetpack_memberships_contains_paid_content":false,"footnotes":"","jetpack_publicize_message":"","jetpack_publicize_feature_enabled":true,"jetpack_social_post_already_shared":false,"jetpack_social_options":{"image_generator_settings":{"template":"highway","default_image_id":0,"font":"","enabled":false},"version":2}},"categories":[77],"tags":[27717,31820,17360],"class_list":["post-4041","post","type-post","status-publish","format-standard","hentry","category-esglesia","tag-dimissio","tag-esglesia","tag-papa"],"jetpack_publicize_connections":[],"jetpack_featured_media_url":"","jetpack_shortlink":"https:\/\/wp.me\/pagkjs-13b","jetpack-related-posts":[],"jetpack_sharing_enabled":true,"_links":{"self":[{"href":"https:\/\/blogs.avui.cat\/jaumepubill\/wp-json\/wp\/v2\/posts\/4041","targetHints":{"allow":["GET"]}}],"collection":[{"href":"https:\/\/blogs.avui.cat\/jaumepubill\/wp-json\/wp\/v2\/posts"}],"about":[{"href":"https:\/\/blogs.avui.cat\/jaumepubill\/wp-json\/wp\/v2\/types\/post"}],"author":[{"embeddable":true,"href":"https:\/\/blogs.avui.cat\/jaumepubill\/wp-json\/wp\/v2\/users\/214"}],"replies":[{"embeddable":true,"href":"https:\/\/blogs.avui.cat\/jaumepubill\/wp-json\/wp\/v2\/comments?post=4041"}],"version-history":[{"count":0,"href":"https:\/\/blogs.avui.cat\/jaumepubill\/wp-json\/wp\/v2\/posts\/4041\/revisions"}],"wp:attachment":[{"href":"https:\/\/blogs.avui.cat\/jaumepubill\/wp-json\/wp\/v2\/media?parent=4041"}],"wp:term":[{"taxonomy":"category","embeddable":true,"href":"https:\/\/blogs.avui.cat\/jaumepubill\/wp-json\/wp\/v2\/categories?post=4041"},{"taxonomy":"post_tag","embeddable":true,"href":"https:\/\/blogs.avui.cat\/jaumepubill\/wp-json\/wp\/v2\/tags?post=4041"}],"curies":[{"name":"wp","href":"https:\/\/api.w.org\/{rel}","templated":true}]}}