{"id":4015,"date":"2013-01-06T00:16:40","date_gmt":"2013-01-05T23:16:40","guid":{"rendered":"http:\/\/blogs.avui.cat\/jaumepubill\/?p=4015"},"modified":"2013-01-06T00:16:40","modified_gmt":"2013-01-05T23:16:40","slug":"por-qu-no-te-callas","status":"publish","type":"post","link":"https:\/\/blogs.avui.cat\/jaumepubill\/2013\/01\/06\/por-qu-no-te-callas\/","title":{"rendered":"&ldquo;Por qu&eacute; no te callas?&rdquo;"},"content":{"rendered":"<p align=\"justify\"><img data-recalc-dims=\"1\" loading=\"lazy\" decoding=\"async\" style=\"margin: 0px 11px 0px 0px;float: left\" align=\"left\" src=\"https:\/\/i0.wp.com\/images.lainformacion.com\/cms\/la-entrevista-de-hermida-al-rey-fue-lider-de-audiencia-al-reunir-a-2-7-millones-de-espectadores\/2013_1_5_uuJd9SD4FA5ihqYZr5Uh25.jpg?resize=283%2C189\" width=\"283\" height=\"189\" \/>No vaig perdre ni un segon per veure l\u2019entrevista (per dir-ho d\u2019alguna manera) que l\u2019 Hermida va fer al Rei per\u00f2 avui n\u2019he llegit les cr\u00f2niques. Ja m\u2019imaginava que seria una cosa semblant als discursos de Nadal i, per tant, no calia perdre-hi temps.&#160; La conclusi\u00f3 que n\u2019he tret del que he llegit \u00e9s que va ser una aut\u00e8ntica vergonya per part de tots: de TVE, que va preparar el show; de l\u2019 Hermida, que es va prestar a la farsa; de part del Rei, que no va dir el que qualsevol monarca dem\u00f2crata hauria dit i va callar el que l\u2019hauria d\u2019avergonyir de veritat. <\/p>\n<p align=\"justify\">Per qu\u00e8 no li van preguntar el que la gent vol saber i en una democr\u00e0cia t\u00e9 el dret de saber? Per qu\u00e8 parla del proc\u00e9s que Catalunya vol endegar i no parla de tots els episodis desgraciats i vergonyosos dels que en aquests darrers temps ha estat protagonista? De temes en tenia un feix: el gendre Urdangar\u00edn; el safari a Botswana amb Corina, una de les seves amants; els molts negocis bruts que tothom sap que fa i amb els que s\u2019ha enriquit, el moment tan baix que viu la monarquia\u2026<\/p>\n<p align=\"justify\">Jo crec que la majoria dels que han vist o llegit aquesta obra tr\u00e0gico-c\u00f2mica estar\u00edem d\u2019acord en una cosa: \u201cPor qu\u00e9 no se calla, vuestra majestad?\u201d <\/p>\n","protected":false},"excerpt":{"rendered":"<p>No vaig perdre ni un segon per veure l\u2019entrevista (per dir-ho d\u2019alguna manera) que l\u2019 Hermida va fer al Rei per\u00f2 avui n\u2019he llegit les cr\u00f2niques. Ja m\u2019imaginava que seria una cosa semblant als discursos de Nadal i, per tant, no calia perdre-hi temps.&#160; La conclusi\u00f3 que n\u2019he tret del que he llegit \u00e9s que [&hellip;]<\/p>\n","protected":false},"author":214,"featured_media":0,"comment_status":"open","ping_status":"closed","sticky":false,"template":"","format":"standard","meta":{"_jetpack_memberships_contains_paid_content":false,"footnotes":"","jetpack_publicize_message":"","jetpack_publicize_feature_enabled":true,"jetpack_social_post_already_shared":false,"jetpack_social_options":{"image_generator_settings":{"template":"highway","default_image_id":0,"font":"","enabled":false},"version":2}},"categories":[4089],"tags":[31922],"class_list":["post-4015","post","type-post","status-publish","format-standard","hentry","category-monarquia","tag-monarquia"],"jetpack_publicize_connections":[],"jetpack_featured_media_url":"","jetpack_shortlink":"https:\/\/wp.me\/pagkjs-12L","jetpack-related-posts":[],"jetpack_sharing_enabled":true,"_links":{"self":[{"href":"https:\/\/blogs.avui.cat\/jaumepubill\/wp-json\/wp\/v2\/posts\/4015","targetHints":{"allow":["GET"]}}],"collection":[{"href":"https:\/\/blogs.avui.cat\/jaumepubill\/wp-json\/wp\/v2\/posts"}],"about":[{"href":"https:\/\/blogs.avui.cat\/jaumepubill\/wp-json\/wp\/v2\/types\/post"}],"author":[{"embeddable":true,"href":"https:\/\/blogs.avui.cat\/jaumepubill\/wp-json\/wp\/v2\/users\/214"}],"replies":[{"embeddable":true,"href":"https:\/\/blogs.avui.cat\/jaumepubill\/wp-json\/wp\/v2\/comments?post=4015"}],"version-history":[{"count":0,"href":"https:\/\/blogs.avui.cat\/jaumepubill\/wp-json\/wp\/v2\/posts\/4015\/revisions"}],"wp:attachment":[{"href":"https:\/\/blogs.avui.cat\/jaumepubill\/wp-json\/wp\/v2\/media?parent=4015"}],"wp:term":[{"taxonomy":"category","embeddable":true,"href":"https:\/\/blogs.avui.cat\/jaumepubill\/wp-json\/wp\/v2\/categories?post=4015"},{"taxonomy":"post_tag","embeddable":true,"href":"https:\/\/blogs.avui.cat\/jaumepubill\/wp-json\/wp\/v2\/tags?post=4015"}],"curies":[{"name":"wp","href":"https:\/\/api.w.org\/{rel}","templated":true}]}}