{"id":3998,"date":"2012-12-14T22:07:13","date_gmt":"2012-12-14T21:07:13","guid":{"rendered":"http:\/\/blogs.avui.cat\/jaumepubill\/?p=3998"},"modified":"2012-12-14T22:07:13","modified_gmt":"2012-12-14T21:07:13","slug":"wert-vol-inventar-la-sopa-dall","status":"publish","type":"post","link":"https:\/\/blogs.avui.cat\/jaumepubill\/2012\/12\/14\/wert-vol-inventar-la-sopa-dall\/","title":{"rendered":"Wert vol inventar la sopa d&rsquo;all"},"content":{"rendered":"<p align=\"justify\"><img loading=\"lazy\" decoding=\"async\" style=\"margin: 0px 10px 0px 0px;float: left\" align=\"left\" src=\"http:\/\/pbs.twimg.com\/media\/A48DGIzCAAIL5Vw.jpg:large\" width=\"311\" height=\"257\" \/>Parlar d\u2019educaci\u00f3 no \u00e9s f\u00e0cil i tampoc em sento gens capacitat per fer-ho. Per\u00f2, des del sentit com\u00fa, s\u00ed que em sento amb dret de dir-hi la meva sobre aquesta llei que vol fer aquest cap WERT que \u00e9s Ministro de Cultura, Educaci\u00f3n y Deporte d\u2019aquesta cosa anomenada Espa\u00f1a.<\/p>\n<p align=\"justify\">El ministre Wert es pensa que ha inventat la sopa d\u2019all i no s\u2019adona que la cosa \u00e9s for\u00e7a m\u00e9s complicada del que sembla i que la reforma d\u2019una Llei d\u2019Educaci\u00f3 hauria de ser, com a m\u00ednim, parlada i consensuada perqu\u00e8 afecta a milers de nens i nenes i a milers de mestres i professors que hauran d\u2019aplicar-la. <\/p>\n<p align=\"justify\">La frase \u201cINVENTAR LA SOPA D\u2019ALL\u201d ja se sap que s\u2019aplica en sentit indeterminat -per\u00f2 sempre poc respectu\u00f3s- als fanfarrons i pretensiosos que es creuen posse\u00efts de sufici\u00e8ncia i el ministre Wert \u00e9s una d\u2019aquestes persones plenes de fanfarroneria i estic segur que tamb\u00e9 de molta mala intenci\u00f3. Forma part d\u2019un Govern que feia temps que tenia ganes de reformar una llei que no li agradava gens ni mica i ara que t\u00e9 majoria absoluta ho ha aprofitat sense mirar les conseq\u00fc\u00e8ncies que aix\u00f2 pot portar.<\/p>\n<p align=\"justify\">El ministre Wert assegura que es tracta d&#8217;una reforma pr\u00e0ctica i instrumental que busca millorar la competitivitat dels alumnes espanyols i nega un car\u00e0cter ideol\u00f2gic o re centralitzador de compet\u00e8ncies. El projecte eleva al 75% la capacitat de l&#8217;Estat de regular els continguts educatius, retallant el marge d&#8217;actuaci\u00f3 de les comunitats aut\u00f2nomes i estableix un sistema de fins a quatre ex\u00e0mens obligatoris i comuns per a tots els alumnes entre els 8 i els 17 anys. Wert justifica els canvis per &quot;els mals resultats del sistema educatiu i per la dispersi\u00f3 de continguts a nivell territorial&quot;. Com podeu suposar, tot plegat s\u00f3n excuses de mal pagador que no se les creu ning\u00fa.<\/p>\n<p align=\"justify\">L\u2019educaci\u00f3 \u00e9s un material molt sensible i ple de desafiaments, sobretot en un m\u00f3n que est\u00e0 canviant a mil per hora. Segurament que no tot est\u00e0 inventat, per\u00f2 s\u00ed que hi han molts aspectes que ja han estat ben provats i s\u2019ha vist que no han donat resultats bons. El ministre Wert s\u2019entesta en ensopegar amb la mateixa pedra altre cop i vol encaminar l\u2019educaci\u00f3 espanyola cap a l\u2019utilitarisme capitalista, cap al pensament \u00fanic i no pas cap a l\u2019humanisme i cap a la llibertat. Segons ell, s\u2019ha de preparar estudiants per un mercat on el capital \u00e9s amo i senyor i de cap manera es pot preparar gent que pensi. No cal formar. N\u2019hi ha prou en instruir. No cal fer persones lliures. Cal fer robots que, una vegada programats, no donen cap problema i s\u00f3n peces molt valuoses pel mercat capitalista. Educar implica no nom\u00e9s aprendre&#160; a fer sin\u00f3 que, sobretot, implica aprendre a ser, a conviure, a cuidar, a ser persona lliure com molt b\u00e9 deia el gran educador brasiler Paulo Freire.<\/p>\n<p align=\"justify\">Wert vol fer persones-robot amb un pensament \u00fanic i controlades des d\u2019una sala situada a Madrid. Des d\u2019all\u00e0 es dir\u00e0 el que es pot fer i el que no es pot fer, el que s\u2019ha de dir i el que no. Visca el pensament \u00fanic i mori la intel\u00b7lig\u00e8ncia! Wert \u00e9s un bon deixeble de Millan Astray quan va deixar anar la famosa frase davant d\u2019 Unamuno:\u201c\u00a1Abajo la inteligencia! \u00a1Viva la muerte!\u201d <\/p>\n<p align=\"justify\">Wert no creu que els pobles puguin ser lliures i creatius. No creu que puguin buscar els seus propis camins amb les seves pr\u00f2pies maneres de ser. Wert no creu en la diversitat. Wert \u2013en una paraula- vol fer un salt enrere de 50 anys i tornar a una espanya d\u2019esclaus, que \u00e9s el que era llavors. Si una llei d\u2019 educaci\u00f3 no ajuda a fer la gent m\u00e9s lliure i no respecta les diversitats culturals dels pobles no servir\u00e0 per a res i ja d\u2019inici neix morta. El ministre Wert s\u2019equivoca i s\u2019entesta en l\u2019equivocaci\u00f3. Per\u00f2 no se\u2019n sortir\u00e0!<\/p>\n","protected":false},"excerpt":{"rendered":"<p>Parlar d\u2019educaci\u00f3 no \u00e9s f\u00e0cil i tampoc em sento gens capacitat per fer-ho. Per\u00f2, des del sentit com\u00fa, s\u00ed que em sento amb dret de dir-hi la meva sobre aquesta llei que vol fer aquest cap WERT que \u00e9s Ministro de Cultura, Educaci\u00f3n y Deporte d\u2019aquesta cosa anomenada Espa\u00f1a. El ministre Wert es pensa que [&hellip;]<\/p>\n","protected":false},"author":214,"featured_media":0,"comment_status":"open","ping_status":"closed","sticky":false,"template":"","format":"standard","meta":{"_jetpack_memberships_contains_paid_content":false,"footnotes":"","jetpack_publicize_message":"","jetpack_publicize_feature_enabled":true,"jetpack_social_post_already_shared":false,"jetpack_social_options":{"image_generator_settings":{"template":"highway","default_image_id":0,"font":"","enabled":false},"version":2}},"categories":[189,668],"tags":[31829,31855],"class_list":["post-3998","post","type-post","status-publish","format-standard","hentry","category-cultura","category-educacio","tag-cultura","tag-educacio"],"jetpack_publicize_connections":[],"jetpack_featured_media_url":"","jetpack_shortlink":"https:\/\/wp.me\/pagkjs-12u","jetpack-related-posts":[],"jetpack_sharing_enabled":true,"_links":{"self":[{"href":"https:\/\/blogs.avui.cat\/jaumepubill\/wp-json\/wp\/v2\/posts\/3998","targetHints":{"allow":["GET"]}}],"collection":[{"href":"https:\/\/blogs.avui.cat\/jaumepubill\/wp-json\/wp\/v2\/posts"}],"about":[{"href":"https:\/\/blogs.avui.cat\/jaumepubill\/wp-json\/wp\/v2\/types\/post"}],"author":[{"embeddable":true,"href":"https:\/\/blogs.avui.cat\/jaumepubill\/wp-json\/wp\/v2\/users\/214"}],"replies":[{"embeddable":true,"href":"https:\/\/blogs.avui.cat\/jaumepubill\/wp-json\/wp\/v2\/comments?post=3998"}],"version-history":[{"count":0,"href":"https:\/\/blogs.avui.cat\/jaumepubill\/wp-json\/wp\/v2\/posts\/3998\/revisions"}],"wp:attachment":[{"href":"https:\/\/blogs.avui.cat\/jaumepubill\/wp-json\/wp\/v2\/media?parent=3998"}],"wp:term":[{"taxonomy":"category","embeddable":true,"href":"https:\/\/blogs.avui.cat\/jaumepubill\/wp-json\/wp\/v2\/categories?post=3998"},{"taxonomy":"post_tag","embeddable":true,"href":"https:\/\/blogs.avui.cat\/jaumepubill\/wp-json\/wp\/v2\/tags?post=3998"}],"curies":[{"name":"wp","href":"https:\/\/api.w.org\/{rel}","templated":true}]}}