{"id":3991,"date":"2012-12-07T18:12:55","date_gmt":"2012-12-07T17:12:55","guid":{"rendered":"http:\/\/blogs.avui.cat\/jaumepubill\/?p=3991"},"modified":"2012-12-07T18:12:55","modified_gmt":"2012-12-07T17:12:55","slug":"sharif-corinaldi-i-la-necessria-perspectiva","status":"publish","type":"post","link":"https:\/\/blogs.avui.cat\/jaumepubill\/2012\/12\/07\/sharif-corinaldi-i-la-necessria-perspectiva\/","title":{"rendered":"Sharif Corinaldi i la necess&agrave;ria perspectiva"},"content":{"rendered":"<p align=\"justify\"><img data-recalc-dims=\"1\" loading=\"lazy\" decoding=\"async\" style=\"margin: 0px 6px 0px 0px;float: left\" align=\"left\" src=\"https:\/\/i0.wp.com\/4.bp.blogspot.com\/-UyRiLAYH4kA\/ULJA13dnLBI\/AAAAAAAC8nE\/Y1N22MZz5sU\/s320\/thumb_474__4.jpg?resize=270%2C166\" width=\"270\" height=\"166\" \/>No \u00e9s f\u00e0cil veure les coses amb la perspectiva adequada i necess\u00e0ria per poder ser objectiu. Quan un esdeveniment afecta directament a una persona, fa que l\u2019observem de manera molt m\u00e9s subjectiva. A vegades els arbres no ens deixen veure el bosc, per\u00f2 tamb\u00e9 \u00e9s cert que si mirem tot el bosc en conjunt \u00e9s impossible veure els arbres amb detall. \u00c9s dif\u00edcil apropar-se i analitzar un objecte sense perdre la perspectiva global i tamb\u00e9 \u00e9s dif\u00edcil veure els detalls dins del conjunt. Els dibuixants ho saben b\u00e9 aix\u00f2 i saben quines s\u00f3n les t\u00e8cniques que han de fer servir per recrear la profunditat i la posici\u00f3 dels objectes dins d\u2019un conjunt. Nom\u00e9s si ho saben fer aix\u00ed el quadre queda equilibrat.<\/p>\n<p align=\"justify\">El judici que els catalans puguem fer dels esdeveniments que aquests darrers temps estan succeint potser s\u00f3n una mica esbiaixats i possiblement no de tot objectius, ja que \u00e9s impossible veure\u2019ls en perspectiva i, a m\u00e9s, ens afecten d\u2019una manera massa directa. Segurament que ens caldria allunyar-nos en l\u2019espai i en el temps, cosa que \u00e9s impossible perqu\u00e8 vivim ara i aqu\u00ed. <\/p>\n<p align=\"justify\">Per aix\u00f2 m\u2019ha semblat interessant veure i analitzar b\u00e9 els v\u00eddeos d\u2019aquest noi californi\u00e0 que es diu <a href=\"https:\/\/vimeo.com\/54831287#\" target=\"_blank\"><strong>SHARIF CORINALDI<\/strong><\/a> i que han fet furor a la xarxa parlant de Catalunya. El primer v\u00eddeo va aixecar molta expectaci\u00f3 perqu\u00e8 ning\u00fa sabia exactament qui era aquest noi i qu\u00e8 pretenia amb aquell v\u00eddeo. Es van fer tot tipus de conjectures i fins i tot s\u2019ha dit que era un noi pagat per alg\u00fa per tal que fes campanya de cara a les eleccions catalanes. De mica en mica, per\u00f2,&#160; s\u2019ha anat sabent i&#160; <strong>Vila Web<\/strong> ens explica que \u00e9s un f\u00edsic i activista progressista californi\u00e0, nascut l\u2019ant 1978, amb resid\u00e8ncia habitual a Calif\u00f2rnia, encara que els v\u00eddeos els fa des de Nova York -segons <a href=\"http:\/\/www.facebook.com\/sharif.corinaldi\">el seu Facebook<\/a> actualment viu a Brooklyn. \u00c9s, a m\u00e9s, un activista progressista que es defineix a ell mateix com a &#8216;molt liberal&#8217;. Va ser fundador en el seu moment del web <a href=\"http:\/\/www.swingthestate.org\/\">Swing the State<\/a>, contra les pol\u00edtiques de George Bush. Tamb\u00e9 ha treballat a <a href=\"http:\/\/colorofchange.org\/\">ColorofChange.org<\/a>, una web de clar car\u00e0cter progressista.&#160; Vila Web ens explica tamb\u00e9&#160; que Sharif t\u00e9 experi\u00e8ncia de m\u00e9s de deu anys treballant com a inform\u00e0tic i, de fet, va estar durant un any al diari The New York Times com a programador. Ha publicat diversos treballs sobre f\u00edsica i estad\u00edstica, entre els quals aquest <a href=\"http:\/\/spie.org\/x648.html?product_id=726112&amp;Search_Results_URL=http:\/\/spie.org\/x1636.xml&amp;search_text=sharif&amp;category=All&amp;go=submit\">Time-frequency analysis of econometric time series<\/a>. Va estudiar a Brown (Providence) i va fer el seu postgrau a Berkeley.<\/p>\n<p align=\"justify\">Per veure la situaci\u00f3 catalana despr\u00e9s de les eleccions ens caldria llegir els diaris estrangers i contrarestar-los amb el que diuen els espanyols. Ens caldria veure v\u00eddeos com els d\u2019en Sharif i saber com es veuen les coses des de fora. Llavors trobar\u00edem que des de fora es destaca que fins ara hi havia 14 parlamentaris independentistes, i ara n&#8217;hi ha 74. Compareu els que diu la&#160; premsa estrangera i el que diu la d\u2019aqu\u00ed:    <br \/>&#8211;<strong>THE NEW YORK TIMES<\/strong>: &quot;Els partits separatistes guanyen a Catalunya&quot;     <br \/>&#8211;<strong>FINANCIAL TIM<\/strong>ES: &quot;Catalunya avan\u00e7a cap a un refer\u00e8ndum de separaci\u00f3&quot;     <br \/>&#8211;<strong>LE MONDE:<\/strong> &quot;Els nacionalistes catalans reculen davant de l&#8217;esquerra independentista&quot;     <br \/>&#8211;<strong>AL JAZEERA:<\/strong> &quot;Les eleccions a Catalunya fan pujar els partits separatistes&quot;     <br \/>&#8211;<strong>THE WALL STREET JOURNAL:<\/strong> &quot;Fredor cap a Mas per\u00f2 suport a la independ\u00e8ncia&quot;     <br \/>&#8211;<strong>THE GUARDIAN:<\/strong> &quot;Els independentistes catalans s\u00f3n a l&#8217;altura de la majoria&quot;     <br \/>&#8211;<strong>LA RAZ\u00d3N:<\/strong> &quot;El fracaso del independentismo. Ad\u00e9u Mas, a Catalunya le gusta Espa\u00f1a&quot;     <br \/>&#8211;<strong>El PERIODICO:<\/strong> BATACAZO     <br \/>&#8211;<strong>ABC:<\/strong> &quot;Mas pierde su plebiscito. Catalunya rechaza la independencia&quot;     <br \/>&#8211;<strong>EL PAIS:<\/strong> &quot;El plan de Mas se hunde en las urnas&quot;     <br \/>&#8211;<strong>EL MUNDO: <\/strong>&quot;Mas protagoniza el mayor rid\u00edculo electoral en 30 a\u00f1os de pol\u00edtica auton\u00f3mica&quot;.<\/p>\n<p align=\"justify\">Aqu\u00ed \u00e9s on entra el que anomenem perspectiva: les coses no es veuen pas exactament des de fora com les veiem des de dins. El punt de vista \u00e9s molt diferent i ens hauria de fer pensar que els punts de vista diferents als nostres s\u00f3n prou importants i molt necessaris; que allunyar-nos del problema o de la situaci\u00f3 ens fa ser m\u00e9s objectius i podem veure les coses \u2013paradoxalment- amb m\u00e9s precisi\u00f3 i amb una visi\u00f3 m\u00e9s complerta de la situaci\u00f3, justament perqu\u00e8 veiem m\u00e9s angles i m\u00e9s cares.<\/p>\n<p align=\"justify\">Per aix\u00f2 resulta tamb\u00e9 paradoxal&#160; i ens hauria de fer pensar que una persona com en Sharif -que fa mig any no sabia res de Catalunya- potser sigui molt m\u00e9s capa\u00e7 de veure les coses tal com s\u00f3n que no pas els diaris de Madrid o fins i tot alguns diaris de Barcelona. Des de fora es t\u00e9 una altra perspectiva de la situaci\u00f3 i em sembla que darrerament s\u2019ha guanyat molt en aquest sentit. Des de fora ja no es veu la realitat catalana com es veia un any enrere. Hi ha contribu\u00eft molta gent des de dins i des de fora; catalans i no catalans. Una de les coses que ens caldr\u00e0 fer&#160; a partir d\u2019ara ser\u00e0 continuar amb aquesta pedagogia. Nom\u00e9s aix\u00ed aconseguirem els aliats que amb tota seguretat necessitarem en el nostre proc\u00e9s cap a la la independ\u00e8ncia i, entretant, ens caldr\u00e0 agrair a persones con en Sharif que ens ajuden en aquest cam\u00ed.<\/p>\n","protected":false},"excerpt":{"rendered":"<p>No \u00e9s f\u00e0cil veure les coses amb la perspectiva adequada i necess\u00e0ria per poder ser objectiu. Quan un esdeveniment afecta directament a una persona, fa que l\u2019observem de manera molt m\u00e9s subjectiva. A vegades els arbres no ens deixen veure el bosc, per\u00f2 tamb\u00e9 \u00e9s cert que si mirem tot el bosc en conjunt \u00e9s [&hellip;]<\/p>\n","protected":false},"author":214,"featured_media":0,"comment_status":"open","ping_status":"closed","sticky":false,"template":"","format":"standard","meta":{"_jetpack_memberships_contains_paid_content":false,"footnotes":"","jetpack_publicize_message":"","jetpack_publicize_feature_enabled":true,"jetpack_social_post_already_shared":false,"jetpack_social_options":{"image_generator_settings":{"template":"highway","default_image_id":0,"font":"","enabled":false},"version":2}},"categories":[877],"tags":[31863],"class_list":["post-3991","post","type-post","status-publish","format-standard","hentry","category-catalunya","tag-catalunya"],"jetpack_publicize_connections":[],"jetpack_featured_media_url":"","jetpack_shortlink":"https:\/\/wp.me\/pagkjs-12n","jetpack-related-posts":[],"jetpack_sharing_enabled":true,"_links":{"self":[{"href":"https:\/\/blogs.avui.cat\/jaumepubill\/wp-json\/wp\/v2\/posts\/3991","targetHints":{"allow":["GET"]}}],"collection":[{"href":"https:\/\/blogs.avui.cat\/jaumepubill\/wp-json\/wp\/v2\/posts"}],"about":[{"href":"https:\/\/blogs.avui.cat\/jaumepubill\/wp-json\/wp\/v2\/types\/post"}],"author":[{"embeddable":true,"href":"https:\/\/blogs.avui.cat\/jaumepubill\/wp-json\/wp\/v2\/users\/214"}],"replies":[{"embeddable":true,"href":"https:\/\/blogs.avui.cat\/jaumepubill\/wp-json\/wp\/v2\/comments?post=3991"}],"version-history":[{"count":0,"href":"https:\/\/blogs.avui.cat\/jaumepubill\/wp-json\/wp\/v2\/posts\/3991\/revisions"}],"wp:attachment":[{"href":"https:\/\/blogs.avui.cat\/jaumepubill\/wp-json\/wp\/v2\/media?parent=3991"}],"wp:term":[{"taxonomy":"category","embeddable":true,"href":"https:\/\/blogs.avui.cat\/jaumepubill\/wp-json\/wp\/v2\/categories?post=3991"},{"taxonomy":"post_tag","embeddable":true,"href":"https:\/\/blogs.avui.cat\/jaumepubill\/wp-json\/wp\/v2\/tags?post=3991"}],"curies":[{"name":"wp","href":"https:\/\/api.w.org\/{rel}","templated":true}]}}