{"id":3989,"date":"2012-12-04T22:14:49","date_gmt":"2012-12-04T21:14:49","guid":{"rendered":"http:\/\/blogs.avui.cat\/jaumepubill\/?p=3989"},"modified":"2012-12-04T22:14:49","modified_gmt":"2012-12-04T21:14:49","slug":"plantem-los","status":"publish","type":"post","link":"https:\/\/blogs.avui.cat\/jaumepubill\/2012\/12\/04\/plantem-los\/","title":{"rendered":"Plantem-los!"},"content":{"rendered":"<p align=\"justify\"><img data-recalc-dims=\"1\" loading=\"lazy\" decoding=\"async\" style=\"margin: 0px 10px 0px 0px;float: left\" align=\"left\" src=\"https:\/\/i0.wp.com\/www.elcubruc.org\/wp-content\/uploads\/2011\/11\/documental-tv3-adeu-espanya.jpeg?resize=286%2C209\" width=\"286\" height=\"209\" \/>La Consellera Rigau ha plantat el ministre cap WERT. Jo encara hauria fet m\u00e9s: l\u2019hauria deixat plantat i ni hauria acudit a la reuni\u00f3. A vegades som massa educats i tot!<\/p>\n<p align=\"justify\">Davant de governs com el del PP i de ministres com aquest poca cosa s\u2019hi pot fer veient les seves obscures intencions. El millor que podr\u00edem fer els catalans per demostrar que encara ens queda dignitat \u00e9s plantar Espanya d\u2019una vegada i com m\u00e9s aviat millor. Cal fer un front com\u00fa contra tanta ignom\u00ednia i no entenc com davant d\u2019aquests fets no hi hagi m\u00e9s partits que no s\u2019hi sumin. I ja no nom\u00e9s em refereixo a partits catalans, sin\u00f3 que davant d\u2019aquests menyspreus s\u2019hi haurien de sumar altres comunitats aut\u00f2nomes que es troben m\u00e9s o menys en situacions semblants.<\/p>\n<p align=\"justify\">Plantar Espanya \u00e9s l\u2019\u00fanic que ens queda i espavilar-nos com puguem per tal de que no ens vagin matant poc a poc. Quan s\u2019est\u00e0 en la situaci\u00f3 que estem no es pot ser massa primmirat i hem de mirar de salvar-nos nosaltres amb les tres o quatre coses m\u00e9s valuoses que tinguem. En situaci\u00f3 de naufragi o d\u2019incendi no podem pensar en salvar la col\u00b7lecci\u00f3 de segells o aquelles \u00e0lbums de fotos que tan ens agraden. El que cal \u00e9s sortir corrent i marxar ben lluny del perill. Despr\u00e9s ja refarem la vida com puguem o com vulguem. \u00c9s el que t\u00e9 la llibertat!<\/p>\n","protected":false},"excerpt":{"rendered":"<p>La Consellera Rigau ha plantat el ministre cap WERT. Jo encara hauria fet m\u00e9s: l\u2019hauria deixat plantat i ni hauria acudit a la reuni\u00f3. A vegades som massa educats i tot! Davant de governs com el del PP i de ministres com aquest poca cosa s\u2019hi pot fer veient les seves obscures intencions. El millor [&hellip;]<\/p>\n","protected":false},"author":214,"featured_media":0,"comment_status":"open","ping_status":"closed","sticky":false,"template":"","format":"standard","meta":{"_jetpack_memberships_contains_paid_content":false,"footnotes":"","jetpack_publicize_message":"","jetpack_publicize_feature_enabled":true,"jetpack_social_post_already_shared":false,"jetpack_social_options":{"image_generator_settings":{"template":"highway","default_image_id":0,"font":"","enabled":false},"version":2}},"categories":[643],"tags":[31850],"class_list":["post-3989","post","type-post","status-publish","format-standard","hentry","category-independencia","tag-independencia"],"jetpack_publicize_connections":[],"jetpack_featured_media_url":"","jetpack_shortlink":"https:\/\/wp.me\/pagkjs-12l","jetpack-related-posts":[],"jetpack_sharing_enabled":true,"_links":{"self":[{"href":"https:\/\/blogs.avui.cat\/jaumepubill\/wp-json\/wp\/v2\/posts\/3989","targetHints":{"allow":["GET"]}}],"collection":[{"href":"https:\/\/blogs.avui.cat\/jaumepubill\/wp-json\/wp\/v2\/posts"}],"about":[{"href":"https:\/\/blogs.avui.cat\/jaumepubill\/wp-json\/wp\/v2\/types\/post"}],"author":[{"embeddable":true,"href":"https:\/\/blogs.avui.cat\/jaumepubill\/wp-json\/wp\/v2\/users\/214"}],"replies":[{"embeddable":true,"href":"https:\/\/blogs.avui.cat\/jaumepubill\/wp-json\/wp\/v2\/comments?post=3989"}],"version-history":[{"count":0,"href":"https:\/\/blogs.avui.cat\/jaumepubill\/wp-json\/wp\/v2\/posts\/3989\/revisions"}],"wp:attachment":[{"href":"https:\/\/blogs.avui.cat\/jaumepubill\/wp-json\/wp\/v2\/media?parent=3989"}],"wp:term":[{"taxonomy":"category","embeddable":true,"href":"https:\/\/blogs.avui.cat\/jaumepubill\/wp-json\/wp\/v2\/categories?post=3989"},{"taxonomy":"post_tag","embeddable":true,"href":"https:\/\/blogs.avui.cat\/jaumepubill\/wp-json\/wp\/v2\/tags?post=3989"}],"curies":[{"name":"wp","href":"https:\/\/api.w.org\/{rel}","templated":true}]}}