{"id":3986,"date":"2012-11-29T22:06:07","date_gmt":"2012-11-29T21:06:07","guid":{"rendered":"http:\/\/blogs.avui.cat\/jaumepubill\/?p=3986"},"modified":"2012-11-29T22:06:07","modified_gmt":"2012-11-29T21:06:07","slug":"moment-de-repensar","status":"publish","type":"post","link":"https:\/\/blogs.avui.cat\/jaumepubill\/2012\/11\/29\/moment-de-repensar\/","title":{"rendered":"Moment de repensar"},"content":{"rendered":"<p align=\"justify\"><img data-recalc-dims=\"1\" loading=\"lazy\" decoding=\"async\" style=\"margin: 0px 8px 0px 0px;float: left\" align=\"left\" src=\"https:\/\/i0.wp.com\/1.bp.blogspot.com\/-s7RN3n57X-I\/Tph3SJp6BWI\/AAAAAAAAAHY\/YnZvUENfrmg\/s1600\/Comunicacion.PNG?resize=293%2C236\" width=\"293\" height=\"236\" \/><strong>\u201cTot t\u00e9 el seu moment, <\/strong><strong>sota el cel hi ha un temps <\/strong><strong>per a cada cosa\u201d, <\/strong>diu el llibre de l\u2019 Eclesiast\u00e8s 3,1. Aquest llibre b\u00edblic ple de saviesa segueix enumerant una colla de moments contraposats que a tots ens toca viure en algun moment al llarg de la nostra vida. Tots naixem i morim, plantem i collim, riem i plorem, guanyem i perdem\u2026 El mal \u00e9s que, generalment, quan ens passa una d\u2019aquestes coses no ens recordem de les altres i, de cop, tot \u00e9s pena o alegria i no sabem quedar-nos en el punt mitj\u00e0 que els romans deien que era la virtut o l\u2019equilibri (Virtus in medio).<\/p>\n<p align=\"justify\">La societat, les creences, les civilitzacions, la hist\u00f2ria dels pobles\u2026 tot, tot,&#160; s\u2019ha anat fent en base de provatures, de posar bases que podien semblar s\u00f2lides i que al cap d\u2019un temps s\u2019han hagut d\u2019enderrocar. Coses que potser han anat prou b\u00e9 per un cert moment hist\u00f2ric, ara resulta que no van ni en rodes. Per aix\u00f2 l\u2019immobilisme no \u00e9s mai bo en cap camp: ni el el pol\u00edtic, ni en el religi\u00f3s, ni en l\u2019econ\u00f2mic, ni en el social. Tot s\u2019ha de repensar cont\u00ednuament i s\u2019ha de veure si all\u00f2 que era bo, continua sent bo en aquest moment. Les coses tenen totes el seu moment que, com la vida mateixa, passa de forma fugissera.<\/p>\n<p align=\"justify\">En el camp de la fe, per exemple, sabem molt b\u00e9 que les coses han anat canviant i m\u00e9s que haurien de canviar. La fe s\u2019hauria de repensar cont\u00ednuament i s\u2019hauria d\u2019incentivar fins i tot que es fes aix\u00ed. Generalment passa el contrari: les esgl\u00e9sies s\u00f3n organitzacions encarcarades que m\u00e9s aviat tenen posat sempre el fre de m\u00e0 i prefereixen que les coses no canvi\u00efn. La desil\u00b7lusi\u00f3 de molts creients va en augment dia a dia en veure les posicions herm\u00e8tiques que tenen les esgl\u00e9sies en temes que s\u00f3n candents en la societat i necessitarien una resposta r\u00e0pida que mai arriba a temps. Per aix\u00f2 les esgl\u00e9sies s\u2019allunyen tan del m\u00f3n actual, que cada dia va m\u00e9s afuat i sembla no tenir aturador, i per aix\u00f2 molts creients prefereixen tenir un credo personal sense intermediaris que els d\u00f3na la llibertat que no troben dins d\u2019una instituci\u00f3 religiosa.<\/p>\n<p align=\"justify\">I als Estats els passa el mateix. Dif\u00edcilment les lleis van per davant de les inquietuds i les necessitats socials. Tot el contrari, sempre van a remolc i moltes vegades ja surten mortes al moment de n\u00e0ixer. Per aix\u00f2 cont\u00ednuament es q\u00fcestionen coses que s\u00f3n evidents que ja han deixat de funcionar. La democr\u00e0cia que ten\u00edem ja no serveix i cal repensar-la. La pol\u00edtica en general i el funcionament dels partits tampoc ens serveix de la manera que la tenim actualment. El sentit com\u00fa ens ho diu i l\u2019experi\u00e8ncia di\u00e0ria ens ho confirma.<\/p>\n<p align=\"justify\">Ara \u00e9s moment de repensar moltes coses. I ho haurem de fer amb urg\u00e8ncia perqu\u00e8 no vam saber fer-ho al seu moment amb calma. Les xarxes socials col\u00b7laboren molt\u00edssim en aquests replantejaments i qualsevol cosa de seguida es q\u00fcestiona, es discuteix, corre, es difon i es veu si s\u2019abandona o es queda. La societat demanda constantment judicis que es fan una mica entre tots i cada cop m\u00e9s ens convertirem en agents participatius del nostre futur. Per tant, ja cal que el pol\u00edtics vagin repensant tamb\u00e9 la forma de com podem ser tots m\u00e9s participatius, buscant noves formes de democr\u00e0cia directa i participativa. No \u00e9s cap pecat fer refer\u00e8ndums i consultes; no \u00e9s cap pecat preguntar a la gent ara que \u00e9s cada cop m\u00e9s f\u00e0cil fer-ho per tots els mitjans moderns i la nova tecnologia que tenim.<\/p>\n<p align=\"justify\">\u00c9s temps de repensar les coses per tal de poder sentir-nos&#160;&#160; -i ser- m\u00e9s lliures.<\/p>\n","protected":false},"excerpt":{"rendered":"<p>\u201cTot t\u00e9 el seu moment, sota el cel hi ha un temps per a cada cosa\u201d, diu el llibre de l\u2019 Eclesiast\u00e8s 3,1. Aquest llibre b\u00edblic ple de saviesa segueix enumerant una colla de moments contraposats que a tots ens toca viure en algun moment al llarg de la nostra vida. Tots naixem i morim, [&hellip;]<\/p>\n","protected":false},"author":214,"featured_media":0,"comment_status":"open","ping_status":"closed","sticky":false,"template":"","format":"standard","meta":{"_jetpack_memberships_contains_paid_content":false,"footnotes":"","jetpack_publicize_message":"","jetpack_publicize_feature_enabled":true,"jetpack_social_post_already_shared":false,"jetpack_social_options":{"image_generator_settings":{"template":"highway","default_image_id":0,"font":"","enabled":false},"version":2}},"categories":[160],"tags":[31827],"class_list":["post-3986","post","type-post","status-publish","format-standard","hentry","category-societat","tag-societat"],"jetpack_publicize_connections":[],"jetpack_featured_media_url":"","jetpack_shortlink":"https:\/\/wp.me\/pagkjs-12i","jetpack-related-posts":[],"jetpack_sharing_enabled":true,"_links":{"self":[{"href":"https:\/\/blogs.avui.cat\/jaumepubill\/wp-json\/wp\/v2\/posts\/3986","targetHints":{"allow":["GET"]}}],"collection":[{"href":"https:\/\/blogs.avui.cat\/jaumepubill\/wp-json\/wp\/v2\/posts"}],"about":[{"href":"https:\/\/blogs.avui.cat\/jaumepubill\/wp-json\/wp\/v2\/types\/post"}],"author":[{"embeddable":true,"href":"https:\/\/blogs.avui.cat\/jaumepubill\/wp-json\/wp\/v2\/users\/214"}],"replies":[{"embeddable":true,"href":"https:\/\/blogs.avui.cat\/jaumepubill\/wp-json\/wp\/v2\/comments?post=3986"}],"version-history":[{"count":0,"href":"https:\/\/blogs.avui.cat\/jaumepubill\/wp-json\/wp\/v2\/posts\/3986\/revisions"}],"wp:attachment":[{"href":"https:\/\/blogs.avui.cat\/jaumepubill\/wp-json\/wp\/v2\/media?parent=3986"}],"wp:term":[{"taxonomy":"category","embeddable":true,"href":"https:\/\/blogs.avui.cat\/jaumepubill\/wp-json\/wp\/v2\/categories?post=3986"},{"taxonomy":"post_tag","embeddable":true,"href":"https:\/\/blogs.avui.cat\/jaumepubill\/wp-json\/wp\/v2\/tags?post=3986"}],"curies":[{"name":"wp","href":"https:\/\/api.w.org\/{rel}","templated":true}]}}