{"id":3977,"date":"2012-11-17T19:26:05","date_gmt":"2012-11-17T18:26:05","guid":{"rendered":"http:\/\/blogs.avui.cat\/jaumepubill\/?p=3977"},"modified":"2012-11-17T19:26:05","modified_gmt":"2012-11-17T18:26:05","slug":"espaolizar-o-el-pecat-de-ser-catal","status":"publish","type":"post","link":"https:\/\/blogs.avui.cat\/jaumepubill\/2012\/11\/17\/espaolizar-o-el-pecat-de-ser-catal\/","title":{"rendered":"&ldquo;Espa&ntilde;olizar&rdquo; o el pecat de ser catal&agrave;"},"content":{"rendered":"<p>&#160;<a href=\"http:\/\/encaste-llano.blogspot.com.es\/2012\/10\/espanolizar-o-el-pecado-de-ser-catalan.html\" target=\"_blank\">XAVIER CUBERO<\/a> <\/p>\n<p><img data-recalc-dims=\"1\" loading=\"lazy\" decoding=\"async\" style=\"margin: 0px 7px 0px 0px;float: left\" align=\"left\" src=\"https:\/\/i0.wp.com\/www.eldigoras.com\/09\/aut\/img_a\/cubero_javier.jpg?resize=219%2C286\" width=\"219\" height=\"286\" \/><\/p>\n<p align=\"justify\"><strong>Francisco Javier Cubero Egea<\/strong> va n\u00e9ixer a Badalona (Barcelona, Espanya) el 1960.<\/p>\n<p align=\"justify\">Llicenciat en Filologia Hisp\u00e0nica per la Universitat de Barcelona i t\u00e8cnic especialista en Arts Gr\u00e0fiques, actualment desenvolupa la seva tasca docent en el programa de Graduat Superior de Disseny de l&#8217;Escola Elisava, centre adscrit a la Universitat Pompeu Fabra, i al Col \u00b7 legi Santa Teresa de Lisieux de Barcelona, on \u00e9s professor de llengua i literatura.<\/p>\n<p align=\"justify\">Autor de diversos llibres in\u00e8dits de poesia, poemes seus han aparegut en diverses revistes espanyoles i d&#8217;altres pa\u00efsos com Argentina, Col\u00f2mbia, M\u00e8xic o Per\u00fa. Ha publicat \u201cEl coraz\u00f3n de limo\u201d (Barcelona: Paralelo Sur Ediciones, 2007).<\/p>\n<p align=\"justify\">\u00c9s el creador i editor del portal d&#8217;Internet <strong>eldigoras.com<\/strong> i director de la revista de literatura <strong>Paralelo Sur<\/strong>, publicaci\u00f3 semestral en paper editada a Barcelona.<\/p>\n<p align=\"justify\">Ha escrit aquest magn\u00edfic text que convindria que lleg\u00eds el Sr Ministre Wert, cosa que dubto que faci. Deu tenir altres feines m\u00e9s importants\u2026<\/p>\n<p align=\"justify\"><strong>\u201cESPA\u00d1OLIZAR\u201d O EL PECADO DE SER CATAL\u00c1N<\/strong><\/p>\n<blockquote>\n<p align=\"justify\">Haber nacido en 1960 me proporciona una cantidad considerable de recuerdos, entre ellos el de un ni\u00f1o de 6 a\u00f1os que cada ma\u00f1ana, en el patio del colegio, cantaba el \u201cCara al sol\u201d con el brazo en alto, como si fuera un juego, mientras una bandera, roja y gualda, ascend\u00eda por el m\u00e1stil.      <br \/>De aquella \u00e9poca es tambi\u00e9n una fotograf\u00eda de escolar d\u00f3cil posando ante un decorado de libros, con un ventanal de cipreses pintados al filo de un arroyo, un busto de Cervantes y un mapa pol\u00edtico de Espa\u00f1a. Una fotograf\u00eda en blanco y negro coloreada con anilinas tristes ya, de tiempo y de experiencia.       <br \/>Quien supo de materias obligadas, como una Religi\u00f3n centrada en el pecado y en la culpa o aquella denominada Formaci\u00f3n del esp\u00edritu nacional guiada por el odio y por el miedo para cultivar un nacionalismo espa\u00f1ol de hoja perenne, oye ahora mensajes parecidos, bajo la misma bandera que esconde el \u00e1guila aunque est\u00e9 claro que mantiene las garras afiladas.       <br \/>As\u00ed el pa\u00eds, aquel pa\u00eds tan impuesto como ficticio, vuelve hacia el blanco y negro maquillado de anilina, de la mano de un ministro de Educaci\u00f3n apellidado Wert: \u00ab<b>S\u00ed, nuestro inter\u00e9s es espa\u00f1olizar a los alumnos catalanes<\/b>\u00bb.       <br \/>Fui un alumno catal\u00e1n curiosamente espa\u00f1olizado. Mi madre, nacida en Granada, contrajo matrimonio con mi padre, nacido en Zamora, y alg\u00fan tiempo despu\u00e9s nac\u00eda yo en la ciudad de Badalona. El catal\u00e1n estaba perseguido por el nacionalismo espa\u00f1ol gobernante, la escuela era en castellano, la ideolog\u00eda ven\u00eda de la mano de aquellas enciclopedias \u00c1lvarez que, sin embargo, recuerdo con afecto. El tiempo tuvo que llevarse la mitad de mentira, de imposici\u00f3n y de odio que conten\u00edan ciertas ense\u00f1anzas. Algo debi\u00f3 ayudar tener buenos maestros que no eran catalanes, una madre cari\u00f1osa e inteligente que les ped\u00eda a los vecinos que nos hablasen catal\u00e1n a mi hermano y a m\u00ed, o un abuelo andaluz tan republicano como honesto.       <br \/>Pero los vecinos que eran catalanes nos hablaban en castellano, \u00bfqui\u00e9n sabe cu\u00e1nto de cortes\u00eda y cu\u00e1nto de miedo pod\u00eda haber en aquella buena gente cuyo pecado principal consist\u00eda en ser catalanes y hablar catal\u00e1n en Catalunya? \u00bfA alguien se le ocurre que se le pueda prohibir hablar su lengua a un castellano en Castilla? Ahora parece que la memoria es fr\u00e1gil, aqu\u00ed no s\u00f3lo se persigui\u00f3 al republicano, tambi\u00e9n se persigui\u00f3 al catal\u00e1n s\u00f3lo por serlo, algunos se olvidaron pronto o se inventaron otra historia.       <br \/>Crec\u00ed en un pa\u00eds cuyo inter\u00e9s era espa\u00f1olizar a los ni\u00f1os catalanes. Aunque yo no hablaba catal\u00e1n tuve que acostumbrarme a ser \u201cpolaco\u201d y decid\u00ed aprovechar, a los veinte a\u00f1os, el Servicio militar obligatorio que me llev\u00f3 a Sevilla para empezar a hablar un catal\u00e1n titubeante con aquellos catalanes que no me conoc\u00edan. As\u00ed, cuando volv\u00ed, empec\u00e9 a construir mi segunda lengua, el catal\u00e1n, a pesar de un franquismo que pens\u00e1bamos muerto, a pesar de una educaci\u00f3n espa\u00f1olizante, a pesar de quienes nos llamaban polacos, como si fuera una broma, como si no se destilase en el apelativo ese odio ancestral de \u201clo espa\u00f1ol\u201d hacia lo diferente, ese af\u00e1n de imposici\u00f3n y tabla rasa.       <br \/>Empec\u00e9 a hablar catal\u00e1n por voluntad propia y por convencimiento de que esa lengua deb\u00eda ser tan m\u00eda como la otra, por vivir en una tierra integradora a la que durante mucho tiempo se le ha negado su esencia de naci\u00f3n. Y eso nada ten\u00eda en contra de Espa\u00f1a, de una Espa\u00f1a ideal que siempre ha sido bombardeada desde la Meseta y desde sus aleda\u00f1os. De una Espa\u00f1a que fuera tan integradora como Catalunya, que estuviera orgullosa de una diversidad real. Una Espa\u00f1a que hoy ya parece imposible.       <br \/>Pareci\u00f3 un proyecto viable en la mal llamada Transici\u00f3n, donde hubo ejemplos de di\u00e1logo y donde las concesiones a la presi\u00f3n de la oligarqu\u00eda franquista y de un ej\u00e9rcito contaminado dieron a luz una Constituci\u00f3n pactada que, a pesar de todo, pod\u00eda suponer un marco de convivencia. La politizaci\u00f3n de los tribunales acab\u00f3 con ese sue\u00f1o y un Tribunal constitucional manipulado y disminuido en n\u00famero demostr\u00f3 que lo votado en un parlamento y refrendado por la mayor\u00eda de una poblaci\u00f3n pod\u00eda ser deshecho por un pu\u00f1ado de magistrados. \u00bfDemocracia?       <br \/>El 11 de septiembre de 2012 sali\u00f3 a la calle un pueblo cansado de tres siglos de incomprensi\u00f3n, cansado de la continua involuci\u00f3n de la pol\u00edtica espa\u00f1ola, cansado de la corrupci\u00f3n de la casta pol\u00edtica, cansado de la gesti\u00f3n de la crisis financiera. No es el dinero lo que mueve las banderas independentistas, es la dignidad que un d\u00eda y otro pisotea esa Castilla antigua que se llama Espa\u00f1a.       <br \/>Y la respuesta es el insulto y vuelve a ser el miedo. La respuesta es seguir intentando arrinconar la lengua hermana en ese cainismo miserable que lastra la historia de lo que pudo ser Espa\u00f1a y hoy no es m\u00e1s que el Estado espa\u00f1ol. Ahora nos dicen que no somos soberanos, que no podemos decidir nuestro futuro, ni los catalanes de padres catalanes, ni los catalanes de padres castellanos, extreme\u00f1os, andaluces\u2026 Esto es la democracia espa\u00f1ola, escrito en castellano, con el dolor de quien crey\u00f3 en una democracia verdadera y hoy se pregunta a qu\u00e9 espera el 15M, a qu\u00e9 esperan los verdaderos dem\u00f3cratas para salir a denunciar en la calle el regreso del odio, de la intransigencia, de la uniformidad.       <br \/>Soy profesor de castellano en Barcelona, mis alumnos hablan dos lenguas con el mismo orgullo, el castellano con un dominio similar o mejor que el de la mayor\u00eda de los ni\u00f1os de Castilla. En mis clases de castellano no hay ideolog\u00eda, hay reflexi\u00f3n. Hay lengua, una lengua castellana hermosa y rica, con una tradici\u00f3n literaria que est\u00e1 muy por encima de la pol\u00edtica cicatera de estos tiempos. Mis alumnos no necesitan que venga nadie a espa\u00f1olizarlos, quieren crecer libres y ser dem\u00f3cratas y que se les acepte porque son personas y no porque puedan ser votantes. Son catalanes en un sistema educativo integrador, donde la lengua vehicular es el catal\u00e1n, la lengua propia de Catalunya. Esa Catalunya que pudo ser naci\u00f3n espa\u00f1ola y que tendr\u00e1 que ser naci\u00f3n europea, lo que siempre ha sido; pero de la mano de un independentismo gestado fuera de Catalunya por los intolerantes.       <br \/>\u00a1Qu\u00e9 l\u00e1stima que en el resto de Espa\u00f1a haya tan poca empat\u00eda, tan poca capacidad de entender lo diferente!       <br \/>Ma\u00f1ana es 12 de octubre, no voy a celebrar vuestra incomprensi\u00f3n. Ser catal\u00e1n era, para muchos catalanes, la \u00fanica manera de ser espa\u00f1ol; ahora ser\u00e1 la \u00fanica forma que tiene un catal\u00e1n de ser europeo.       <br \/>No soy nacionalista, los nacionalistas son Wert o Rajoy, el que calla. Soy catal\u00e1n, se\u00f1ores, mi padre es de Zamora, mi madre de Granada. No voy a alegrarme ni voy a repartirme cuando llegue la independencia. Soy catal\u00e1n, votar\u00e9 por esa independencia,&#160; y espero que alg\u00fan d\u00eda podamos ser buenos vecinos, al fin y al cabo soy profesor de castellano, esa lengua que otros llaman espa\u00f1ol.<\/p>\n<\/blockquote>\n<ul>\n<dd>\n<div align=\"justify\">&#160;&#160;&#160;&#160;&#160; <\/div>\n<\/dd>\n<\/ul>\n<dd>\n<p align=\"justify\">&#160;<\/p>\n<\/dd>\n","protected":false},"excerpt":{"rendered":"<p>&#160;XAVIER CUBERO Francisco Javier Cubero Egea va n\u00e9ixer a Badalona (Barcelona, Espanya) el 1960. Llicenciat en Filologia Hisp\u00e0nica per la Universitat de Barcelona i t\u00e8cnic especialista en Arts Gr\u00e0fiques, actualment desenvolupa la seva tasca docent en el programa de Graduat Superior de Disseny de l&#8217;Escola Elisava, centre adscrit a la Universitat Pompeu Fabra, i al [&hellip;]<\/p>\n","protected":false},"author":214,"featured_media":0,"comment_status":"open","ping_status":"closed","sticky":false,"template":"","format":"standard","meta":{"_jetpack_memberships_contains_paid_content":false,"footnotes":"","jetpack_publicize_message":"","jetpack_publicize_feature_enabled":true,"jetpack_social_post_already_shared":false,"jetpack_social_options":{"image_generator_settings":{"template":"highway","default_image_id":0,"font":"","enabled":false},"version":2}},"categories":[189,6645,172],"tags":[31829,62,31828],"class_list":["post-3977","post","type-post","status-publish","format-standard","hentry","category-cultura","category-llengua-societat","category-politica","tag-cultura","tag-llengua","tag-politica"],"jetpack_publicize_connections":[],"jetpack_featured_media_url":"","jetpack_shortlink":"https:\/\/wp.me\/pagkjs-129","jetpack-related-posts":[],"jetpack_sharing_enabled":true,"_links":{"self":[{"href":"https:\/\/blogs.avui.cat\/jaumepubill\/wp-json\/wp\/v2\/posts\/3977","targetHints":{"allow":["GET"]}}],"collection":[{"href":"https:\/\/blogs.avui.cat\/jaumepubill\/wp-json\/wp\/v2\/posts"}],"about":[{"href":"https:\/\/blogs.avui.cat\/jaumepubill\/wp-json\/wp\/v2\/types\/post"}],"author":[{"embeddable":true,"href":"https:\/\/blogs.avui.cat\/jaumepubill\/wp-json\/wp\/v2\/users\/214"}],"replies":[{"embeddable":true,"href":"https:\/\/blogs.avui.cat\/jaumepubill\/wp-json\/wp\/v2\/comments?post=3977"}],"version-history":[{"count":1,"href":"https:\/\/blogs.avui.cat\/jaumepubill\/wp-json\/wp\/v2\/posts\/3977\/revisions"}],"predecessor-version":[{"id":4231,"href":"https:\/\/blogs.avui.cat\/jaumepubill\/wp-json\/wp\/v2\/posts\/3977\/revisions\/4231"}],"wp:attachment":[{"href":"https:\/\/blogs.avui.cat\/jaumepubill\/wp-json\/wp\/v2\/media?parent=3977"}],"wp:term":[{"taxonomy":"category","embeddable":true,"href":"https:\/\/blogs.avui.cat\/jaumepubill\/wp-json\/wp\/v2\/categories?post=3977"},{"taxonomy":"post_tag","embeddable":true,"href":"https:\/\/blogs.avui.cat\/jaumepubill\/wp-json\/wp\/v2\/tags?post=3977"}],"curies":[{"name":"wp","href":"https:\/\/api.w.org\/{rel}","templated":true}]}}