{"id":3963,"date":"2012-11-06T20:43:52","date_gmt":"2012-11-06T19:43:52","guid":{"rendered":"http:\/\/blogs.avui.cat\/jaumepubill\/?p=3963"},"modified":"2012-11-06T20:45:51","modified_gmt":"2012-11-06T19:45:51","slug":"es-necessita-psiquiatra-urgent","status":"publish","type":"post","link":"https:\/\/blogs.avui.cat\/jaumepubill\/2012\/11\/06\/es-necessita-psiquiatra-urgent\/","title":{"rendered":"Es necessita psiquiatra: Urgent!"},"content":{"rendered":"<p align=\"justify\"><img data-recalc-dims=\"1\" loading=\"lazy\" decoding=\"async\" style=\"margin: 0px 14px 0px 0px;float: left\" align=\"left\" src=\"https:\/\/i0.wp.com\/www.cuentosurbanos.com\/wp-content\/uploads\/2011\/12\/esquizofrenia.jpg?resize=275%2C275\" width=\"275\" height=\"275\" \/>Aquests darrers temps, quan llegeixo algunes not\u00edcies dels diaris, escolto la r\u00e0dio o miro la TV, tinc una sensaci\u00f3 estranya: trobo com si una gran majoria de gent s\u2019hagi tornat esquizofr\u00e8nica. Jo no entenc gaire res d\u2019aquest temes de psiquiatria, per\u00f2 si anem a l\u2019enciclop\u00e8dia veurem com l\u2019<b>esquizofr\u00e8nia<\/b> (del grec, &quot;schizo&quot;: divisi\u00f3 i &quot;phrenos&quot;: ment) \u00e9s una malaltia mental caracteritzada per una p\u00e8rdua del judici de la realitat i una \u00e0mplia desorganitzaci\u00f3 de la personalitat amb impossibilitat de motivar una conducta i establir pro positivitat vital adequada. L&#8217;esquizofr\u00e8nia, per tant, \u00e9s un trastorn psiqui\u00e0tric que, entre altres coses, fa que la percepci\u00f3 del m\u00f3n es vegi alterada per percepcions distorsionades de la realitat, en alguns casos incloent-hi al\u00b7lucinacions.<\/p>\n<p align=\"justify\">Dic aix\u00f2 perqu\u00e8 escoltant algunes declaracions de pol\u00edtics o d\u2019 intel\u00b7lectuals (ara n\u2019han sortit de sota les pedres i sembla que tothom pugui ser-ho), llegint alguns diaris, o llegint detingudament alguns d\u2019aquests manifestos que surten com a bolets en moments cr\u00edtics, m\u2019adono que fa falta urgentment psiquiatres que es posin a treballar de seguida. <\/p>\n<p align=\"justify\">Per qu\u00e8 si no, c\u00f3m s\u2019ent\u00e9n que tots aquests que ens amenacen amb totes les plagues d\u2019 Egipte (i algunes m\u00e9s) als catalans que ens volem independitzar, que ens envien directament a l\u2019infern \u201con hi haur\u00e0 el foc etern i el cruixir de dents\u201d -com deia el catecisme de quan era petit- de cop i volta fan v\u00eddeos on diuen que ens estimen tant i que no poden viure sense nosaltres? <\/p>\n<p align=\"justify\">C\u00f3m s\u2019ent\u00e9n que es puguin veure les coses tan diferentment? Com es pot distorsionar tant la realitat? S\u00f3n preguntes que em faig sovint i nom\u00e9s hi trobo dos camins de resposta: o hi ha mala fe o hi ha una plaga d\u2019esquizofr\u00e8nia que ho envaeix tot. Si \u00e9s la primera cosa poc hi podem fer. Despr\u00e9s d\u2019anys d\u2019explicacions i intents de tots tipus; despr\u00e9s de demostracions matem\u00e0tiques, estad\u00edstiques i cient\u00edfiques de com s\u00f3n les coses, no hem progressat gens i encara es continua negant una cosa tan evident \u2013i tant ben demostrada- com l\u2019espoli fiscal (i si voleu, diem-li un altre nom).Tenen la barra de negar que Catalunya aporta m\u00e9s del que rep i que Catalunya s\u2019hagi empobrit gr\u00e0cies a la injusta distribuci\u00f3 dels recursos i al mal tracte rebut. <\/p>\n<p align=\"justify\">I si \u00e9s la segona cosa, demano una partida pressupost\u00e0ria extraordin\u00e0ria per tal de posar unes quantes brigades de psiquiatres que mirin d\u2019arreglar aquesta plaga tan punyetera que fa que les coses no siguin com s\u00f3n, sin\u00f3 com les veuen aquesta gent. <\/p>\n<p align=\"justify\">Hi hauria una tercera via, per\u00f2 ja la descarto d\u2019entrada: Seria la de convidar a tota aquesta gent tan trasbalsada que vinguessin una temporada aqu\u00ed i veiessin la realitat catalana tal com \u00e9s i comprovessin que no som tan dolents com ens pinten i que no ens mengem els nens crus ( i tampoc al forn)&#8230; Per\u00f2 la crisi \u00e9s forta i em temo que no hi haur\u00e0 diners per aquesta despesa extraordin\u00e0ria. Per tant, haurem d\u2019aguantar encara el temporal durant una bona temporada perqu\u00e8 segur que ells no canviaran de pensar (de moment). Us recomano anar a comprar bons paraig\u00fces i bons impermeables per anar aguantant l\u2019aiguat.<\/p>\n<ol>\n<p align=\"justify\">&#160;<\/p>\n<p align=\"justify\">\n<\/ol>\n","protected":false},"excerpt":{"rendered":"<p>Aquests darrers temps, quan llegeixo algunes not\u00edcies dels diaris, escolto la r\u00e0dio o miro la TV, tinc una sensaci\u00f3 estranya: trobo com si una gran majoria de gent s\u2019hagi tornat esquizofr\u00e8nica. Jo no entenc gaire res d\u2019aquest temes de psiquiatria, per\u00f2 si anem a l\u2019enciclop\u00e8dia veurem com l\u2019esquizofr\u00e8nia (del grec, &quot;schizo&quot;: divisi\u00f3 i &quot;phrenos&quot;: ment) [&hellip;]<\/p>\n","protected":false},"author":214,"featured_media":0,"comment_status":"open","ping_status":"closed","sticky":false,"template":"","format":"standard","meta":{"_jetpack_memberships_contains_paid_content":false,"footnotes":"","jetpack_publicize_message":"","jetpack_publicize_feature_enabled":true,"jetpack_social_post_already_shared":false,"jetpack_social_options":{"image_generator_settings":{"template":"highway","default_image_id":0,"font":"","enabled":false},"version":2}},"categories":[160],"tags":[31827],"class_list":["post-3963","post","type-post","status-publish","format-standard","hentry","category-societat","tag-societat"],"jetpack_publicize_connections":[],"jetpack_featured_media_url":"","jetpack_shortlink":"https:\/\/wp.me\/pagkjs-11V","jetpack-related-posts":[],"jetpack_sharing_enabled":true,"_links":{"self":[{"href":"https:\/\/blogs.avui.cat\/jaumepubill\/wp-json\/wp\/v2\/posts\/3963","targetHints":{"allow":["GET"]}}],"collection":[{"href":"https:\/\/blogs.avui.cat\/jaumepubill\/wp-json\/wp\/v2\/posts"}],"about":[{"href":"https:\/\/blogs.avui.cat\/jaumepubill\/wp-json\/wp\/v2\/types\/post"}],"author":[{"embeddable":true,"href":"https:\/\/blogs.avui.cat\/jaumepubill\/wp-json\/wp\/v2\/users\/214"}],"replies":[{"embeddable":true,"href":"https:\/\/blogs.avui.cat\/jaumepubill\/wp-json\/wp\/v2\/comments?post=3963"}],"version-history":[{"count":2,"href":"https:\/\/blogs.avui.cat\/jaumepubill\/wp-json\/wp\/v2\/posts\/3963\/revisions"}],"predecessor-version":[{"id":3965,"href":"https:\/\/blogs.avui.cat\/jaumepubill\/wp-json\/wp\/v2\/posts\/3963\/revisions\/3965"}],"wp:attachment":[{"href":"https:\/\/blogs.avui.cat\/jaumepubill\/wp-json\/wp\/v2\/media?parent=3963"}],"wp:term":[{"taxonomy":"category","embeddable":true,"href":"https:\/\/blogs.avui.cat\/jaumepubill\/wp-json\/wp\/v2\/categories?post=3963"},{"taxonomy":"post_tag","embeddable":true,"href":"https:\/\/blogs.avui.cat\/jaumepubill\/wp-json\/wp\/v2\/tags?post=3963"}],"curies":[{"name":"wp","href":"https:\/\/api.w.org\/{rel}","templated":true}]}}