{"id":3958,"date":"2012-11-02T10:34:12","date_gmt":"2012-11-02T09:34:12","guid":{"rendered":"http:\/\/blogs.avui.cat\/jaumepubill\/?p=3958"},"modified":"2012-11-02T10:34:12","modified_gmt":"2012-11-02T09:34:12","slug":"cant-a-la-pau","status":"publish","type":"post","link":"https:\/\/blogs.avui.cat\/jaumepubill\/2012\/11\/02\/cant-a-la-pau\/","title":{"rendered":"CANT A LA PAU"},"content":{"rendered":"<p align=\"justify\"><font color=\"#000000\"><img data-recalc-dims=\"1\" decoding=\"async\" style=\"margin: 0px 12px 0px 0px;float: left\" align=\"left\" src=\"https:\/\/i0.wp.com\/2.bp.blogspot.com\/-NSlrVWS2T2k\/UHs9f5OGGrI\/AAAAAAAABPU\/arITQq6fsmc\/s320\/Logo%2BForum.png\" \/>Fa dies que volia parlar&#160; del <strong>1er. FORUM DE BALSARENY, <\/strong>al que no vaig poder assistir, tot i que en tenia moltes ganes. Per aix\u00f2 he recorregut al blog<strong>&#160; <\/strong><\/font><a href=\"http:\/\/climentforner.blogspot.com.es\/\" target=\"_blank\"><strong><font color=\"#000000\">AMICS DE CLIMENT FORNER<\/font><\/strong><\/a><font color=\"#000000\">, on hi he trobat una bona informaci\u00f3 sobre tot el que es va viure all\u00e0 aquells dos dies. Tamb\u00e9 un bon amic de Balsareny m\u2019ha fet arribar el n\u00famero 417 de la <strong>Revista SARMENT<\/strong>, on en fa una bona cr\u00f2nica i, si en voleu m\u00e9s, podeu anar a <a href=\"http:\/\/sarment.blogspot.com.es\/2012\/10\/primer-forum-balsareny.html\">http:\/\/sarment.blogspot.com.es\/2012\/10\/primer-forum-balsareny.html<\/a><\/font><\/p>\n<p align=\"justify\"><font color=\"#000000\">Heus aqu\u00ed la cr\u00f2nica.<\/font><\/p>\n<p align=\"justify\"><img data-recalc-dims=\"1\" loading=\"lazy\" decoding=\"async\" src=\"https:\/\/i0.wp.com\/1.bp.blogspot.com\/-dBW8ciIo970\/UHs9jv1nFOI\/AAAAAAAABPc\/-HcF48Ka-4E\/s400\/resized_DSC00994-CCB.jpg?resize=463%2C348\" width=\"463\" height=\"348\" \/><\/p>\n<p align=\"justify\"><b>Les causes del bisbe Pere Casald\u00e0liga<\/b>     <br \/><b><\/b>    <\/p>\n<p> <b><\/b>  <\/p>\n<p align=\"justify\">El dia 13 d\u2019octubre, es va convocar al \u201c1er. F\u00f2rum de Balsareny\u201d, organitzat en homenatge al bisbe Pere Casald\u00e0liga, celebrat amb motiu dels 50 anys de la inauguraci\u00f3 del Concili Vatic\u00e0 II, i dels 40 anys d\u2019apostolat del fill predilecte del poble de Balsareny. Prop de 200 persones van seguir amb molta atenci\u00f3 els diferents parlaments dels membres que assistien al debat, en acabar es van sentir moltes veus demanant una esgl\u00e9sia m\u00e9s plural i oberta.<\/p>\n<p align=\"justify\">L\u2019endem\u00e0 a les 12 del mat\u00ed es va concelebrar una missa solemne en recordan\u00e7a del bisbe. Va intervenir la coral de Balsareny, i l\u2019homilia an\u00e0 a c\u00e0rrec del Mn. Climent, que ens va fer una llarga exposici\u00f3 de la vida i l\u2019amistat que l\u2019uneix amb l\u2019homenatjat; per acabar emotiu i complet serm\u00f3, va recitar un poema adre\u00e7at al seu amic i admirat bisbe Pere Casald\u00e0liga, que us transcriur\u00e9 a continuaci\u00f3.<\/p>\n<p align=\"justify\"><b>EXTRACTE DE L\u2019HOMILIA PRONUNCIADA PER Mn. CLIMENT FORNER<\/b><\/p>\n<p align=\"justify\">&#8230;Mirem el nostre germ\u00e0 Pere tot un referent i un exemple en el doble aspecte de fidelitat evang\u00e8lica i conciliar (ni que a vegades la seva fidelitat sigui rebel discrepant del magisteri eclesi\u00e0stic). Ell si que hi va creure de veritat, i hi creur\u00e0 fins a la mort, en la Paraula de D\u00e9u, encarnant-la s\u00e0viament en la seva vida com a cristi\u00e0 i com a bisbe&#8230;<\/p>\n<p align=\"justify\">..Ell s\u00ed que ha seguit fidelment Jes\u00fas malgrat les seves possibles mancances i debilitats, deixant-ho tot per Jes\u00fas i pel seu Evangeli: casa, germans i germanes, pare, mare, tot&#8230; (Encara veig la seva mare en el llit d\u2019agonia ensenyant-me l\u2019anell del seu fill dolorosament absent).<\/p>\n<p align=\"justify\">&#8230;Si el papa Pau VI es va treure tot seguit la tiara de nosa que li feia, el pare Pere en la targeta-invitaci\u00f3 de la seva consagraci\u00f3 episcopal ja hi escrivia: \u201c Tu mitra ser\u00e0 un sombrero de paja sertanejo; el sol i el claro de luna; la lluvia i el sereno mirar de los pobres con quien caminas y el mirar glorioso de Cristo el Senyor.\u201d Literalment, com els ap\u00f2stols enviats per Jes\u00fas: sense sarr\u00f3, ni cal\u00e7at, ni bast\u00f3&#8230;<\/p>\n<p align=\"justify\">&#8230; Podria parlar de Pere com a poeta, colossal com \u00e9s, aix\u00ed com de les cartes paulines que publica al butllet\u00ed ARAGUAIA i que fan tant de b\u00e9, per\u00f2 m\u2019allargaria massa&#8230;<\/p>\n<p align=\"justify\">&#8230;Si el Pere \u00e9s un capdavanter destacat de l\u2019anomenada\u201d teologia de l\u2019alliberament\u201d (que, ben entesa, no \u00e9s marxista sin\u00f3 evang\u00e8lica a tot ser-ho), jo, pobre de mi, s\u00f3c un defensor de l\u2019Esgl\u00e9sia i de Catalunya, els dos meus grans amors, a favor dels quals la fe insubornable amb Jesucrist m\u2019ha portat a treballar i lluitar tena\u00e7ment i pac\u00edfica com a capell\u00e0 i com a escriptor.<\/p>\n<p align=\"justify\">&#8230;I per posar punt final a aquesta meva homilia us recitar\u00e9, tamb\u00e9 si m\u2019ho permeteu, el poema CANT A LA PAU que (l\u2019any noranta-dos em penso que era), li vaig dedicar en homenatge: \u201cPere, germ\u00e0 de lluita i d\u2019esperan\u00e7a&#8230;\u201d<\/p>\n<p align=\"center\"><b>CANT A LA PAU<\/b><\/p>\n<p align=\"center\">Pere, germ\u00e0 de lluita i d\u2019esperan\u00e7a,<\/p>\n<p align=\"center\">el fill de cal Lleter de Balsareny,    <br \/>poeta al vent, profeta de cor fort,     <br \/>veu flamejant que clama en el desert     <br \/>i enc\u00e9n en plena nit de nits d\u2019aurora,     <br \/>hereu de tots els pobles de la terra,     <br \/>m\u00e0rtir vivent de l\u2019\u00fanica croada     <br \/>que el cel ha bene\u00eft i beneeix,     <br \/>tu, l\u2019home lliure en un pa\u00eds d\u2019esclaus:     <br \/>Ara que hem compartit el mateix pa     <br \/>i ens hem embriagat del mateix calze,     <br \/>des del castell que ens vetlla i et recorda     <br \/>-tot ell de pedra ferma i vol ardit-,     <br \/>hissem una bandera de banderes.     <br \/>Fondes, molt fondes s\u00f3n avui les aig\u00fces     <br \/>del Llobregat que es fon amb l\u2019Araguaia,     <br \/>i van creixent fins a sortir de mare     <br \/>i convertir-se en mar, no el mar que un dia     <br \/>solcaren caravel\u00b7les colombines,     <br \/>sin\u00f3 el mar Roig de sang que travessem     <br \/>a peu eixut i amb c\u00e0ntics de vict\u00f2ria     <br \/>cap a la terra nova i el cel nou.     <br \/>La llibertat dels homes i dels pobles     <br \/>\u00e9s tan sagrada com el cos de Crist.     <br \/>Hem declarat la guerra de la pau     <br \/>i lluitarem fins a la mort amb totes     <br \/>les armes invencibles de l\u2019amor.     <br \/>Ell \u00e9s la Pau, i \u00e9s el primer a combatre.     <br \/>Ell \u00e9s la Pau que ja corona els cims.     <br \/>Va caure un mur i tots els murs cauran     <br \/>i no hi haur\u00e0 fronteres que ens deturin.     <br \/>Si els homes i les parles s\u00f3n diversos,     <br \/>han convingut molts noms en un sol nom.     <br \/>Ja no hi ha nord ni sud, que tot \u00e9s centre,     <br \/>el centre de l\u2019Amor, el cor de cors     <br \/>que \u00e9s el batec del mateix cor de D\u00e9u.     <br \/>Fem un sol mon dels quatre mons, un sol,     <br \/>casa pairal oberta als quatre vents     <br \/>on tots els fills esdevinguts germans     <br \/>seuen com reis a la mateixa taula.     <br \/>Ja els tancs blindats i els m\u00edssils s\u00f3n ferralla     <br \/>que es ven a muntegueres al drapaire     <br \/>i ni tan sols se\u2019n guarden als museus.     <br \/>L\u2019anyell juga amb el llop i la pantera     <br \/>s\u2019ajoca amb el cabrit, mentre el vedell     <br \/>pastura amb el lle\u00f3, tots ells menats     <br \/>per un infant que espaordeix les serps.     <br \/>Mireu els camps de blat, i com pe\u00fcllen,     <br \/>llaurats amb relles d\u2019or i no amb espases!     <br \/>Totes les llances es tornaven fal\u00e7s     <br \/>i a l\u2019hora de la sega, com fulguren!     <br \/>Ai, del qui s\u2019atreveixi a violar     <br \/>aquesta tendra primavera en flor!     <br \/>M\u00e9s li valdria no haver nascut.     <br \/>Pere, germ\u00e0, atleta dels atletes     <br \/>que corres a l\u2019estadi i ens avances     <br \/>cap a la fita adelerant del Regne,     <br \/>passa\u2019ns la torxa de la teva fe.     <br \/>Climent Forner<\/p>\n","protected":false},"excerpt":{"rendered":"<p>Fa dies que volia parlar&#160; del 1er. FORUM DE BALSARENY, al que no vaig poder assistir, tot i que en tenia moltes ganes. Per aix\u00f2 he recorregut al blog&#160; AMICS DE CLIMENT FORNER, on hi he trobat una bona informaci\u00f3 sobre tot el que es va viure all\u00e0 aquells dos dies. Tamb\u00e9 un bon amic [&hellip;]<\/p>\n","protected":false},"author":214,"featured_media":0,"comment_status":"open","ping_status":"closed","sticky":false,"template":"","format":"standard","meta":{"_jetpack_memberships_contains_paid_content":false,"footnotes":"","jetpack_publicize_message":"","jetpack_publicize_feature_enabled":true,"jetpack_social_post_already_shared":false,"jetpack_social_options":{"image_generator_settings":{"template":"highway","default_image_id":0,"font":"","enabled":false},"version":2}},"categories":[77,5413],"tags":[31820,3762],"class_list":["post-3958","post","type-post","status-publish","format-standard","hentry","category-esglesia","category-pere-casaldaliga-esglesia-religio","tag-esglesia","tag-pere-casaldaliga"],"jetpack_publicize_connections":[],"jetpack_featured_media_url":"","jetpack_shortlink":"https:\/\/wp.me\/pagkjs-11Q","jetpack-related-posts":[],"jetpack_sharing_enabled":true,"_links":{"self":[{"href":"https:\/\/blogs.avui.cat\/jaumepubill\/wp-json\/wp\/v2\/posts\/3958","targetHints":{"allow":["GET"]}}],"collection":[{"href":"https:\/\/blogs.avui.cat\/jaumepubill\/wp-json\/wp\/v2\/posts"}],"about":[{"href":"https:\/\/blogs.avui.cat\/jaumepubill\/wp-json\/wp\/v2\/types\/post"}],"author":[{"embeddable":true,"href":"https:\/\/blogs.avui.cat\/jaumepubill\/wp-json\/wp\/v2\/users\/214"}],"replies":[{"embeddable":true,"href":"https:\/\/blogs.avui.cat\/jaumepubill\/wp-json\/wp\/v2\/comments?post=3958"}],"version-history":[{"count":0,"href":"https:\/\/blogs.avui.cat\/jaumepubill\/wp-json\/wp\/v2\/posts\/3958\/revisions"}],"wp:attachment":[{"href":"https:\/\/blogs.avui.cat\/jaumepubill\/wp-json\/wp\/v2\/media?parent=3958"}],"wp:term":[{"taxonomy":"category","embeddable":true,"href":"https:\/\/blogs.avui.cat\/jaumepubill\/wp-json\/wp\/v2\/categories?post=3958"},{"taxonomy":"post_tag","embeddable":true,"href":"https:\/\/blogs.avui.cat\/jaumepubill\/wp-json\/wp\/v2\/tags?post=3958"}],"curies":[{"name":"wp","href":"https:\/\/api.w.org\/{rel}","templated":true}]}}