{"id":3911,"date":"2012-09-26T19:24:05","date_gmt":"2012-09-26T18:24:05","guid":{"rendered":"http:\/\/blogs.avui.cat\/jaumepubill\/?p=3911"},"modified":"2012-09-26T19:24:05","modified_gmt":"2012-09-26T18:24:05","slug":"primavera-a-la-tardor","status":"publish","type":"post","link":"https:\/\/blogs.avui.cat\/jaumepubill\/2012\/09\/26\/primavera-a-la-tardor\/","title":{"rendered":"Primavera a la tardor"},"content":{"rendered":"<p><img data-recalc-dims=\"1\" decoding=\"async\" src=\"https:\/\/i0.wp.com\/www.viviendoelsonido.com\/images\/image\/46\/istock_000013749302small.jpg\" \/><\/p>\n<p>Aquests dies s\u00f3n bonics.   <br \/>Va comen\u00e7ar a ser molt bonica<\/p>\n<p>la tarda del passat 11 de Setembre<\/p>\n<p>i, des de llavors, no hem parat.<\/p>\n<p>Aquests dies s\u00f3n bonics perqu\u00e8, des de bon mat\u00ed,<\/p>\n<p>veus cr\u00e9ixer l\u2019esperan\u00e7a,<\/p>\n<p>i sembla que un dia \u00e9s encara m\u00e9s bonic que l\u2019anterior.<\/p>\n<p>Perqu\u00e8 sembla que hem encetat una tardor primaveral,<\/p>\n<p>una tardor on floreixen un munt de coses.<\/p>\n<p>Perqu\u00e8 aquesta tardor \u00e9s com un arbre<\/p>\n<p>que no fa m\u00e9s que cr\u00e9ixer,<\/p>\n<p>un arbre al que li canten les rames,<\/p>\n<p>un arbre que s\u2019omple de flors,<\/p>\n<p>un arbre que despr\u00e8n olor d\u2019esperan\u00e7a.<\/p>\n<p>Aquest dies s\u00f3n il\u00b7lusionants<\/p>\n<p>i, si ahir va ser bonic, avui encara ho \u00e9s m\u00e9s.<\/p>\n<p>Aquest dies no fan m\u00e9s que apuntar coses noves<\/p>\n<p>pels que encara creiem en impossibles possibles.<\/p>\n<p>Aquest dies s\u00f3n com un cargol de mar <\/p>\n<p>que, si ens l\u2019acostem a l\u2019orella, <\/p>\n<p>el trobem ple de sonoritats misterioses,<\/p>\n<p>ple d\u2019horitzons llunyans que semblen a tocar,<\/p>\n<p>d\u2019horitzons a l\u2019abast i de melodies encisadores.<\/p>\n<p>Alguns no senten res. Alguns s\u00f3n sords.<\/p>\n<p>Per\u00f2 som molts que les sentim. Cada cop m\u00e9s!<\/p>\n<p>Per aix\u00f2 aquests dies s\u00f3n cada cop m\u00e9s bonics!<\/p>\n","protected":false},"excerpt":{"rendered":"<p>Aquests dies s\u00f3n bonics. Va comen\u00e7ar a ser molt bonica la tarda del passat 11 de Setembre i, des de llavors, no hem parat. Aquests dies s\u00f3n bonics perqu\u00e8, des de bon mat\u00ed, veus cr\u00e9ixer l\u2019esperan\u00e7a, i sembla que un dia \u00e9s encara m\u00e9s bonic que l\u2019anterior. Perqu\u00e8 sembla que hem encetat una tardor primaveral, [&hellip;]<\/p>\n","protected":false},"author":214,"featured_media":0,"comment_status":"open","ping_status":"closed","sticky":false,"template":"","format":"standard","meta":{"_jetpack_memberships_contains_paid_content":false,"footnotes":"","jetpack_publicize_message":"","jetpack_publicize_feature_enabled":true,"jetpack_social_post_already_shared":false,"jetpack_social_options":{"image_generator_settings":{"template":"highway","default_image_id":0,"font":"","enabled":false},"version":2}},"categories":[145],"tags":[31825],"class_list":["post-3911","post","type-post","status-publish","format-standard","hentry","category-poesia","tag-poesia"],"jetpack_publicize_connections":[],"jetpack_featured_media_url":"","jetpack_shortlink":"https:\/\/wp.me\/pagkjs-115","jetpack-related-posts":[],"jetpack_sharing_enabled":true,"_links":{"self":[{"href":"https:\/\/blogs.avui.cat\/jaumepubill\/wp-json\/wp\/v2\/posts\/3911","targetHints":{"allow":["GET"]}}],"collection":[{"href":"https:\/\/blogs.avui.cat\/jaumepubill\/wp-json\/wp\/v2\/posts"}],"about":[{"href":"https:\/\/blogs.avui.cat\/jaumepubill\/wp-json\/wp\/v2\/types\/post"}],"author":[{"embeddable":true,"href":"https:\/\/blogs.avui.cat\/jaumepubill\/wp-json\/wp\/v2\/users\/214"}],"replies":[{"embeddable":true,"href":"https:\/\/blogs.avui.cat\/jaumepubill\/wp-json\/wp\/v2\/comments?post=3911"}],"version-history":[{"count":0,"href":"https:\/\/blogs.avui.cat\/jaumepubill\/wp-json\/wp\/v2\/posts\/3911\/revisions"}],"wp:attachment":[{"href":"https:\/\/blogs.avui.cat\/jaumepubill\/wp-json\/wp\/v2\/media?parent=3911"}],"wp:term":[{"taxonomy":"category","embeddable":true,"href":"https:\/\/blogs.avui.cat\/jaumepubill\/wp-json\/wp\/v2\/categories?post=3911"},{"taxonomy":"post_tag","embeddable":true,"href":"https:\/\/blogs.avui.cat\/jaumepubill\/wp-json\/wp\/v2\/tags?post=3911"}],"curies":[{"name":"wp","href":"https:\/\/api.w.org\/{rel}","templated":true}]}}