{"id":3900,"date":"2012-09-17T20:06:51","date_gmt":"2012-09-17T19:06:51","guid":{"rendered":"http:\/\/blogs.avui.cat\/jaumepubill\/?p=3900"},"modified":"2012-09-17T20:06:51","modified_gmt":"2012-09-17T19:06:51","slug":"independence-day","status":"publish","type":"post","link":"https:\/\/blogs.avui.cat\/jaumepubill\/2012\/09\/17\/independence-day\/","title":{"rendered":"Independence day"},"content":{"rendered":"<p><img decoding=\"async\" src=\"http:\/\/upload.wikimedia.org\/wikipedia\/commons\/thumb\/1\/15\/Declaration_independence.jpg\/800px-Declaration_independence.jpg\" \/><\/p>\n<p align=\"justify\">Aquests dies m\u2019he entretingut a llegir la <a href=\"http:\/\/ca.wikipedia.org\/wiki\/Declaraci%C3%B3_d%27Independ%C3%A8ncia_dels_Estats_Units_d%27Am%C3%A8rica\" target=\"_blank\">DECLARACI\u00d3 D&#8217;INDEPEND\u00c8NCIA<\/a>&#160; dels Estats Units d&#8217;Am\u00e8rica. Aquesta <b>Declaraci\u00f3 d\u2019Independ\u00e8ncia <\/b>, llegida solemnement a Filad\u00e8lfia, constitueix encara avui \u2013segons diuen els entesos- un dels textos m\u00e9s innovadors i transcendents de la hist\u00f2ria contempor\u00e0nia perqu\u00e8 s\u2019hi proclamen dos dels principis b\u00e0sics sobre drets fonamentals: \u201cllibertat i igualtat\u201d&#160; <\/p>\n<p align=\"justify\">S\u00ed, ja s\u00e9 que alguns em diran que no no s\u00f3n les mateixes circumst\u00e0ncies, que els temps s\u00f3n uns altres, que aix\u00f2 d\u2019aqu\u00ed no \u00e9s all\u00f2 d\u2019all\u00e0\u2026 i que gira i que tomba. \u00c9s el que m\u2019han dit alguns aquests dies en un parell o tres de correus electr\u00f2nics que he rebut i que educadament he contestat. Un, comentava la manifestaci\u00f3 de Barcelona en pla \u201cfoteta\u201d i menystenint-la una mica. Un altre em deia que, tot i aquesta manifestaci\u00f3, no ens en sortir\u00edem perqu\u00e8 seguir\u00edem sent una minoria. I i tamb\u00e9 alg\u00fa mirant-la amb un cert respecte i adonant-se, de cop i volta, que les coses comencen a canviar r\u00e0pidament i que sembla que van seriosament.<\/p>\n<p align=\"justify\">En tots els moments en que un pa\u00eds fa una declaraci\u00f3 d\u2019aquest tipus s\u2019hi troba alguna cosa que \u00e9s la que ajuda a fer el \u201cclic\u201d definitiu, la gota que acaba de fer sobreeixir el vas, all\u00f2 que fa que exploti tot d\u2019una vegada tot all\u00f2 que s\u2019havia anat podrint de mica en mica. Els caldos de cultiu s\u00f3n lents per\u00f2 la transformaci\u00f3 es va fent lentament i un dia apareix el resultat. Per aix\u00f2, m\u00e9s que arguments per proclamar la independ\u00e8ncia d\u2019un pa\u00eds (que en trobar\u00edem molts, segurament) hi ha la voluntat de fer-ho. En darrer terme hi ha sempre el \u201cperqu\u00e8 ens d\u00f3na la gana\u201d, \u201cperqu\u00e8 la volem\u201d, \u201cperqu\u00e8 hi tenim dret\u201d\u00b7. I prou! No cal cap m\u00e9s argument, em sembla.<\/p>\n<p align=\"justify\">I no ser\u00e9 tan ruc com per pensar que tot ser\u00e0 de color de rosa i que el millor encara est\u00e0 per arribar. Seria igual de ruc el que pens\u00e9s que qualsevol temps passat va ser millor. En el passat hi han hagut coses bones i coses dolentes i en el futur passar\u00e0 exactament igual. Per\u00f2 aix\u00f2 no vol dir que no tinguem el dret de decidir-lo aquest futur i que no tinguem dret a equivocar-nos. Simplement \u00e9s aix\u00f2: perqu\u00e8 la majoria d\u2019un poble vol una altra cosa i iniciar un altre cam\u00ed. <\/p>\n<p align=\"justify\">A la gent que em va escriure els deia exactament aix\u00f2: aix\u00ed com tu tens el dret a no voler la independ\u00e8ncia i seguir com ara, jo tinc el dret a voler-la i seguir un cam\u00ed deferent. La resta \u00e9s intranscendent perqu\u00e8 d\u2019arguments a favor i en contra en tindrem tots i&#160; tants com volgu\u00e9ssim.<\/p>\n<p align=\"justify\">Per\u00f2 em sembla que ha arribat el moment de creure que l\u2019 \u201cIndependence day\u201d per Catalunya arribar\u00e0. No s\u00e9 si aviat o m\u00e9s tard. Per\u00f2 arribar\u00e0!<\/p>\n","protected":false},"excerpt":{"rendered":"<p>Aquests dies m\u2019he entretingut a llegir la DECLARACI\u00d3 D&#8217;INDEPEND\u00c8NCIA&#160; dels Estats Units d&#8217;Am\u00e8rica. Aquesta Declaraci\u00f3 d\u2019Independ\u00e8ncia , llegida solemnement a Filad\u00e8lfia, constitueix encara avui \u2013segons diuen els entesos- un dels textos m\u00e9s innovadors i transcendents de la hist\u00f2ria contempor\u00e0nia perqu\u00e8 s\u2019hi proclamen dos dels principis b\u00e0sics sobre drets fonamentals: \u201cllibertat i igualtat\u201d&#160; S\u00ed, ja s\u00e9 [&hellip;]<\/p>\n","protected":false},"author":214,"featured_media":0,"comment_status":"open","ping_status":"closed","sticky":false,"template":"","format":"standard","meta":{"_jetpack_memberships_contains_paid_content":false,"footnotes":"","jetpack_publicize_message":"","jetpack_publicize_feature_enabled":true,"jetpack_social_post_already_shared":false,"jetpack_social_options":{"image_generator_settings":{"template":"highway","default_image_id":0,"font":"","enabled":false},"version":2}},"categories":[643],"tags":[31863,31850],"class_list":["post-3900","post","type-post","status-publish","format-standard","hentry","category-independencia","tag-catalunya","tag-independencia"],"jetpack_publicize_connections":[],"jetpack_featured_media_url":"","jetpack_shortlink":"https:\/\/wp.me\/pagkjs-10U","jetpack-related-posts":[],"jetpack_sharing_enabled":true,"_links":{"self":[{"href":"https:\/\/blogs.avui.cat\/jaumepubill\/wp-json\/wp\/v2\/posts\/3900","targetHints":{"allow":["GET"]}}],"collection":[{"href":"https:\/\/blogs.avui.cat\/jaumepubill\/wp-json\/wp\/v2\/posts"}],"about":[{"href":"https:\/\/blogs.avui.cat\/jaumepubill\/wp-json\/wp\/v2\/types\/post"}],"author":[{"embeddable":true,"href":"https:\/\/blogs.avui.cat\/jaumepubill\/wp-json\/wp\/v2\/users\/214"}],"replies":[{"embeddable":true,"href":"https:\/\/blogs.avui.cat\/jaumepubill\/wp-json\/wp\/v2\/comments?post=3900"}],"version-history":[{"count":0,"href":"https:\/\/blogs.avui.cat\/jaumepubill\/wp-json\/wp\/v2\/posts\/3900\/revisions"}],"wp:attachment":[{"href":"https:\/\/blogs.avui.cat\/jaumepubill\/wp-json\/wp\/v2\/media?parent=3900"}],"wp:term":[{"taxonomy":"category","embeddable":true,"href":"https:\/\/blogs.avui.cat\/jaumepubill\/wp-json\/wp\/v2\/categories?post=3900"},{"taxonomy":"post_tag","embeddable":true,"href":"https:\/\/blogs.avui.cat\/jaumepubill\/wp-json\/wp\/v2\/tags?post=3900"}],"curies":[{"name":"wp","href":"https:\/\/api.w.org\/{rel}","templated":true}]}}