{"id":3872,"date":"2012-08-27T15:04:42","date_gmt":"2012-08-27T14:04:42","guid":{"rendered":"http:\/\/blogs.avui.cat\/jaumepubill\/?p=3872"},"modified":"2012-08-27T15:04:42","modified_gmt":"2012-08-27T14:04:42","slug":"un-salt-en-el-temps","status":"publish","type":"post","link":"https:\/\/blogs.avui.cat\/jaumepubill\/2012\/08\/27\/un-salt-en-el-temps\/","title":{"rendered":"Un salt en el temps"},"content":{"rendered":"\n<\/p>\n<p align=\"justify\"><img data-recalc-dims=\"1\" loading=\"lazy\" decoding=\"async\" style=\"margin: 0px 11px 0px 0px;float: left\" align=\"left\" src=\"https:\/\/i0.wp.com\/www.directe.cat\/imatges\/acn\/635120.jpg?resize=305%2C205\" width=\"305\" height=\"205\" \/>Ahir, en la trobada anual que fem els cosins Gamisans, vam fer una visita al Museu de l\u2019 Escola Rural de Castellar de la Ribera, al Solson\u00e8s. Un aut\u00e8ntic, interessant \u2013i una mica nost\u00e0lgic, per qu\u00e8 no recon\u00e8ixer-ho?- salt en el temps de m\u00e9s de 50 anys! Tots els cosins tenim una edat similar i tots vam tenir una experi\u00e8ncia tamb\u00e9 semblant de l\u2019escola de la nostra infantesa. <\/p>\n<p align=\"justify\">El <strong>Museu de l\u2019Escola Rural de Castellar de la Ribera<\/strong> vol donar a con\u00e8ixer l&#8217;evoluci\u00f3 de l&#8217;escola rural al llarg del segle XX i fins als nostres dies. El Museu de l\u2019Escola Rural est\u00e0 ubicat a <strong>Cal Sastre<\/strong>. Es tracta d\u2019una masia que des del 1926 i fins el 1974 va acollir l&#8217;escola rural del municipi i proposa un recorregut per l&#8217;escola durant el primer ter\u00e7 del segle XX, l&#8217;escola rural a la Segona Rep\u00fablica i durant el franquisme i l&#8217;escola rural actual. El museu mostra tamb\u00e9 una aula de l&#8217;escola rural del poble de manera intacta i tal com era a la postguerra.<a href=\"https:\/\/i0.wp.com\/blogs.avui.cat\/jaumepubill\/files\/2012\/08\/P8262776.jpg\"><img data-recalc-dims=\"1\" loading=\"lazy\" decoding=\"async\" style=\"border-bottom: 0px;border-left: 0px;margin: 0px 0px 0px 20px;padding-left: 0px;padding-right: 0px;float: right;border-top: 0px;border-right: 0px;padding-top: 0px\" border=\"0\" alt=\"P8262776\" align=\"right\" src=\"https:\/\/i0.wp.com\/blogs.avui.cat\/jaumepubill\/files\/2012\/08\/P8262776_thumb.jpg?resize=290%2C221\" width=\"290\" height=\"221\" \/><\/a><\/p>\n<p align=\"justify\">Entrant en aquella aula retorn\u00e0vem, d\u2019alguna manera, a la nostra infantesa en veure aquelles parets plenes de fotos, de mapes i d\u2019 objectes plens de records (a vegades bons i altres potser no tant). Llegint frases d\u2019aquells llibres, oberts estrat\u00e8gicament en certes p\u00e0gines molt ben triades, et retrobaves amb un tipus d\u2019educaci\u00f3 implantada pel franquisme i que ens va marcar molt a tots. L&#8217;educaci\u00f3 durant el franquisme fou el model d&#8217;organitzaci\u00f3 de l\u2019educaci\u00f3 implantat durant la dictadura del General\u00edsimo Franco (1939-1975). Com qualsevol model educatiu, aquest pretenia la&#160; transmissi\u00f3 de valors propis del sistema pol\u00edtic franquista i, a la vegada, eliminar l&#8217;obra educativa de la Segona Rep\u00fablica Espanyola, difonent a les escoles els principis ideol\u00f2gics dels vencedors de la Guerra (In)Civil Espanyola, establint un ideari pedag\u00f2gic basat en el nacionalcatolicisme i depurar del magisteri el personal docent no af\u00ed al r\u00e8gim. <\/p>\n<p align=\"justify\">Si et fixes en els llibres que hi s\u00f3n exposats pots veure que els materials lectius o els mitjans de d&#8217;expressi\u00f3 emprats havien de passar la censura eclesi\u00e0stica o la governamental per tal d&#8217;evitar continguts que podien ser considerats massa liberals. Els llibres de text havien de ser fidels als principis del <em>Movimiento<\/em> i per tant quedaven prohibits tots aquells aspectes relacionats amb els corrents cient\u00edfics i pedag\u00f2gics europeus. L&#8217;escola, com la resta d&#8217;Espanya, es trobava immersa en una autarquia cultural, amb omnipres\u00e8ncia dels continguts i valors de la religi\u00f3 cat\u00f2lica.<\/p>\n<p align=\"justify\"><a href=\"https:\/\/i0.wp.com\/blogs.avui.cat\/jaumepubill\/files\/2012\/08\/P8262775.jpg\"><img data-recalc-dims=\"1\" loading=\"lazy\" decoding=\"async\" style=\"border-right-width: 0px;margin: 0px 8px 0px 0px;padding-left: 0px;padding-right: 0px;float: left;border-top-width: 0px;border-bottom-width: 0px;border-left-width: 0px;padding-top: 0px\" border=\"0\" alt=\"P8262775\" align=\"left\" src=\"https:\/\/i0.wp.com\/blogs.avui.cat\/jaumepubill\/files\/2012\/08\/P8262775_thumb.jpg?resize=244%2C184\" width=\"244\" height=\"184\" \/><\/a>Tal com explica l\u2019article corresponent de la Wiquip\u00e8dia, l\u2019escola franquista, com tots els sistemes educatius, es caracteritzava sobretot en l&#8217;etapa del primer franquisme (1939-59), per aportar a les aules els valors patri\u00f2tics i religiosos del r\u00e8gim: <\/p>\n<ul>\n<li>\n<div align=\"justify\">Es penjaven el crucifix, el quadre de la Immaculada i el retrat de Franco a cada aula. <\/div>\n<\/li>\n<li>\n<div align=\"justify\">Obligaci\u00f3 de resar el Parenostre a l&#8217;inici de la jornada lectiva. <\/div>\n<\/li>\n<li>\n<div align=\"justify\">Per entrar a l&#8217;aula calia dir la frase, a tall de cortesia &quot;<i>Ave Maria Pur\u00edsima<\/i>&quot; que s&#8217;havia de respondre amb &quot;<i>sin pecado concebida<\/i>&quot;. <\/div>\n<\/li>\n<li>\n<div align=\"justify\">Pujar i abaixar la bandera a l&#8217;inici de la jornada escolar i quan aquesta finalitzava, acompanyant l&#8217;acci\u00f3 de la cantada de l&#8217;himne de la falange el Cara al Sol.<\/div>\n<\/li>\n<\/ul>\n<p align=\"justify\">En els primers temps del franquisme, professors i alumnes havien d&#8217;assistir obligat\u00f2riament a la missa dels diumenges, processons.<\/p>\n<p align=\"justify\">L&#8217;ensenyament es feia tot en castell\u00e0 (tret de llocs petits i apartats com en el cas d\u2019aquesta escola rural) i hi havia una separaci\u00f3 de mat\u00e8ries a cursar per als nois i les noies. Els nois havien de cursar la mat\u00e8ria de &quot;<i>Formaci\u00f3n del Esp\u00edritu Nacional<\/i>&quot; i les noies &quot;<i>Labores del Hogar<\/i>&quot;.<\/p>\n<p align=\"justify\">S&#8217;invertia poc en educaci\u00f3 i per aquest motiu les escoles p\u00fabliques o <i>Nacionales<\/i>, amb pocs recursos i condicions prec\u00e0ries, acollien els alumnes de les classes populars; mentre que les classes benestants duien els seus fills\/es a les escoles privades, la majoria d&#8217;ordes religiosos, que comptaven amb m\u00e9s recursos i tenien el control de l&#8217;ensenyament secundari i la formaci\u00f3 de les elits.<\/p>\n<p align=\"justify\">En fi, tota una bonica experi\u00e8ncia que us convido a tastar a tots aquells que ja comenceu a tenir uns anyets i que segur que aquestes imatges us diran alguna cosa. Nosaltres ens ho vam passar molt b\u00e9 i la visita ens va agradar.<\/p>\n","protected":false},"excerpt":{"rendered":"<p>Ahir, en la trobada anual que fem els cosins Gamisans, vam fer una visita al Museu de l\u2019 Escola Rural de Castellar de la Ribera, al Solson\u00e8s. Un aut\u00e8ntic, interessant \u2013i una mica nost\u00e0lgic, per qu\u00e8 no recon\u00e8ixer-ho?- salt en el temps de m\u00e9s de 50 anys! Tots els cosins tenim una edat similar i [&hellip;]<\/p>\n","protected":false},"author":214,"featured_media":0,"comment_status":"open","ping_status":"closed","sticky":false,"template":"","format":"standard","meta":{"_jetpack_memberships_contains_paid_content":false,"footnotes":"","jetpack_publicize_message":"","jetpack_publicize_feature_enabled":true,"jetpack_social_post_already_shared":false,"jetpack_social_options":{"image_generator_settings":{"template":"highway","default_image_id":0,"font":"","enabled":false},"version":2}},"categories":[668],"tags":[31855],"class_list":["post-3872","post","type-post","status-publish","format-standard","hentry","category-educacio","tag-educacio"],"jetpack_publicize_connections":[],"jetpack_featured_media_url":"","jetpack_shortlink":"https:\/\/wp.me\/pagkjs-10s","jetpack-related-posts":[],"jetpack_sharing_enabled":true,"_links":{"self":[{"href":"https:\/\/blogs.avui.cat\/jaumepubill\/wp-json\/wp\/v2\/posts\/3872","targetHints":{"allow":["GET"]}}],"collection":[{"href":"https:\/\/blogs.avui.cat\/jaumepubill\/wp-json\/wp\/v2\/posts"}],"about":[{"href":"https:\/\/blogs.avui.cat\/jaumepubill\/wp-json\/wp\/v2\/types\/post"}],"author":[{"embeddable":true,"href":"https:\/\/blogs.avui.cat\/jaumepubill\/wp-json\/wp\/v2\/users\/214"}],"replies":[{"embeddable":true,"href":"https:\/\/blogs.avui.cat\/jaumepubill\/wp-json\/wp\/v2\/comments?post=3872"}],"version-history":[{"count":0,"href":"https:\/\/blogs.avui.cat\/jaumepubill\/wp-json\/wp\/v2\/posts\/3872\/revisions"}],"wp:attachment":[{"href":"https:\/\/blogs.avui.cat\/jaumepubill\/wp-json\/wp\/v2\/media?parent=3872"}],"wp:term":[{"taxonomy":"category","embeddable":true,"href":"https:\/\/blogs.avui.cat\/jaumepubill\/wp-json\/wp\/v2\/categories?post=3872"},{"taxonomy":"post_tag","embeddable":true,"href":"https:\/\/blogs.avui.cat\/jaumepubill\/wp-json\/wp\/v2\/tags?post=3872"}],"curies":[{"name":"wp","href":"https:\/\/api.w.org\/{rel}","templated":true}]}}