{"id":3864,"date":"2012-08-24T12:29:05","date_gmt":"2012-08-24T11:29:05","guid":{"rendered":"http:\/\/blogs.avui.cat\/jaumepubill\/?p=3864"},"modified":"2012-08-24T12:29:05","modified_gmt":"2012-08-24T11:29:05","slug":"darrere-daquesta-mirada","status":"publish","type":"post","link":"https:\/\/blogs.avui.cat\/jaumepubill\/2012\/08\/24\/darrere-daquesta-mirada\/","title":{"rendered":"Darrere d&rsquo;aquesta mirada"},"content":{"rendered":"<p><img data-recalc-dims=\"1\" decoding=\"async\" src=\"https:\/\/i0.wp.com\/2.bp.blogspot.com\/_eftDZ83EGyA\/TKq3RTewxZI\/AAAAAAAAALw\/nHSp-40xqGc\/s1600\/mirada.jpg.jpg\" \/><\/p>\n<p align=\"center\">Darrere d\u2019aquesta mirada,<\/p>\n<p align=\"center\"> uns dies m\u00e9s brillant<\/p>\n<p align=\"center\">i altres m\u00e9s opaca,<\/p>\n<p align=\"center\">hi ha tot un bosc profund<\/p>\n<p align=\"center\">a vegades fosc, <\/p>\n<p align=\"center\">a vegades id\u00edl\u00b7lic,<\/p>\n<p align=\"center\">per\u00f2 sempre interessant,<\/p>\n<p align=\"center\">perqu\u00e8 hi trobem vida, soroll,<\/p>\n<p align=\"center\">rialles, crits i tamb\u00e9 silencis.<\/p>\n<p align=\"center\">&#160;<\/p>\n<p align=\"center\">Hi ha llargs silencis que la gent no coneix,<\/p>\n<p align=\"center\">silencis que la gent no compr\u00e8n;<\/p>\n<p align=\"center\">llargs silencis trencats nom\u00e9s per la llum de la lluna<\/p>\n<p align=\"center\">o els raig de sol entre els arbres.<\/p>\n<p align=\"center\">En aquests silencis l\u2019\u00e0nima se\u2019t buida<\/p>\n<p align=\"center\">per reomplir-se de nou.<\/p>\n<p align=\"center\">&#160;<\/p>\n<p align=\"center\">Els ecos de les veus humanes queden lluny<\/p>\n<p align=\"center\">i nom\u00e9s sents la teva pr\u00f2pia veu interior<\/p>\n<p align=\"center\">i els cants dels ocells molt a prop<\/p>\n<p align=\"center\">que et retornen a la vida<\/p>\n<p align=\"center\">quan ressonen en la teva \u00e0nima.<\/p>\n<p align=\"center\">A estones prefereixes l\u2019ombra perqu\u00e8 et regala<\/p>\n<p align=\"center\"> aquells moment tan profunds i introspectius<\/p>\n<p align=\"center\">i en altres moments busques la claror del sol<\/p>\n<p align=\"center\">perqu\u00e8 et connecta de nou amb la vida exterior.<\/p>\n<p align=\"center\">&#160;<\/p>\n<p align=\"center\">Per\u00f2 darrere d\u2019aquest ulls sempre hi ets tu<\/p>\n<p align=\"center\">i sempre hi ha aquest bosc profund<\/p>\n<p align=\"center\"> per poder-hi anar a passar una estona.<\/p>\n","protected":false},"excerpt":{"rendered":"<p>Darrere d\u2019aquesta mirada, uns dies m\u00e9s brillant i altres m\u00e9s opaca, hi ha tot un bosc profund a vegades fosc, a vegades id\u00edl\u00b7lic, per\u00f2 sempre interessant, perqu\u00e8 hi trobem vida, soroll, rialles, crits i tamb\u00e9 silencis. &#160; Hi ha llargs silencis que la gent no coneix, silencis que la gent no compr\u00e8n; llargs silencis trencats [&hellip;]<\/p>\n","protected":false},"author":214,"featured_media":0,"comment_status":"open","ping_status":"closed","sticky":false,"template":"","format":"standard","meta":{"_jetpack_memberships_contains_paid_content":false,"footnotes":"","jetpack_publicize_message":"","jetpack_publicize_feature_enabled":true,"jetpack_social_post_already_shared":false,"jetpack_social_options":{"image_generator_settings":{"template":"highway","default_image_id":0,"font":"","enabled":false},"version":2}},"categories":[440,145],"tags":[31840,31825],"class_list":["post-3864","post","type-post","status-publish","format-standard","hentry","category-literatura","category-poesia","tag-literatura","tag-poesia"],"jetpack_publicize_connections":[],"jetpack_featured_media_url":"","jetpack_shortlink":"https:\/\/wp.me\/pagkjs-10k","jetpack-related-posts":[],"jetpack_sharing_enabled":true,"_links":{"self":[{"href":"https:\/\/blogs.avui.cat\/jaumepubill\/wp-json\/wp\/v2\/posts\/3864","targetHints":{"allow":["GET"]}}],"collection":[{"href":"https:\/\/blogs.avui.cat\/jaumepubill\/wp-json\/wp\/v2\/posts"}],"about":[{"href":"https:\/\/blogs.avui.cat\/jaumepubill\/wp-json\/wp\/v2\/types\/post"}],"author":[{"embeddable":true,"href":"https:\/\/blogs.avui.cat\/jaumepubill\/wp-json\/wp\/v2\/users\/214"}],"replies":[{"embeddable":true,"href":"https:\/\/blogs.avui.cat\/jaumepubill\/wp-json\/wp\/v2\/comments?post=3864"}],"version-history":[{"count":0,"href":"https:\/\/blogs.avui.cat\/jaumepubill\/wp-json\/wp\/v2\/posts\/3864\/revisions"}],"wp:attachment":[{"href":"https:\/\/blogs.avui.cat\/jaumepubill\/wp-json\/wp\/v2\/media?parent=3864"}],"wp:term":[{"taxonomy":"category","embeddable":true,"href":"https:\/\/blogs.avui.cat\/jaumepubill\/wp-json\/wp\/v2\/categories?post=3864"},{"taxonomy":"post_tag","embeddable":true,"href":"https:\/\/blogs.avui.cat\/jaumepubill\/wp-json\/wp\/v2\/tags?post=3864"}],"curies":[{"name":"wp","href":"https:\/\/api.w.org\/{rel}","templated":true}]}}