{"id":3832,"date":"2012-08-11T11:22:54","date_gmt":"2012-08-11T10:22:54","guid":{"rendered":"http:\/\/blogs.avui.cat\/jaumepubill\/?p=3832"},"modified":"2012-08-11T11:22:54","modified_gmt":"2012-08-11T10:22:54","slug":"ser-espanyol-de-grat-o-per-fora","status":"publish","type":"post","link":"https:\/\/blogs.avui.cat\/jaumepubill\/2012\/08\/11\/ser-espanyol-de-grat-o-per-fora\/","title":{"rendered":"Ser espanyol de grat o per for&ccedil;a"},"content":{"rendered":"<p align=\"justify\"><img data-recalc-dims=\"1\" loading=\"lazy\" decoding=\"async\" style=\"margin: 0px 12px 0px 0px;float: left\" align=\"left\" src=\"https:\/\/i0.wp.com\/2.bp.blogspot.com\/_8LgB3d9wrsg\/TG67Fxnuf2I\/AAAAAAAAACI\/MtEuNvWaSO4\/s1600\/foto15ghm6.jpg?resize=308%2C229\" width=\"308\" height=\"229\" \/>Ho sap prou b\u00e9 el jugador d&#8217;hoquei herba, \u00c0lex F\u00e0bregas, que el volen fer ser espanyol <strong>per pebrots<\/strong>. Ell, amb tota la bona fe del m\u00f3n, nom\u00e9s ha dit el que creuen i senten molts catalans: que &quot;se sent catal\u00e0&quot; per\u00f2 que juga amb Espanya &quot;perqu\u00e8 no t\u00e9 m\u00e9s opci\u00f3&quot;, fet que \u00e9s cert, ja que la llei espanyola obliga els esportistes triats pel seleccionador a jugar amb la selecci\u00f3, ho <strong>vulguin o no<\/strong>. <\/p>\n<p align=\"justify\">Em fa gr\u00e0cia aix\u00f2 que el nacionalisme espanyol proclama i imposa amb virul\u00e8ncia: aqu\u00ed s\u2019ha de ser espanyol <strong>per collons<\/strong>, o si ho voleu de manera m\u00e9s fina, <strong>per nassos.<\/strong> Aqu\u00ed tothom s\u2019ha de sentir tal com ell volen que ens haguem de sentir i no tal com hom se sent de forma natural. Per aix\u00f2 el nacionalisme espanyol \u2013que \u00e9s infinitament molt m\u00e9s virulent i molt m\u00e9s mal educat que el catal\u00e0- ha reaccionat r\u00e0pidament i de forma virulenta especialment a la xarxa twitter. L\u2019\u00c0lex F\u00e0bregas ha decidit tancar el seu compte davant dels insults i cr\u00edtiques que estava rebent. No ha tingut ganes ni humor per aguantar tantes impertin\u00e8ncies i trobo que ha fet molt b\u00e9. Una bona t\u00e0ctica davant d\u2019un gos que lladra i&#160; \u00e9s seguir caminant fent veure que no el sents i fer-se el desent\u00e8s. En castell\u00e0 seria all\u00f2 de \u201c<em>Ladran<\/em>, <em>Sancho<\/em>, <em>se\u00f1al que cabalgamos\u201d<\/em>. Aquesta forma d\u2019ignorar a certa gent no \u00e9s cap falta de respecte sin\u00f3 m\u00e9s aviat signe de dignitat i llibertat. Ells que pensin com vulgui, que jo pensar\u00e9 tamb\u00e9 com voldr\u00e9\u2026<\/p>\n<p align=\"justify\">\u00c9s pat\u00e8tic, \u00e9s rid\u00edcul, \u00e9s senyal de retard hist\u00f2ric (i potser d\u2019alguna altra mena de retard), \u00e9s ser curt de gambals i \u00e9s senyal de que encara viuen molts anys enrere no adonar-se que imposar les coses <strong>contra voluntat<\/strong> i <strong>tant si es vol com si no es vol<\/strong>&#160; no treu cap a res. Alguns espanyols volen que els gibraltarenys se sentin espanyols encara que ells no vulguin, o que els catalans ens sentim espanyols <strong>per grat o per for\u00e7a.<\/strong> No entenen que per aquest cam\u00ed no arribaran enlloc i que no fan m\u00e9s que despertar i fer adonar a molts ciutadans que es pot ser lliure de pensar com es vulgui i no com et diuen. A vegades no compta per a res la voluntat dels ciutadans sin\u00f3 que aqu\u00ed les coses es volen fer encara <strong>per decret<\/strong> i sota el principi d\u2019 \u201c<strong>ordeno y mando\u201d.<\/strong><\/p>\n<p align=\"justify\">Fem nosa? Molestem? No ens suporten? No podem ser el que vulguem? Hi ha dos camins: marxar o que ens facin fora. Els dos podrien ser prou bons. Caldr\u00e0 estudiar quin podria ser el millor, el m\u00e9s pr\u00e0ctic i el m\u00e9s r\u00e0pid.<\/p>\n","protected":false},"excerpt":{"rendered":"<p>Ho sap prou b\u00e9 el jugador d&#8217;hoquei herba, \u00c0lex F\u00e0bregas, que el volen fer ser espanyol per pebrots. Ell, amb tota la bona fe del m\u00f3n, nom\u00e9s ha dit el que creuen i senten molts catalans: que &quot;se sent catal\u00e0&quot; per\u00f2 que juga amb Espanya &quot;perqu\u00e8 no t\u00e9 m\u00e9s opci\u00f3&quot;, fet que \u00e9s cert, ja [&hellip;]<\/p>\n","protected":false},"author":214,"featured_media":0,"comment_status":"open","ping_status":"closed","sticky":false,"template":"","format":"standard","meta":{"_jetpack_memberships_contains_paid_content":false,"footnotes":"","jetpack_publicize_message":"","jetpack_publicize_feature_enabled":true,"jetpack_social_post_already_shared":false,"jetpack_social_options":{"image_generator_settings":{"template":"highway","default_image_id":0,"font":"","enabled":false},"version":2}},"categories":[877,1296,447],"tags":[31863,230,31841],"class_list":["post-3832","post","type-post","status-publish","format-standard","hentry","category-catalunya","category-espana","category-nacionalisme","tag-catalunya","tag-espanya","tag-nacionalisme"],"jetpack_publicize_connections":[],"jetpack_featured_media_url":"","jetpack_shortlink":"https:\/\/wp.me\/pagkjs-ZO","jetpack-related-posts":[],"jetpack_sharing_enabled":true,"_links":{"self":[{"href":"https:\/\/blogs.avui.cat\/jaumepubill\/wp-json\/wp\/v2\/posts\/3832","targetHints":{"allow":["GET"]}}],"collection":[{"href":"https:\/\/blogs.avui.cat\/jaumepubill\/wp-json\/wp\/v2\/posts"}],"about":[{"href":"https:\/\/blogs.avui.cat\/jaumepubill\/wp-json\/wp\/v2\/types\/post"}],"author":[{"embeddable":true,"href":"https:\/\/blogs.avui.cat\/jaumepubill\/wp-json\/wp\/v2\/users\/214"}],"replies":[{"embeddable":true,"href":"https:\/\/blogs.avui.cat\/jaumepubill\/wp-json\/wp\/v2\/comments?post=3832"}],"version-history":[{"count":0,"href":"https:\/\/blogs.avui.cat\/jaumepubill\/wp-json\/wp\/v2\/posts\/3832\/revisions"}],"wp:attachment":[{"href":"https:\/\/blogs.avui.cat\/jaumepubill\/wp-json\/wp\/v2\/media?parent=3832"}],"wp:term":[{"taxonomy":"category","embeddable":true,"href":"https:\/\/blogs.avui.cat\/jaumepubill\/wp-json\/wp\/v2\/categories?post=3832"},{"taxonomy":"post_tag","embeddable":true,"href":"https:\/\/blogs.avui.cat\/jaumepubill\/wp-json\/wp\/v2\/tags?post=3832"}],"curies":[{"name":"wp","href":"https:\/\/api.w.org\/{rel}","templated":true}]}}