{"id":383,"date":"2009-06-20T22:07:26","date_gmt":"2009-06-20T21:07:26","guid":{"rendered":"http:\/\/blogs.avui.cat\/jaumepubill\/2009\/06\/20\/amb-h-o-sense\/"},"modified":"2009-06-20T22:07:26","modified_gmt":"2009-06-20T21:07:26","slug":"amb-h-o-sense","status":"publish","type":"post","link":"https:\/\/blogs.avui.cat\/jaumepubill\/2009\/06\/20\/amb-h-o-sense\/","title":{"rendered":"Amb H o sense?"},"content":{"rendered":"<p><img loading=\"lazy\" decoding=\"async\" src=\"http:\/\/tbn2.google.com\/images?q=tbn:GSCKJ3SYMLfWKM:http:\/\/www.hazmeelchingadofavor.com\/wp-content\/uploads\/2007\/12\/sucio.jpg\" width=\"179\" height=\"102\" \/> <\/p>\n<p>Avui dinava amb uns amics condeixebles i coment\u00e0vem, com habitualment i indefectible es fa en aquestes ocasions, de les \u201cbatalletes\u201d que tots junts vam viure i, a vegades, sobreviure.<\/p>\n<p>Coment\u00e0vem dels professors que v\u00e0rem tenir, de les classes, de si hav\u00edem aprofitat el temps o no. Alguns sortien molt mal parats i altres els elev\u00e0vem als altars. I parl\u00e0vem de com ens havien ensenyat a llegir, a escriure, a redactar, a no fer massa faltes d\u2019ortografia, etc&#160; I ho compar\u00e0vem amb el jovent actual que es diu que cada dia escriuen pitjor. Alg\u00fa ho atribu\u00efa, entre altres causes, als missatges de m\u00f2bil on fan servir unes paraules que, si hom no hi est\u00e0 acostumat, resulten d\u2019all\u00f2 tan misterioses i poc entenedores. Les escurcen i les malmeten de tal manera que faria plorar a un escriptor cl\u00e0ssic. Diuen que \u00e9s un signe del temps i que no s\u2019hi pot lluitar. No n\u2019estic segur. Potser s\u2019hi podria fer alguna cosa m\u00e9s\u2026<\/p>\n<p>No pot ser que ja no hi hagi esdr\u00faixoles accentuades, hagin desaparegut les H, les SS i les S intercanviades, i la nostra \u00c7 ja estigui en vies d\u2019extinci\u00f3. Les regles ortogr\u00e0fiques ja no existeixen i la sintaxi ja ni se sap qu\u00e8 \u00e9s, perqu\u00e8 costa molt entendre qu\u00e8 volen dir quan parlen. No se saben expressar m\u00ednimament en una conversa normal.&#160; Yoani S\u00e1nchez, la bloguera cubana, explicava que un alumne, en un aparaula de 5 lletres havia fet 4 faltes. La paraula era \u201cCIVIL\u201d i l\u2019alumne havia escrit \u201cSIBIR\u201d. Sort n&#8217; hi va haver del context de la frase per poder entendre el que volia dir!.<\/p>\n<p>Que potser la gram\u00e0tica s\u2019hauria de modificar i que s\u2019haurien de canviar certes regles? Potser si. No ho s\u00e9. Per\u00f2 segur que es podria fer alguna cosa m\u00e9s mentre tinguem la gram\u00e0tica que tenim, penso jo, i algunes normes sempre hi haur\u00e0 d\u2019haver, no&#8217;?<\/p>\n<p>En la tert\u00falia d\u2019avui tots nosaltres don\u00e0vem les gr\u00e0cies a aquells professors que van esfor\u00e7ar-se en que escrigu\u00e9ssim i lleg\u00edssim b\u00e9. L\u2019ortografia \u00e9s l\u2019expressi\u00f3 d\u2019una cultura general que t\u00e9 la seva base en la lectura i els llibres<\/p>\n<p>&#160;<\/p>\n<\/p>\n<div>Etiquetes de Technorati: <a href=\"http:\/\/technorati.com\/tags\/Ortografia\" rel=\"tag\">Ortografia<\/a>,<a href=\"http:\/\/technorati.com\/tags\/Cultura\" rel=\"tag\">Cultura<\/a>,<a href=\"http:\/\/technorati.com\/tags\/Ensenyament\" rel=\"tag\">Ensenyament<\/a>,<a href=\"http:\/\/technorati.com\/tags\/Escola\" rel=\"tag\">Escola<\/a>,<a href=\"http:\/\/technorati.com\/tags\/Lectura\" rel=\"tag\">Lectura<\/a>,<a href=\"http:\/\/technorati.com\/tags\/Escriptura\" rel=\"tag\">Escriptura<\/a>,<a href=\"http:\/\/technorati.com\/tags\/Literatura\" rel=\"tag\">Literatura<\/a>,<a href=\"http:\/\/technorati.com\/tags\/Yoani+S%c3%a1nchez\" rel=\"tag\">Yoani S&#225;nchez<\/a><\/div>\n","protected":false},"excerpt":{"rendered":"<p>Avui dinava amb uns amics condeixebles i coment\u00e0vem, com habitualment i indefectible es fa en aquestes ocasions, de les \u201cbatalletes\u201d que tots junts vam viure i, a vegades, sobreviure. Coment\u00e0vem dels professors que v\u00e0rem tenir, de les classes, de si hav\u00edem aprofitat el temps o no. Alguns sortien molt mal parats i altres els elev\u00e0vem [&hellip;]<\/p>\n","protected":false},"author":214,"featured_media":0,"comment_status":"open","ping_status":"open","sticky":false,"template":"","format":"standard","meta":{"_jetpack_memberships_contains_paid_content":false,"footnotes":"","jetpack_publicize_message":"","jetpack_publicize_feature_enabled":true,"jetpack_social_post_already_shared":false,"jetpack_social_options":{"image_generator_settings":{"template":"highway","default_image_id":0,"font":"","enabled":false},"version":2}},"categories":[189,668,4365,440],"tags":[],"class_list":["post-383","post","type-post","status-publish","format-standard","hentry","category-cultura","category-educacio","category-ensenyament-cultura","category-literatura"],"jetpack_publicize_connections":[],"jetpack_featured_media_url":"","jetpack_shortlink":"https:\/\/wp.me\/pagkjs-6b","jetpack-related-posts":[],"jetpack_sharing_enabled":true,"_links":{"self":[{"href":"https:\/\/blogs.avui.cat\/jaumepubill\/wp-json\/wp\/v2\/posts\/383","targetHints":{"allow":["GET"]}}],"collection":[{"href":"https:\/\/blogs.avui.cat\/jaumepubill\/wp-json\/wp\/v2\/posts"}],"about":[{"href":"https:\/\/blogs.avui.cat\/jaumepubill\/wp-json\/wp\/v2\/types\/post"}],"author":[{"embeddable":true,"href":"https:\/\/blogs.avui.cat\/jaumepubill\/wp-json\/wp\/v2\/users\/214"}],"replies":[{"embeddable":true,"href":"https:\/\/blogs.avui.cat\/jaumepubill\/wp-json\/wp\/v2\/comments?post=383"}],"version-history":[{"count":0,"href":"https:\/\/blogs.avui.cat\/jaumepubill\/wp-json\/wp\/v2\/posts\/383\/revisions"}],"wp:attachment":[{"href":"https:\/\/blogs.avui.cat\/jaumepubill\/wp-json\/wp\/v2\/media?parent=383"}],"wp:term":[{"taxonomy":"category","embeddable":true,"href":"https:\/\/blogs.avui.cat\/jaumepubill\/wp-json\/wp\/v2\/categories?post=383"},{"taxonomy":"post_tag","embeddable":true,"href":"https:\/\/blogs.avui.cat\/jaumepubill\/wp-json\/wp\/v2\/tags?post=383"}],"curies":[{"name":"wp","href":"https:\/\/api.w.org\/{rel}","templated":true}]}}