{"id":3777,"date":"2012-08-02T12:13:54","date_gmt":"2012-08-02T11:13:54","guid":{"rendered":"http:\/\/blogs.avui.cat\/jaumepubill\/?p=3777"},"modified":"2012-08-02T12:13:54","modified_gmt":"2012-08-02T11:13:54","slug":"unes-quantes-veritats","status":"publish","type":"post","link":"https:\/\/blogs.avui.cat\/jaumepubill\/2012\/08\/02\/unes-quantes-veritats\/","title":{"rendered":"Unes quantes veritats"},"content":{"rendered":"<span class=\"embed-youtube\" style=\"text-align:center; display: block;\"><iframe loading=\"lazy\" class=\"youtube-player\" width=\"600\" height=\"338\" src=\"https:\/\/www.youtube.com\/embed\/AxzRXnIDNRE?version=3&#038;rel=1&#038;showsearch=0&#038;showinfo=1&#038;iv_load_policy=1&#038;fs=1&#038;hl=ca&#038;autohide=2&#038;wmode=transparent\" allowfullscreen=\"true\" style=\"border:0;\" sandbox=\"allow-scripts allow-same-origin allow-popups allow-presentation allow-popups-to-escape-sandbox\"><\/iframe><\/span>\n<p style=\"text-align: justify\">Intervencions, com aquesta que es va poder escoltar al Congr\u00e9s el 19 de Juliol de 2012, donen bo d&#8217;escoltar. Sabino Cuadra, diputat d&#8217; Amaiur, es va lluir, com s&#8217;ha llu\u00eft altres vegades. Aquest home diu les coses pel seu nom (amb noms i cognoms, fins i tot) i ja comen\u00e7a a ser hora de que es diguin les coses d&#8217;aquesta manera.<\/p>\n<p style=\"text-align: justify\">La pol\u00edtica s&#8217;ha tornat un joc diplom\u00e0tic i massa refinat. S&#8217;han deixat de dir les coses pel seu nom i ara ja tot s\u00f3n eufemismes: un rescat en tota la regla ara \u00e9s un cr\u00e8dit en bones condicions. Parlem de pacte fiscal quan volem dir tenir les claus de la caixa i poder administrar com ens roti els quatre cal\u00e9s que tenim els catalans. Diguem clar que Espanya ens roba i que ja n&#8217;estem farts. Diguem d&#8217;una vegada que aix\u00f2 de les autonomies ha deixat de funcionar i el que volem \u00e9s independ\u00e8ncia. Diguem d&#8217;una vegada que els jutges s&#8217;han tornat injustos i, com passa al futbol, els penals s\u00f3n sempre a favor del mateix equip i s\u00f3n l&#8217;empenteta que falta per poder guanyar els partits.<\/p>\n<p style=\"text-align: justify\">La pol\u00edtica i els pol\u00edtics ens comencen a cansar perqu\u00e8 no s\u00f3n valents i perqu\u00e8 diuen una cosa abans de les eleccions i despr\u00e9s fan tot el contrari. Els pol\u00edtics s&#8217;han tornat populistes i diuen el que la gent vol sentir. Si han de mentir menteixen sense cap mena d&#8217;escr\u00fapols.<\/p>\n<p style=\"text-align: justify\">On ens portar\u00e0 tot aix\u00f2? Doncs \u00e9s molt clar: que la gent s&#8217;atipar\u00e0 de la pol\u00edtica i, farta de tantes mentides, sortir\u00e0 als carrers perqu\u00e8 veu que tot plegat \u00e9s una com\u00e8dia i que els \u00fanics que segueixen tenint menjar a la menjadora s\u00f3n els de sempre.<\/p>\n<p style=\"text-align: justify\">Pr aix\u00f2 aniria b\u00e9 sentir m\u00e9s sovint intervencions com les del diputat Sabino Cuadra.<\/p>\n<p style=\"text-align: justify\">\n<p style=\"text-align: justify\">\n","protected":false},"excerpt":{"rendered":"<p>Intervencions, com aquesta que es va poder escoltar al Congr\u00e9s el 19 de Juliol de 2012, donen bo d&#8217;escoltar. Sabino Cuadra, diputat d&#8217; Amaiur, es va lluir, com s&#8217;ha llu\u00eft altres vegades. Aquest home diu les coses pel seu nom (amb noms i cognoms, fins i tot) i ja comen\u00e7a a ser hora de que [&hellip;]<\/p>\n","protected":false},"author":214,"featured_media":0,"comment_status":"open","ping_status":"closed","sticky":false,"template":"","format":"standard","meta":{"_jetpack_memberships_contains_paid_content":false,"footnotes":"","jetpack_publicize_message":"","jetpack_publicize_feature_enabled":true,"jetpack_social_post_already_shared":false,"jetpack_social_options":{"image_generator_settings":{"template":"highway","default_image_id":0,"font":"","enabled":false},"version":2}},"categories":[816,172],"tags":[],"class_list":["post-3777","post","type-post","status-publish","format-standard","hentry","category-general","category-politica"],"jetpack_publicize_connections":[],"jetpack_featured_media_url":"","jetpack_shortlink":"https:\/\/wp.me\/pagkjs-YV","jetpack-related-posts":[],"jetpack_sharing_enabled":true,"_links":{"self":[{"href":"https:\/\/blogs.avui.cat\/jaumepubill\/wp-json\/wp\/v2\/posts\/3777","targetHints":{"allow":["GET"]}}],"collection":[{"href":"https:\/\/blogs.avui.cat\/jaumepubill\/wp-json\/wp\/v2\/posts"}],"about":[{"href":"https:\/\/blogs.avui.cat\/jaumepubill\/wp-json\/wp\/v2\/types\/post"}],"author":[{"embeddable":true,"href":"https:\/\/blogs.avui.cat\/jaumepubill\/wp-json\/wp\/v2\/users\/214"}],"replies":[{"embeddable":true,"href":"https:\/\/blogs.avui.cat\/jaumepubill\/wp-json\/wp\/v2\/comments?post=3777"}],"version-history":[{"count":16,"href":"https:\/\/blogs.avui.cat\/jaumepubill\/wp-json\/wp\/v2\/posts\/3777\/revisions"}],"predecessor-version":[{"id":3805,"href":"https:\/\/blogs.avui.cat\/jaumepubill\/wp-json\/wp\/v2\/posts\/3777\/revisions\/3805"}],"wp:attachment":[{"href":"https:\/\/blogs.avui.cat\/jaumepubill\/wp-json\/wp\/v2\/media?parent=3777"}],"wp:term":[{"taxonomy":"category","embeddable":true,"href":"https:\/\/blogs.avui.cat\/jaumepubill\/wp-json\/wp\/v2\/categories?post=3777"},{"taxonomy":"post_tag","embeddable":true,"href":"https:\/\/blogs.avui.cat\/jaumepubill\/wp-json\/wp\/v2\/tags?post=3777"}],"curies":[{"name":"wp","href":"https:\/\/api.w.org\/{rel}","templated":true}]}}