{"id":377,"date":"2009-06-14T14:25:44","date_gmt":"2009-06-14T13:25:44","guid":{"rendered":"http:\/\/blogs.avui.cat\/jaumepubill\/2009\/06\/14\/als-meus-amics-madrilenys\/"},"modified":"2009-06-14T14:25:44","modified_gmt":"2009-06-14T13:25:44","slug":"als-meus-amics-madrilenys","status":"publish","type":"post","link":"https:\/\/blogs.avui.cat\/jaumepubill\/2009\/06\/14\/als-meus-amics-madrilenys\/","title":{"rendered":"Als meus amics madrilenys."},"content":{"rendered":"<p><img decoding=\"async\" src=\"http:\/\/tbn3.google.com\/images?q=tbn:Ih5XpbMd2xccsM:http:\/\/www.xtec.es\/~cllombar\/llenguasignes\/grafics\/banderes.gif\" \/> <\/p>\n<p>\u00c9sser seguidor del&#160; Real Madrid no \u00e9s cap pecat, per\u00f2 \u00e9s un defecte molt gros i dif\u00edcil de corregir. Ser madrileny no \u00e9s culpa de ning\u00fa, sin\u00f3 m\u00e9s aviat de les circumst\u00e0ncies. Perqu\u00e8 el 80% de madrilenys nom\u00e9s ho s\u00f3n d\u2019adopci\u00f3 i no pas de naixement. Per tant, tampoc \u00e9s cap pecat atribu\u00efble a ning\u00fa. Viure en un lloc determinat \u00e9s fruit de les circumst\u00e0ncies. Per\u00f2 entendre la realitat o no entendre-la ja \u00e9s fruit de la bona voluntat o de la intel\u00b7lig\u00e8ncia.<\/p>\n<p>Aix\u00f2 ho dic pels alguns amics,(i fins i tot alguns familiars), madrilenys que tinc. No ho dic per a tots. I de veritat que els considero amics. Jo els estimo de veritat i crec que ells a mi tamb\u00e9. Per\u00f2 discrepem de moltes coses des de fa temps. Ells ho saben i jo tamb\u00e9. Per aix\u00f2 de certs temes no se\u2019n parla per no crear mala maror i distorsionar la conviv\u00e8ncia. I no se\u2019n parla ara, perqu\u00e8 ja n\u2019hem parlat mo0lt i no ens hem ent\u00e8s. Jo respecto la seva opini\u00f3 per\u00f2 tamb\u00e9 espero que ells respectin la meva.<\/p>\n<p>I la meva opini\u00f3 i el meu punt de vista sobre certes coses \u00e9s tan allunyat del seu que , possiblement, mai arribin a trobar-se si no \u00e9s que canvi\u00efn molt les circumst\u00e0ncies i s\u2019esmerci m\u00e9s esfor\u00e7 en l\u2019educaci\u00f3, canviant molts esquemes. Pol\u00edticament, esportivament, culturalment, socialment -i tots els \u201cment\u201d que vulgueu- som a anys llum i molt diferents. Les percepcions i les realitats de les coses es viuen de manera diferent segons el lloc on hom es trobi. Un ric que tota la vida ha viscut en un palau i en una torre d\u2019ivori dif\u00edcilment pugui fer-se c\u00e0rrec de les dificultats que passa un pobre per a sobreviure. El mateix els passa a certs pol\u00edtics que no xafen el carrer i no se\u2019ls embruten les sabates. Hi han pol\u00edtics que viuen lluny de la realitat i altres que escolten la gent. Jo em fio molt m\u00e9s dels darrers.<\/p>\n<p>Per aix\u00f2 molts seran incapa\u00e7os d\u2019entendre, per exemple,&#160; l\u2019espectacular xiulada que desenes de milers de catalans i bascos van dedicar a l\u2019himne i al rei d\u2019Espanya a la final de la Copa del seu t\u00edtol, a Val\u00e8ncia. Aquests amics madrilenys nom\u00e9s escolten emissores madrilenyes, veuen TV madrilenyes i llegeixen diaris madrilenys. I quan dic madrilenys, vull dir \u201cnacionales\u201d, que per a mi \u00e9s el mateix. Per tant, seran incapa\u00e7os d\u2019entendre mai la sensibilitat \u201cperif\u00e8rica\u201d, emprant el llenguatge que ells mateixos fan servir. Parlar catal\u00e0 \u00e9s una p\u00e8rdua de temps; conservar certes tradicions no serveix de res; reivindicar Estatuts i finan\u00e7aments \u00e9s una tonteria;&#160; i dir que som diferents \u00e9s un complex de superioritat que tenim alguns. Aquesta \u00e9s la realitat i ser\u00e0 dif\u00edcil&#160; canviar-la perqu\u00e8 \u00e9s una realitat que no coneixen ni esperen trobar-se despr\u00e9s d\u2019haver-se alimentat durant anys d\u2019aliments carregats d\u2019odi contra els catalans.. \u00c9s un xoc dif\u00edcil de superar\u2026<\/p>\n<p>Aquest port d\u2019avui vol contestar algunes opinions que rebo d\u2019aquests amics que, per delicadesa, no me\u2019ls deixen escrits aqu\u00ed per\u00f2 que me\u2019ls envien per correu. Jo penso que seria millor que s\u2019atrevissin a iniciar un debat p\u00fablic on tothom pugui opinar. Per aix\u00f2 jo he considerat que \u00e9s millor fer la resposta p\u00fablicament. Espero que el debat continu\u00ef amb total llibertat i maduresa.<\/p>\n<p>Amics madrilenys, una abra\u00e7ada!<\/p>\n<div>Etiquetes de Technorati: <a href=\"http:\/\/technorati.com\/tags\/Pa%c3%afsos\" rel=\"tag\">Pa&#239;sos<\/a>,<a href=\"http:\/\/technorati.com\/tags\/Catalunya\" rel=\"tag\">Catalunya<\/a>,<a href=\"http:\/\/technorati.com\/tags\/Espanya\" rel=\"tag\">Espanya<\/a><\/div>\n","protected":false},"excerpt":{"rendered":"<p>\u00c9sser seguidor del&#160; Real Madrid no \u00e9s cap pecat, per\u00f2 \u00e9s un defecte molt gros i dif\u00edcil de corregir. Ser madrileny no \u00e9s culpa de ning\u00fa, sin\u00f3 m\u00e9s aviat de les circumst\u00e0ncies. Perqu\u00e8 el 80% de madrilenys nom\u00e9s ho s\u00f3n d\u2019adopci\u00f3 i no pas de naixement. Per tant, tampoc \u00e9s cap pecat atribu\u00efble a ning\u00fa. [&hellip;]<\/p>\n","protected":false},"author":214,"featured_media":0,"comment_status":"open","ping_status":"open","sticky":false,"template":"","format":"standard","meta":{"_jetpack_memberships_contains_paid_content":false,"footnotes":"","jetpack_publicize_message":"","jetpack_publicize_feature_enabled":true,"jetpack_social_post_already_shared":false,"jetpack_social_options":{"image_generator_settings":{"template":"highway","default_image_id":0,"font":"","enabled":false},"version":2}},"categories":[877,1296,3691],"tags":[],"class_list":["post-377","post","type-post","status-publish","format-standard","hentry","category-catalunya","category-espana","category-paisos"],"jetpack_publicize_connections":[],"jetpack_featured_media_url":"","jetpack_shortlink":"https:\/\/wp.me\/pagkjs-65","jetpack-related-posts":[],"jetpack_sharing_enabled":true,"_links":{"self":[{"href":"https:\/\/blogs.avui.cat\/jaumepubill\/wp-json\/wp\/v2\/posts\/377","targetHints":{"allow":["GET"]}}],"collection":[{"href":"https:\/\/blogs.avui.cat\/jaumepubill\/wp-json\/wp\/v2\/posts"}],"about":[{"href":"https:\/\/blogs.avui.cat\/jaumepubill\/wp-json\/wp\/v2\/types\/post"}],"author":[{"embeddable":true,"href":"https:\/\/blogs.avui.cat\/jaumepubill\/wp-json\/wp\/v2\/users\/214"}],"replies":[{"embeddable":true,"href":"https:\/\/blogs.avui.cat\/jaumepubill\/wp-json\/wp\/v2\/comments?post=377"}],"version-history":[{"count":0,"href":"https:\/\/blogs.avui.cat\/jaumepubill\/wp-json\/wp\/v2\/posts\/377\/revisions"}],"wp:attachment":[{"href":"https:\/\/blogs.avui.cat\/jaumepubill\/wp-json\/wp\/v2\/media?parent=377"}],"wp:term":[{"taxonomy":"category","embeddable":true,"href":"https:\/\/blogs.avui.cat\/jaumepubill\/wp-json\/wp\/v2\/categories?post=377"},{"taxonomy":"post_tag","embeddable":true,"href":"https:\/\/blogs.avui.cat\/jaumepubill\/wp-json\/wp\/v2\/tags?post=377"}],"curies":[{"name":"wp","href":"https:\/\/api.w.org\/{rel}","templated":true}]}}