{"id":3736,"date":"2012-06-12T20:19:21","date_gmt":"2012-06-12T19:19:21","guid":{"rendered":"http:\/\/blogs.avui.cat\/jaumepubill\/?p=3736"},"modified":"2012-06-12T20:19:21","modified_gmt":"2012-06-12T19:19:21","slug":"a-alguns-encara-els-queda-dignitat","status":"publish","type":"post","link":"https:\/\/blogs.avui.cat\/jaumepubill\/2012\/06\/12\/a-alguns-encara-els-queda-dignitat\/","title":{"rendered":"A alguns encara els queda dignitat"},"content":{"rendered":"<p align=\"justify\"><img data-recalc-dims=\"1\" loading=\"lazy\" decoding=\"async\" style=\"margin: 0px 12px 0px 0px;float: left\" align=\"left\" src=\"https:\/\/i0.wp.com\/www.vilaweb.cat\/media\/continguts\/000\/046\/256\/thumbnails\/thumb_474__4.jpg?resize=260%2C157\" width=\"260\" height=\"157\" \/>No anem massa sobrats de qualitats i virtuts i, en canvi, ens sobra massa defectes i vicis. I em refereixo tant pel que fa a l\u2019aspecte personal com al social. I una d\u2019aquests qualitats que no es fan gaire patents \u00e9s la dignitat, una qualitat moral per la qual hom no vol rebaixar-se i no tolera d&#8217;\u00e9sser of\u00e8s. \u00c9s all\u00f2 que alguns tenen com a principi de que prefereixen morir dempeus que no pas viure agenollats. <\/p>\n<p align=\"justify\">Darrerament \u2013i no \u00e9s nom\u00e9s d\u2019ara, sin\u00f3 que ja massa anys que dura- sembla que gaudeixin ferint la dignitat de Catalunya i d\u2019alguns catalans des de molts llocs, per\u00f2 especialment des del Govern de Madrid, d\u2019algunes altes institucions de l\u2019 Estat i dels seus representants \u201cregionals\u201d<em>.<\/em> Aix\u00f2 \u00e9s el que ha passat amb motiu de la mort de <b>Josep Llu\u00eds Bausset i Ciscar<\/b> (<a href=\"http:\/\/ca.wikipedia.org\/wiki\/Paiporta\">Paiporta<\/a>, <a href=\"http:\/\/ca.wikipedia.org\/wiki\/19_d%27agost\">19 d&#8217;agost<\/a> de <a href=\"http:\/\/ca.wikipedia.org\/wiki\/1910\">1910<\/a> &#8211; <a href=\"http:\/\/ca.wikipedia.org\/wiki\/L%27Alc%C3%BAdia\">L&#8217;Alc\u00fadia<\/a>, <a href=\"http:\/\/ca.wikipedia.org\/wiki\/3_de_juny\">3 de juny<\/a> de <a href=\"http:\/\/ca.wikipedia.org\/wiki\/2012\">2012<\/a>), que fou un mestre, activista cultural i pol\u00edtic valenci\u00e0.<\/p>\n<p align=\"justify\">Reconec que no el coneixia, la qual cosa no treu que fos molt conegut, reconegut i valorat al Pa\u00eds Valenci\u00e0. Per\u00f2 amb motiu de la seva mort vaig llegir una not\u00edcia que em va alegrar i que em va fer pensar que encara hi ha esperan\u00e7a de tirar en nostre pa\u00eds endavant mentre hi hagi persones que tinguin dignitat, com l\u2019ha tinguda la seva fam\u00edlia. Us ho explico tal com ho he llegit al diari digital VILAWEB.<\/p>\n<p align=\"justify\">\n<p align=\"justify\">\n<p align=\"justify\">\n<blockquote>\n<p align=\"justify\">La fam\u00edlia de <a href=\"http:\/\/ca.wikipedia.org\/wiki\/Josep_Llu%C3%ADs_Bausset_i_C%C3%ADscar\">Josep Llu\u00eds Bausset<\/a> ha retornat els telegrames de condol enviats pel president de la Generalitat, Alberto Fabra, i pel el conseller Seraf\u00edn Castellano perqu\u00e8 havien estat escrits \u00fanicament en castell\u00e0. Un dels seus fills explica que no els han retornat per ser escrits en castell\u00e0 &#8216;sin\u00f3 per haver menyspreat la llengua&#8217; que el seu pare &#8216;va defensar tota la vida&#8217;.<\/p>\n<p align=\"justify\">Tamb\u00e9 diu que agraeixen les mostres de condol del president de la Diputaci\u00f3 de Val\u00e8ncia, Alfonso Rus, que els ha fet arribar una carta, en aquest cas, en catal\u00e0.<\/p>\n<p align=\"justify\">El mestre, activista i pol\u00edtic <a href=\"http:\/\/ca.wikipedia.org\/wiki\/Josep_Llu%C3%ADs_Bausset_i_C%C3%ADscar\">Josep Llu\u00eds Bausset<\/a> es va <a href=\"http:\/\/www.vilaweb.cat\/noticia\/4017036\/20120603\/mestre-josep-lluis-bausset-mort.html\">morir<\/a> diumenge passat a l&#8217;Alc\u00fadia. Tenia 101 any, i deixava una llarga traject\u00f2ria de comprom\u00eds c\u00edvic amb la naci\u00f3 l&#8217;havia portat a rebre molts homenatges i reconeixements els \u00faltims anys de vida.<\/p>\n<\/blockquote>\n<p align=\"justify\">&#160;<\/p>\n<p align=\"justify\">El director del diari, Vicent Partal,&#160; fa notar Josep Llu\u00eds Bausset tenia cent un any i des de la seua m\u00e9s tendra joventut no havia parat ni un segon de treballar pel Pa\u00eds Valenci\u00e0, per la naci\u00f3 catalana i per una societat m\u00e9s justa. Per aix\u00f2 crec que, precisament en uns moments en qu\u00e8 sentim tanta tristesa i desconcert per com van les coses i per com les porten els qui tenen la responsabilitat de dirigir la cosa p\u00fablica, el seu exemple \u00e9s un revulsiu que cal posar en relleu i honorar com cal.<\/p>\n<p align=\"justify\">Quan fa uns quants mesos li van retre un homenatge m\u00e9s que merescut a Val\u00e8ncia i quan la Muixeranga va sonar en honor seu va posar-se dempeus, malgrat l\u2019edat i malgrat l\u2019evident dificultat f\u00edsica, fet que emocion\u00e0 tothom. Podia haver restat assegut i ning\u00fa no se n\u2019hauria estranyat ni li ho haguera retret de cap manera. Per\u00f2, com havia fet tota la vida, es va posar dempeus, no perqu\u00e8 els altres li ho reclamaren, sin\u00f3 perqu\u00e8 ell volia. La for\u00e7a interior que el va obligar tota la vida a ser un home honest, lliure i responsable \u00e9s, en definitiva, l\u2019origen de l\u2019estatura moral que tots li reconeixem avui.<\/p>\n<p align=\"justify\">D\u2019aix\u00f2 jo en dic dignitat. I cal que aprenguem la lli\u00e7\u00f3.<\/p>\n<p align=\"justify\">&#160;<\/p>\n<p align=\"justify\">\n","protected":false},"excerpt":{"rendered":"<p>No anem massa sobrats de qualitats i virtuts i, en canvi, ens sobra massa defectes i vicis. I em refereixo tant pel que fa a l\u2019aspecte personal com al social. I una d\u2019aquests qualitats que no es fan gaire patents \u00e9s la dignitat, una qualitat moral per la qual hom no vol rebaixar-se i no [&hellip;]<\/p>\n","protected":false},"author":214,"featured_media":0,"comment_status":"open","ping_status":"closed","sticky":false,"template":"","format":"standard","meta":{"_jetpack_memberships_contains_paid_content":false,"footnotes":"","jetpack_publicize_message":"","jetpack_publicize_feature_enabled":true,"jetpack_social_post_already_shared":false,"jetpack_social_options":{"image_generator_settings":{"template":"highway","default_image_id":0,"font":"","enabled":false},"version":2}},"categories":[2366],"tags":[31891,29733],"class_list":["post-3736","post","type-post","status-publish","format-standard","hentry","category-dignitat","tag-dignitat","tag-josep-lluis-bausset"],"jetpack_publicize_connections":[],"jetpack_featured_media_url":"","jetpack_shortlink":"https:\/\/wp.me\/pagkjs-Yg","jetpack-related-posts":[],"jetpack_sharing_enabled":true,"_links":{"self":[{"href":"https:\/\/blogs.avui.cat\/jaumepubill\/wp-json\/wp\/v2\/posts\/3736","targetHints":{"allow":["GET"]}}],"collection":[{"href":"https:\/\/blogs.avui.cat\/jaumepubill\/wp-json\/wp\/v2\/posts"}],"about":[{"href":"https:\/\/blogs.avui.cat\/jaumepubill\/wp-json\/wp\/v2\/types\/post"}],"author":[{"embeddable":true,"href":"https:\/\/blogs.avui.cat\/jaumepubill\/wp-json\/wp\/v2\/users\/214"}],"replies":[{"embeddable":true,"href":"https:\/\/blogs.avui.cat\/jaumepubill\/wp-json\/wp\/v2\/comments?post=3736"}],"version-history":[{"count":0,"href":"https:\/\/blogs.avui.cat\/jaumepubill\/wp-json\/wp\/v2\/posts\/3736\/revisions"}],"wp:attachment":[{"href":"https:\/\/blogs.avui.cat\/jaumepubill\/wp-json\/wp\/v2\/media?parent=3736"}],"wp:term":[{"taxonomy":"category","embeddable":true,"href":"https:\/\/blogs.avui.cat\/jaumepubill\/wp-json\/wp\/v2\/categories?post=3736"},{"taxonomy":"post_tag","embeddable":true,"href":"https:\/\/blogs.avui.cat\/jaumepubill\/wp-json\/wp\/v2\/tags?post=3736"}],"curies":[{"name":"wp","href":"https:\/\/api.w.org\/{rel}","templated":true}]}}