{"id":3671,"date":"2012-05-07T21:17:28","date_gmt":"2012-05-07T20:17:28","guid":{"rendered":"http:\/\/blogs.avui.cat\/jaumepubill\/?p=3671"},"modified":"2012-05-07T21:17:28","modified_gmt":"2012-05-07T20:17:28","slug":"si-tencs-coions-dmelo-a-la-cara","status":"publish","type":"post","link":"https:\/\/blogs.avui.cat\/jaumepubill\/2012\/05\/07\/si-tencs-coions-dmelo-a-la-cara\/","title":{"rendered":"&ldquo;Si tencs coions&hellip; d&iacute;melo a la cara&rdquo;"},"content":{"rendered":"<h4><img data-recalc-dims=\"1\" loading=\"lazy\" decoding=\"async\" style=\"margin: 0px 15px 0px 0px;float: left\" align=\"left\" src=\"https:\/\/i0.wp.com\/www.ara.cat\/politica\/Antonio-Monago-PP-Xavier-Trias_ARAIMA20120507_0132_23.jpg?resize=245%2C142\" width=\"245\" height=\"142\" \/><\/h4>\n<p align=\"justify\">Heu escoltat avui el president d&#8217;Extremadura responent a Trias? Incl\u00fas s\u2019ha atrevit a respondre amb un parell de paraules en extremeny-catal\u00e0!&#160; Anem b\u00e9!<\/p>\n<p align=\"justify\">Resulta que Jos\u00e9 Antonio Monago replica a les declaracions de l&#8217;alcalde de Barcelona, que ha qualificat de &quot;cat\u00e0strofe&quot; l&#8217;AVE d&#8217;Extremadura i no ho fa amb arguments sin\u00f3 que nom\u00e9s ho fa amb testosterona com a bon espanyol. No importa que l\u2019AVE sigui greument deficitari en uns moments de restriccions de tota mena o que aquest AVE s\u2019hagi de quedar a la frontera amb Portugal perqu\u00e8 ells no pensen connectar-lo. \u00c9s igual. S\u2019ha de fer l\u2019 AVE per no ser menys. I Es far\u00e0 l\u2019 AVE de Gal\u00edcia amb aquests mateixos arguments. \u00c9s all\u00f2 del \u201ccaf\u00e8 para todos\u201d encara que no hi hagi diners per comprar caf\u00e8 o encara que la majoria no en vulgui. El caf\u00e8 s\u2019ha de servir per no ser menys que els altres i el caf\u00e8 els hi hem de pagar nosaltres en moments que no hi ha diners per a coses fonamentals. A nosaltres no ens donen els diners que ens deuen, per\u00f2 \u00e9s veu que \u00e9s igual.<\/p>\n<p align=\"justify\">Explica Germ\u00e0 Bel \u2013un expert en aquests temes- que les paraules de Monago denoten que hi ha un problema de fons. I aquest problema \u00e9s que els governants espanyols consideren que l&#8217;AVE ha de ser utilitzat com un element d&#8217;igualtat entre espanyols, m\u00e9s enll\u00e0 del retorn econ\u00f2mic de la inversi\u00f3 i del flux de passatgers. &quot;Despr\u00e9s tenim reaccions com aquesta&quot;, apunta el catedr\u00e0tic d&#8217;Economia Aplicada. Aquesta voluntat de construir &quot;igualtat&quot; entre espanyols via quil\u00f2metres d&#8217;AVE comporta, segons argumenta Bel, que aquest any es destinin m\u00e9s de 4.000 milions d&#8217;euros en una infraestructura que no tindr\u00e0 retorn econ\u00f2mic suficient com per fer-la rendible.<\/p>\n","protected":false},"excerpt":{"rendered":"<p>Heu escoltat avui el president d&#8217;Extremadura responent a Trias? Incl\u00fas s\u2019ha atrevit a respondre amb un parell de paraules en extremeny-catal\u00e0!&#160; Anem b\u00e9! Resulta que Jos\u00e9 Antonio Monago replica a les declaracions de l&#8217;alcalde de Barcelona, que ha qualificat de &quot;cat\u00e0strofe&quot; l&#8217;AVE d&#8217;Extremadura i no ho fa amb arguments sin\u00f3 que nom\u00e9s ho fa amb [&hellip;]<\/p>\n","protected":false},"author":214,"featured_media":0,"comment_status":"open","ping_status":"closed","sticky":false,"template":"","format":"standard","meta":{"_jetpack_memberships_contains_paid_content":false,"footnotes":"","jetpack_publicize_message":"","jetpack_publicize_feature_enabled":true,"jetpack_social_post_already_shared":false,"jetpack_social_options":{"image_generator_settings":{"template":"highway","default_image_id":0,"font":"","enabled":false},"version":2}},"categories":[2229],"tags":[31889],"class_list":["post-3671","post","type-post","status-publish","format-standard","hentry","category-humor","tag-humor"],"jetpack_publicize_connections":[],"jetpack_featured_media_url":"","jetpack_shortlink":"https:\/\/wp.me\/pagkjs-Xd","jetpack-related-posts":[],"jetpack_sharing_enabled":true,"_links":{"self":[{"href":"https:\/\/blogs.avui.cat\/jaumepubill\/wp-json\/wp\/v2\/posts\/3671","targetHints":{"allow":["GET"]}}],"collection":[{"href":"https:\/\/blogs.avui.cat\/jaumepubill\/wp-json\/wp\/v2\/posts"}],"about":[{"href":"https:\/\/blogs.avui.cat\/jaumepubill\/wp-json\/wp\/v2\/types\/post"}],"author":[{"embeddable":true,"href":"https:\/\/blogs.avui.cat\/jaumepubill\/wp-json\/wp\/v2\/users\/214"}],"replies":[{"embeddable":true,"href":"https:\/\/blogs.avui.cat\/jaumepubill\/wp-json\/wp\/v2\/comments?post=3671"}],"version-history":[{"count":0,"href":"https:\/\/blogs.avui.cat\/jaumepubill\/wp-json\/wp\/v2\/posts\/3671\/revisions"}],"wp:attachment":[{"href":"https:\/\/blogs.avui.cat\/jaumepubill\/wp-json\/wp\/v2\/media?parent=3671"}],"wp:term":[{"taxonomy":"category","embeddable":true,"href":"https:\/\/blogs.avui.cat\/jaumepubill\/wp-json\/wp\/v2\/categories?post=3671"},{"taxonomy":"post_tag","embeddable":true,"href":"https:\/\/blogs.avui.cat\/jaumepubill\/wp-json\/wp\/v2\/tags?post=3671"}],"curies":[{"name":"wp","href":"https:\/\/api.w.org\/{rel}","templated":true}]}}