{"id":3659,"date":"2012-04-27T22:38:10","date_gmt":"2012-04-27T21:38:10","guid":{"rendered":"http:\/\/blogs.avui.cat\/jaumepubill\/?p=3659"},"modified":"2012-04-27T22:34:32","modified_gmt":"2012-04-27T21:34:32","slug":"bon-guaret-fa-bon-esplet","status":"publish","type":"post","link":"https:\/\/blogs.avui.cat\/jaumepubill\/2012\/04\/27\/bon-guaret-fa-bon-esplet\/","title":{"rendered":"&ldquo;Bon guaret fa bon esplet&rdquo;"},"content":{"rendered":"<p align=\"justify\"><img data-recalc-dims=\"1\" loading=\"lazy\" decoding=\"async\" style=\"margin: 0px 11px 0px 0px;float: left\" align=\"left\" src=\"https:\/\/i0.wp.com\/img.xatakafoto.com\/2009\/02\/barbecho-fotografico-2.jpg?resize=265%2C177\" width=\"265\" height=\"177\" \/>Avui, mentre escoltava el Pep en la roda de premsa, m\u2019ha vingut a la mem\u00f2ria aquesta dita de pag\u00e8s que diu que \u201cbon guaret fa bon esplet\u201d. Deixar la terra en guaret era el sistema ordinari que feien servir els pagesos per tal que la terra descans\u00e9s. Es deixava sense sembrar un any o dos per tal que la terra es regener\u00e9s.<\/p>\n<p align=\"justify\">El Pep prov\u00e9 de pag\u00e8s i t\u00e9 la saviesa dels pagesos, saviesa que li surt quan parla sense que ni se n\u2019adoni. Quan ha donat l\u2019explicaci\u00f3 del per qu\u00e8 se\u2019n va del Bar\u00e7a, ha dit que \u201cquatre anys s\u00f3n una eternitat a can Bar\u00e7a\u201d; \u201cque el temps ho desgasta tot i que ell s\u2019ha desgastat\u201d; \u201cque ha de recuperar les forces descansant\u201d; \u201cm\u2019he buidat i ara necessito reomplir-me\u201d. Paraules s\u00e0vies. Paraules plenes de sentit com\u00fa. Paraules d\u2019alg\u00fa que t\u00e9 la saviesa ancestral dels pagesos que saben que no es pot matar tot el que \u00e9s gras i que s\u2019ha de parar per poder seguir endavant amb m\u00e9s forces despr\u00e9s.<\/p>\n<p align=\"justify\">Tots haur\u00edem de deixar la nostra \u00e0nima en guaret de tant en tant. \u00c9s imprescindible i no sempre ho sabem fer. La terra deixada en guaret es llaura per tal que hi entri l\u2019aigua, s\u2019oxigeni i agafi forces per quan torni a ser sembrat. Es fa per millorar, sabent que el temps desgasta per\u00f2 sabent tamb\u00e9 que el temps pot servir per millorar, per fer que la posterior collita sigui millor. Necessitem airejar la ment, airejar l\u2019esperit per poder veure les coses amb m\u00e9s perspectiva, amb m\u00e9s objectivitat, per veure els defectes i els errors que hem tingut i que potser hem de corregir. <\/p>\n<p align=\"justify\">Cada vegada que donem i donem i donem\u2026correm el risc de buidar-nos. Diuen que donar enriqueix i \u00e9s cert. Per\u00f2 donar sense l\u00edmit i sense mesura pot ser contraproduent i acabem buidant-nos i podem morir per inanici\u00f3. Les ganes se\u2019n van, les il\u00b7lusions tamb\u00e9, els projectes s\u2019esgoten, la rutina es fa present i l\u2019esperit queda enva\u00eft pel no-res i tot es torna un sense sentit. Vivim per fora i estem morts per dins. \u00c9s bo donar i \u00e9s bo dosificar-se. \u00c9s bo estimar els altres per\u00f2 \u00e9s bo tamb\u00e9 estimar-se un mateix perqu\u00e8 no podrem donar si no tenim res per donar i no podrem estimar si no tenim forces per fer-ho.<\/p>\n<p align=\"justify\">Per tant, trobo molt b\u00e9 la decisi\u00f3 del Pep i ara nom\u00e9s cal donar-li les gr\u00e0cies per tot els que ens ha donat, que descansi molt, que agafi forces perqu\u00e8 encara ens ha de donar moltes m\u00e9s bones collites. I desitjar-li al Tito Vilanova molta sort i molt bona feina.<\/p>\n","protected":false},"excerpt":{"rendered":"<p>Avui, mentre escoltava el Pep en la roda de premsa, m\u2019ha vingut a la mem\u00f2ria aquesta dita de pag\u00e8s que diu que \u201cbon guaret fa bon esplet\u201d. Deixar la terra en guaret era el sistema ordinari que feien servir els pagesos per tal que la terra descans\u00e9s. Es deixava sense sembrar un any o dos [&hellip;]<\/p>\n","protected":false},"author":214,"featured_media":0,"comment_status":"open","ping_status":"closed","sticky":false,"template":"","format":"standard","meta":{"_jetpack_memberships_contains_paid_content":false,"footnotes":"","jetpack_publicize_message":"","jetpack_publicize_feature_enabled":true,"jetpack_social_post_already_shared":false,"jetpack_social_options":{"image_generator_settings":{"template":"highway","default_image_id":0,"font":"","enabled":false},"version":2}},"categories":[2946],"tags":[24136],"class_list":["post-3659","post","type-post","status-publish","format-standard","hentry","category-guardiola","tag-pep-guardiola"],"jetpack_publicize_connections":[],"jetpack_featured_media_url":"","jetpack_shortlink":"https:\/\/wp.me\/pagkjs-X1","jetpack-related-posts":[],"jetpack_sharing_enabled":true,"_links":{"self":[{"href":"https:\/\/blogs.avui.cat\/jaumepubill\/wp-json\/wp\/v2\/posts\/3659","targetHints":{"allow":["GET"]}}],"collection":[{"href":"https:\/\/blogs.avui.cat\/jaumepubill\/wp-json\/wp\/v2\/posts"}],"about":[{"href":"https:\/\/blogs.avui.cat\/jaumepubill\/wp-json\/wp\/v2\/types\/post"}],"author":[{"embeddable":true,"href":"https:\/\/blogs.avui.cat\/jaumepubill\/wp-json\/wp\/v2\/users\/214"}],"replies":[{"embeddable":true,"href":"https:\/\/blogs.avui.cat\/jaumepubill\/wp-json\/wp\/v2\/comments?post=3659"}],"version-history":[{"count":1,"href":"https:\/\/blogs.avui.cat\/jaumepubill\/wp-json\/wp\/v2\/posts\/3659\/revisions"}],"predecessor-version":[{"id":3660,"href":"https:\/\/blogs.avui.cat\/jaumepubill\/wp-json\/wp\/v2\/posts\/3659\/revisions\/3660"}],"wp:attachment":[{"href":"https:\/\/blogs.avui.cat\/jaumepubill\/wp-json\/wp\/v2\/media?parent=3659"}],"wp:term":[{"taxonomy":"category","embeddable":true,"href":"https:\/\/blogs.avui.cat\/jaumepubill\/wp-json\/wp\/v2\/categories?post=3659"},{"taxonomy":"post_tag","embeddable":true,"href":"https:\/\/blogs.avui.cat\/jaumepubill\/wp-json\/wp\/v2\/tags?post=3659"}],"curies":[{"name":"wp","href":"https:\/\/api.w.org\/{rel}","templated":true}]}}