{"id":3654,"date":"2012-04-21T17:34:45","date_gmt":"2012-04-21T16:34:45","guid":{"rendered":"http:\/\/blogs.avui.cat\/jaumepubill\/?p=3654"},"modified":"2012-04-21T17:34:45","modified_gmt":"2012-04-21T16:34:45","slug":"insubmissi-2","status":"publish","type":"post","link":"https:\/\/blogs.avui.cat\/jaumepubill\/2012\/04\/21\/insubmissi-2\/","title":{"rendered":"Insubmissi&oacute;"},"content":{"rendered":"<p align=\"justify\"><img data-recalc-dims=\"1\" loading=\"lazy\" decoding=\"async\" style=\"margin: 0px 10px 0px 0px;float: left\" align=\"left\" src=\"https:\/\/i0.wp.com\/www.parlament.cat\/actualitat\/actes\/lliurament_premiweb_mitja.jpg?resize=247%2C167\" width=\"247\" height=\"167\" \/>L\u2019acte d\u2019insubmissi\u00f3 no \u00e9s un acte f\u00e0cil. Pot tenir moltes conseq\u00fc\u00e8ncies i, a vegades, conseq\u00fc\u00e8ncies greus com molt b\u00e9 sabem. Algunes persones tenen la valentia d\u2019assumir-les i tiren endavant.<\/p>\n<p align=\"justify\">Us recordeu de Pepe Be\u00fanza? Pepe Be\u00fanza, nascut a Ja\u00e9n, per\u00f2 ve\u00ed de Caldes de Montbui, va rebre no fa gaire el premi ICIP Constructors de Pau en un acte al Parlament de Catalunya, que atorga l&#8217;Institut Catal\u00e0 Internacional per la Pau (ICIP). Be\u00fanza va rebre el premi i el reconeixement en representaci\u00f3 del col\u00b7lectiu d&#8217;objectors de consci\u00e8ncia i insubmisos al servei militar d&#8217;Espanya, ja que va ser el primer ciutad\u00e0 en ser insubm\u00eds als anys 70. Be\u00fanza va patir penes de pres\u00f3 des de 1971, un consell de guerra el 1972 i el c\u00e0stig d&#8217;enviar-lo al S\u00e0hara el 1974. Ara, la presidenta del Parlament, N\u00faria de Gispert, li ha lliurat el premi, que Be\u00fanza ha volgut compartir amb els objectors Jordi Agull\u00f3, Mart\u00ed Olivella i Ramon Panyella i l&#8217;insubm\u00eds Jaume Llans\u00f3, que l&#8217;han acompanyat a l&#8217;escenari durant el seu parlament. La Presidenta del Parlament va fer notar una cosa essencial en el seu parlament. Va destacar &quot;el paper impulsor i de den\u00fancia, el testimoni i el sacrifici personal per una causa que es considera justa&quot; de persones com Pepe Be\u00fanza i dels moviments socials &quot;que volen millorar el nostre present col\u00b7lectiu&quot;.<\/p>\n<p align=\"justify\">Darrerament es torna a parlar molt d\u2019insubmissi\u00f3 i em sembla que, poc a poc, es van fent passes importants en aquest sentit, veient com es veu que Catalunya segueix essent un poble sotm\u00e8s als capricis dels Governs espanyols de torn. S\u2019ha comen\u00e7at amb petits passos, \u00e9s cert. Per\u00f2 un llarg cam\u00ed es comen\u00e7a sempre amb un primer pas, petit, discret i potser an\u00f2nim. Un primer pas que pot fer riure a molts i ser motiu d\u2019escarni. Per\u00f2 caldr\u00e0 veure com acaba tot plegat. Els integrants de la plataforma \u201cDIEM PROU\u201d han comen\u00e7at una modesta insubmissi\u00f3 fiscal amb Espanya i han decidit que pagaran els seus impostos a l\u2019 Ag\u00e8ncia Tribut\u00e0ria de Catalunya.<\/p>\n<p align=\"justify\">Fa pocs dies la taca d\u2019oli s\u2019ha est\u00e8s a altres \u00e0mbits, com s\u00f3n els peatges de les autopistes. Ja ja sorgit una web que es diu NOVULLPAGAR.COM que est\u00e0 preparant una gran campanya per tal que aquests gestos s\u2019estenguin. Tots sabem que la for\u00e7a neix quan es fa pinya, en ser uns quants al principi i en ser molts al final. O potser en poder arribar a ser majoria i tot! Qui ho sap! El cas \u00e9s que aix\u00ed no es pot seguir i potser ja comen\u00e7aria a ser hora de passar a ser ciutadans i poble sotmesos a ser ciutadans i poble lliures. I qui no pot afirmar&#160; que el cam\u00ed sigui amb petites insubmissions en tots els \u00e0mbits?\u2026 <\/p>\n","protected":false},"excerpt":{"rendered":"<p>L\u2019acte d\u2019insubmissi\u00f3 no \u00e9s un acte f\u00e0cil. Pot tenir moltes conseq\u00fc\u00e8ncies i, a vegades, conseq\u00fc\u00e8ncies greus com molt b\u00e9 sabem. Algunes persones tenen la valentia d\u2019assumir-les i tiren endavant. Us recordeu de Pepe Be\u00fanza? Pepe Be\u00fanza, nascut a Ja\u00e9n, per\u00f2 ve\u00ed de Caldes de Montbui, va rebre no fa gaire el premi ICIP Constructors de [&hellip;]<\/p>\n","protected":false},"author":214,"featured_media":0,"comment_status":"open","ping_status":"open","sticky":false,"template":"","format":"standard","meta":{"_jetpack_memberships_contains_paid_content":false,"footnotes":"","jetpack_publicize_message":"","jetpack_publicize_feature_enabled":true,"jetpack_social_post_already_shared":false,"jetpack_social_options":{"image_generator_settings":{"template":"highway","default_image_id":0,"font":"","enabled":false},"version":2}},"categories":[530,877,643,567,172],"tags":[31842,31863,31850,3242,31846,31828],"class_list":["post-3654","post","type-post","status-publish","format-standard","hentry","category-autodeterminacio","category-catalunya","category-independencia","category-llibertat","category-politica","tag-autodeterminacio","tag-catalunya","tag-independencia","tag-insubmissio","tag-llibertat","tag-politica"],"jetpack_publicize_connections":[],"jetpack_featured_media_url":"","jetpack_shortlink":"https:\/\/wp.me\/pagkjs-WW","jetpack-related-posts":[],"jetpack_sharing_enabled":true,"_links":{"self":[{"href":"https:\/\/blogs.avui.cat\/jaumepubill\/wp-json\/wp\/v2\/posts\/3654","targetHints":{"allow":["GET"]}}],"collection":[{"href":"https:\/\/blogs.avui.cat\/jaumepubill\/wp-json\/wp\/v2\/posts"}],"about":[{"href":"https:\/\/blogs.avui.cat\/jaumepubill\/wp-json\/wp\/v2\/types\/post"}],"author":[{"embeddable":true,"href":"https:\/\/blogs.avui.cat\/jaumepubill\/wp-json\/wp\/v2\/users\/214"}],"replies":[{"embeddable":true,"href":"https:\/\/blogs.avui.cat\/jaumepubill\/wp-json\/wp\/v2\/comments?post=3654"}],"version-history":[{"count":0,"href":"https:\/\/blogs.avui.cat\/jaumepubill\/wp-json\/wp\/v2\/posts\/3654\/revisions"}],"wp:attachment":[{"href":"https:\/\/blogs.avui.cat\/jaumepubill\/wp-json\/wp\/v2\/media?parent=3654"}],"wp:term":[{"taxonomy":"category","embeddable":true,"href":"https:\/\/blogs.avui.cat\/jaumepubill\/wp-json\/wp\/v2\/categories?post=3654"},{"taxonomy":"post_tag","embeddable":true,"href":"https:\/\/blogs.avui.cat\/jaumepubill\/wp-json\/wp\/v2\/tags?post=3654"}],"curies":[{"name":"wp","href":"https:\/\/api.w.org\/{rel}","templated":true}]}}