{"id":3648,"date":"2012-04-20T18:27:10","date_gmt":"2012-04-20T17:27:10","guid":{"rendered":"http:\/\/blogs.avui.cat\/jaumepubill\/?p=3648"},"modified":"2012-04-20T18:27:10","modified_gmt":"2012-04-20T17:27:10","slug":"xldigues-2","status":"publish","type":"post","link":"https:\/\/blogs.avui.cat\/jaumepubill\/2012\/04\/20\/xldigues-2\/","title":{"rendered":"X&agrave;ldigues"},"content":{"rendered":"<p align=\"justify\"><img data-recalc-dims=\"1\" decoding=\"async\" style=\"margin: 0px 17px 10px 0px;float: left\" align=\"left\" src=\"https:\/\/i0.wp.com\/4.bp.blogspot.com\/-5oX3DyfrW1g\/T4xaS5f2CRI\/AAAAAAAAEk4\/7MtYih88vxc\/s400\/X%25C3%25A0ldigues%2BMn.%2BHuguet.jpg\" \/>Tal com informa el blog <a href=\"http:\/\/lasaltimbanquineta.blogspot.com.es\/2012\/04\/aquest-sant-jordi-segona-edicio-de-les.html\" target=\"_blank\">PAU A LATERRA<\/a>, aquest Sant Jordi sortir\u00e0 publicada la segona edici\u00f3 del llibre X\u00c0LDIGUES de Moss\u00e8n Jes\u00fas Huguet, gr\u00e0cies a l\u2019esfor\u00e7 d\u2019una colla d\u2019amics que han volgut fer-ho realitat en record a Moss\u00e8n Jes\u00fas, recentment desaparegut. <\/p>\n<p align=\"justify\">Amb motiu de la seva mort, ja parlava d\u2019aquest llibre en aquest mateix blog <a href=\"http:\/\/blogs.avui.cat\/jaumepubill\/?p=3574\" target=\"_blank\">LA DARRERA X\u00c0LDIGA DE MOSS\u00c8N JES\u00daS HUGUET<\/a>. N\u2019estic molt content d\u2019aquesta iniciativa perqu\u00e8 el llibre estava exhaurit i em sembla que ja no es trobava a les llibreries. I era una ll\u00e0stima perqu\u00e8 s\u00f3n escrits curts que valen molt la pena tots ells. L\u2019any 2004 un grup d\u2019amics seus van recollir en un llibre tota una colla d\u2019escrits seus que durant vuit anys havia anat publicant al FULL DIOCES\u00c2 de Solsona, Vic i Tarragona. Els publicava sota l\u2019ep\u00edgraf \u201cX\u00e0ldigues\u201d i aquest mateix va ser el t\u00edtol del llibre que va prologar el seu amic moss\u00e8n Climent Forner, que ens explica que el nom de \u201cx\u00e0ldiga\u201d vol dir espurna, guspira, espira, centella.<\/p>\n<p align=\"justify\">En moments com l\u2019actual, on surten bisbes \u2013dia s\u00ed, dia tamb\u00e9- fent el rid\u00edcul amb declaracions, des del punt de vista de molts cristians, poc evang\u00e8liques, poc rigoroses, retr\u00f2grades, anti conciliars i for\u00e7a vergonyants no estaria de m\u00e9s que els regalessin aquest llibre de Moss\u00e8n Huguet i que se\u2019l llegissin tranquil\u00b7lament, pausadament i el meditessin una mica. No caldria que hi dediquessin gaire temps perqu\u00e8 \u00e9s un llibret curt i fa de molt bon llegir.<\/p>\n<p align=\"justify\">Recomano a tothom que no l\u2019hagi llegit que ho faci. Sigui cristi\u00e0 o no; sigui creient o no. S\u00f3n reflexions sobre temes diversos (la majoria de caire religi\u00f3s, \u00e9s cert) que ens podrien anar b\u00e9 a tots i que d\u00f3na una visi\u00f3 de l\u2019Esgl\u00e9sia, de la moral, de la fe, del sexe,del que significa creure, del sentit de l\u2019educaci\u00f3\u2026for\u00e7a diferent de la que ens ofereixen els nostres bisbes. Per sort! Perqu\u00e8 molts dels que ens sentim cristians ens trobem cada vegada m\u00e9s orfes de mestres com Moss\u00e8n Jes\u00fas.<\/p>\n","protected":false},"excerpt":{"rendered":"<p>Tal com informa el blog PAU A LATERRA, aquest Sant Jordi sortir\u00e0 publicada la segona edici\u00f3 del llibre X\u00c0LDIGUES de Moss\u00e8n Jes\u00fas Huguet, gr\u00e0cies a l\u2019esfor\u00e7 d\u2019una colla d\u2019amics que han volgut fer-ho realitat en record a Moss\u00e8n Jes\u00fas, recentment desaparegut. Amb motiu de la seva mort, ja parlava d\u2019aquest llibre en aquest mateix blog [&hellip;]<\/p>\n","protected":false},"author":214,"featured_media":0,"comment_status":"open","ping_status":"closed","sticky":false,"template":"","format":"standard","meta":{"_jetpack_memberships_contains_paid_content":false,"footnotes":"","jetpack_publicize_message":"","jetpack_publicize_feature_enabled":true,"jetpack_social_post_already_shared":false,"jetpack_social_options":{"image_generator_settings":{"template":"highway","default_image_id":0,"font":"","enabled":false},"version":2}},"categories":[77,29701,666],"tags":[31820,26989,31854],"class_list":["post-3648","post","type-post","status-publish","format-standard","hentry","category-esglesia","category-jesus-huguet","category-religio","tag-esglesia","tag-mossen-jesus-huguet","tag-religio"],"jetpack_publicize_connections":[],"jetpack_featured_media_url":"","jetpack_shortlink":"https:\/\/wp.me\/pagkjs-WQ","jetpack-related-posts":[],"jetpack_sharing_enabled":true,"_links":{"self":[{"href":"https:\/\/blogs.avui.cat\/jaumepubill\/wp-json\/wp\/v2\/posts\/3648","targetHints":{"allow":["GET"]}}],"collection":[{"href":"https:\/\/blogs.avui.cat\/jaumepubill\/wp-json\/wp\/v2\/posts"}],"about":[{"href":"https:\/\/blogs.avui.cat\/jaumepubill\/wp-json\/wp\/v2\/types\/post"}],"author":[{"embeddable":true,"href":"https:\/\/blogs.avui.cat\/jaumepubill\/wp-json\/wp\/v2\/users\/214"}],"replies":[{"embeddable":true,"href":"https:\/\/blogs.avui.cat\/jaumepubill\/wp-json\/wp\/v2\/comments?post=3648"}],"version-history":[{"count":0,"href":"https:\/\/blogs.avui.cat\/jaumepubill\/wp-json\/wp\/v2\/posts\/3648\/revisions"}],"wp:attachment":[{"href":"https:\/\/blogs.avui.cat\/jaumepubill\/wp-json\/wp\/v2\/media?parent=3648"}],"wp:term":[{"taxonomy":"category","embeddable":true,"href":"https:\/\/blogs.avui.cat\/jaumepubill\/wp-json\/wp\/v2\/categories?post=3648"},{"taxonomy":"post_tag","embeddable":true,"href":"https:\/\/blogs.avui.cat\/jaumepubill\/wp-json\/wp\/v2\/tags?post=3648"}],"curies":[{"name":"wp","href":"https:\/\/api.w.org\/{rel}","templated":true}]}}