{"id":3632,"date":"2012-04-06T09:27:18","date_gmt":"2012-04-06T08:27:18","guid":{"rendered":"http:\/\/blogs.avui.cat\/jaumepubill\/?p=3632"},"modified":"2012-04-06T09:27:18","modified_gmt":"2012-04-06T08:27:18","slug":"esperana","status":"publish","type":"post","link":"https:\/\/blogs.avui.cat\/jaumepubill\/2012\/04\/06\/esperana\/","title":{"rendered":"Esperan&ccedil;a"},"content":{"rendered":"<p align=\"center\"><img data-recalc-dims=\"1\" loading=\"lazy\" decoding=\"async\" src=\"https:\/\/i0.wp.com\/fbcdn-sphotos-a.akamaihd.net\/hphotos-ak-ash4\/p480x480\/295049_272124772871820_159074007510231_609235_78335373_n.jpg?resize=485%2C273&#038;ssl=1\" width=\"485\" height=\"273\" \/><\/p>\n<p align=\"center\"><b>ESPERAN\u00c7A<\/b> <\/p>\n<p align=\"center\">Expectemus, humiles, consolationem eius.    <br \/><i>Judit<\/i>, 8, 20<\/p>\n<p align=\"center\">I <\/p>\n<p align=\"center\">Lo jonc m\u00e9s humil, quan ve la riuada,    <br \/>diu als altres joncs: \u00abDeixem-la passar;     <br \/>ajupim-nos tots; quan ser\u00e0 passada,     <br \/>nostre capcir\u00f3 tornarem a al\u00e7ar<\/p>\n<p align=\"center\">II <\/p>\n<p align=\"center\">Ara ve l\u2019hivern que els arbres despulla;    <br \/>l\u2019olivera diu: \u00abDeixem-lo venir;     <br \/>darrere ve el mar\u00e7 carregat de fulla     <br \/>i els troncs despullats tornar\u00e0 a vestir.\u00bb<\/p>\n<p align=\"center\">III <\/p>\n<p align=\"center\">Jes\u00fas diu: \u00abL\u2019hivern \u00e9s aquesta vida;    <br \/>a qui la perdr\u00e0, jo l\u2019hi tornar\u00e9;     <br \/>quan baixi del cel la Pasqua florida,     <br \/>a qui mori amb mi ressuscitar\u00e9.\u00bb<\/p>\n<p align=\"center\">&#160;<\/p>\n<p align=\"center\"><strong>Moss\u00e8n Cinto Verdaguer<\/strong><\/p>\n<p align=\"center\">(Folgueroles, 1845 &#8211; Barcelona, 1902)<\/p>\n","protected":false},"excerpt":{"rendered":"<p>ESPERAN\u00c7A Expectemus, humiles, consolationem eius. Judit, 8, 20 I Lo jonc m\u00e9s humil, quan ve la riuada, diu als altres joncs: \u00abDeixem-la passar; ajupim-nos tots; quan ser\u00e0 passada, nostre capcir\u00f3 tornarem a al\u00e7ar II Ara ve l\u2019hivern que els arbres despulla; l\u2019olivera diu: \u00abDeixem-lo venir; darrere ve el mar\u00e7 carregat de fulla i els troncs [&hellip;]<\/p>\n","protected":false},"author":214,"featured_media":0,"comment_status":"open","ping_status":"closed","sticky":false,"template":"","format":"standard","meta":{"_jetpack_memberships_contains_paid_content":false,"footnotes":"","jetpack_publicize_message":"","jetpack_publicize_feature_enabled":true,"jetpack_social_post_already_shared":false,"jetpack_social_options":{"image_generator_settings":{"template":"highway","default_image_id":0,"font":"","enabled":false},"version":2}},"categories":[440,145],"tags":[29716,31825],"class_list":["post-3632","post","type-post","status-publish","format-standard","hentry","category-literatura","category-poesia","tag-jacint-verdaguer","tag-poesia"],"jetpack_publicize_connections":[],"jetpack_featured_media_url":"","jetpack_shortlink":"https:\/\/wp.me\/sagkjs-esperana","jetpack-related-posts":[],"jetpack_sharing_enabled":true,"_links":{"self":[{"href":"https:\/\/blogs.avui.cat\/jaumepubill\/wp-json\/wp\/v2\/posts\/3632","targetHints":{"allow":["GET"]}}],"collection":[{"href":"https:\/\/blogs.avui.cat\/jaumepubill\/wp-json\/wp\/v2\/posts"}],"about":[{"href":"https:\/\/blogs.avui.cat\/jaumepubill\/wp-json\/wp\/v2\/types\/post"}],"author":[{"embeddable":true,"href":"https:\/\/blogs.avui.cat\/jaumepubill\/wp-json\/wp\/v2\/users\/214"}],"replies":[{"embeddable":true,"href":"https:\/\/blogs.avui.cat\/jaumepubill\/wp-json\/wp\/v2\/comments?post=3632"}],"version-history":[{"count":0,"href":"https:\/\/blogs.avui.cat\/jaumepubill\/wp-json\/wp\/v2\/posts\/3632\/revisions"}],"wp:attachment":[{"href":"https:\/\/blogs.avui.cat\/jaumepubill\/wp-json\/wp\/v2\/media?parent=3632"}],"wp:term":[{"taxonomy":"category","embeddable":true,"href":"https:\/\/blogs.avui.cat\/jaumepubill\/wp-json\/wp\/v2\/categories?post=3632"},{"taxonomy":"post_tag","embeddable":true,"href":"https:\/\/blogs.avui.cat\/jaumepubill\/wp-json\/wp\/v2\/tags?post=3632"}],"curies":[{"name":"wp","href":"https:\/\/api.w.org\/{rel}","templated":true}]}}