{"id":3618,"date":"2012-03-31T09:25:58","date_gmt":"2012-03-31T08:25:58","guid":{"rendered":"http:\/\/blogs.avui.cat\/jaumepubill\/?p=3618"},"modified":"2012-03-31T09:25:58","modified_gmt":"2012-03-31T08:25:58","slug":"hi-ha-gent-miserable","status":"publish","type":"post","link":"https:\/\/blogs.avui.cat\/jaumepubill\/2012\/03\/31\/hi-ha-gent-miserable\/","title":{"rendered":"Hi ha gent miserable"},"content":{"rendered":"<p align=\"justify\"><img data-recalc-dims=\"1\" loading=\"lazy\" decoding=\"async\" style=\"margin: 0px 0px 10px 20px;float: right\" align=\"right\" src=\"https:\/\/i0.wp.com\/4.bp.blogspot.com\/_p5hxNWPjNq8\/S9_fsSywgxI\/AAAAAAAALR4\/zO48xa1xTvA\/s1600\/SCIencextrA-Karim%2BBenzema.jpg?resize=155%2C202\" width=\"155\" height=\"202\" \/>Not\u00edcia llegida fa un parell de dies als diaris i que et deixen astorat::<\/p>\n<p align=\"justify\">Yamina Benhattab Haddou \u00e9s una dona de 65 anys que viu modestament en un apartament dels afores de Li\u00f3. Amb ella, viu la seva filla, discapacitada en un 80%.Yamina cobra una modesta pensi\u00f3 mensual de 800 euros. Fa poc, mentre estava a l&#8217;hospital, el seu marit va morir d\u2019un infart. Com es pot comprovar, la seva vida no \u00e9s un cam\u00ed de roses. No obstant aix\u00f2, tot podria ser molt diferent si un familiar molt directe l&#8217;ajud\u00e9s una mica m\u00e9s.<\/p>\n<p align=\"justify\">Aquest familiar \u00e9s Karim Benzema, jugador del Reial Madrid. Benzema cobra actualment uns 708.000 euros mensuals, contractes publicitaris a part. Fa un any, la seva \u00e0via materna (que, a m\u00e9s, el va cuidar quan era petit) ja va haver de rec\u00f3rrer a la just\u00edcia perqu\u00e8 d&#8217;aquests 708.000 euros uns rid\u00edculs 1.500 fossin per a ella i la seva filla discapacitada, en concepte de pensi\u00f3 aliment\u00e0ria. El jutge va donar la ra\u00f3 a l&#8217;\u00e0via del jugador, per\u00f2 a aquest no li sembla just. No li sembla just que sigui l&#8217;\u00fanic a pagar quan l&#8217;\u00e0via t\u00e9 a altres familiars, aix\u00f2 s\u00ed, que dif\u00edcilment han de cobrar aquests 708.000 euros mensuals.<\/p>\n<p align=\"justify\">I per aix\u00f2, sense pensar-s&#8217;ho dues vegades Benzema ha decidit, segons explica la web francesa VSD.fr, denunciar una tia i una cosina perqu\u00e8 l&#8217;ajudin en el dolor\u00f3s deure de pagar-li 1.500 euros a la seva \u00e0via. I per aquest motiu el proper dia 5 d&#8217;abril, la tia i la cosina hauran de compar\u00e8ixer a un jutjat de Li\u00f3 i esperar a veure si el jutge els diu que han d&#8217;ajudar Benzema a pagar o ha de seguir sent el jugador del Reial Madrid qui ho faci.<\/p>\n<p align=\"justify\">Una mica sorprenent no? Com podr\u00edem qualificar una actitud com aquesta? A m\u00e9s de demostrar que no \u00e9s gens solidari i que \u00e9s un gran egoista, demostra que no t\u00e9 gens de cap. T\u00e9 peus per a fer gols, per\u00f2 no t\u00e9 cap per pensar. Sembla que nom\u00e9s t\u00e9 el cap per dur-lo sobre l\u2019espatlla. I a dins d\u2019aquest cap sembla haver-hi nom\u00e9s merda. Perqu\u00e8, si no, una actitud com aquesta no s\u2019ent\u00e9n gens ni mica. <\/p>\n<p align=\"justify\">I demostra no tenir gaire cap quan m\u00e9s d\u2019una vegada ha estat not\u00edcia als diaris dels seus problemes a les discoteques i a les carreteres. Fa ben poc ha sortit la not\u00edcia que en un mes ha destrossat dos cotxes: primerament un AudiQ7 i despr\u00e9s un Lamborghini Gallardo que va alquilar per celebrar el seu aniversari a l\u2019 Illa Reuni\u00f3n. En el recorregut entre la discoteca i l\u2019hotel va anar a espetegar contra un arbre.&#160; <\/p>\n<p align=\"justify\">En una ocasi\u00f3 com aquesta m\u2019agradaria ser jutge i que em toqu\u00e9s aquest cas!. <\/p>\n","protected":false},"excerpt":{"rendered":"<p>Not\u00edcia llegida fa un parell de dies als diaris i que et deixen astorat:: Yamina Benhattab Haddou \u00e9s una dona de 65 anys que viu modestament en un apartament dels afores de Li\u00f3. Amb ella, viu la seva filla, discapacitada en un 80%.Yamina cobra una modesta pensi\u00f3 mensual de 800 euros. Fa poc, mentre estava [&hellip;]<\/p>\n","protected":false},"author":214,"featured_media":0,"comment_status":"open","ping_status":"closed","sticky":false,"template":"","format":"standard","meta":{"_jetpack_memberships_contains_paid_content":false,"footnotes":"","jetpack_publicize_message":"","jetpack_publicize_feature_enabled":true,"jetpack_social_post_already_shared":false,"jetpack_social_options":{"image_generator_settings":{"template":"highway","default_image_id":0,"font":"","enabled":false},"version":2}},"categories":[5009,2615],"tags":[29713,31941,457],"class_list":["post-3618","post","type-post","status-publish","format-standard","hentry","category-relacions-humanes","category-valors","tag-karim-benzema","tag-relacions-humanes","tag-solidaritat"],"jetpack_publicize_connections":[],"jetpack_featured_media_url":"","jetpack_shortlink":"https:\/\/wp.me\/pagkjs-Wm","jetpack-related-posts":[],"jetpack_sharing_enabled":true,"_links":{"self":[{"href":"https:\/\/blogs.avui.cat\/jaumepubill\/wp-json\/wp\/v2\/posts\/3618","targetHints":{"allow":["GET"]}}],"collection":[{"href":"https:\/\/blogs.avui.cat\/jaumepubill\/wp-json\/wp\/v2\/posts"}],"about":[{"href":"https:\/\/blogs.avui.cat\/jaumepubill\/wp-json\/wp\/v2\/types\/post"}],"author":[{"embeddable":true,"href":"https:\/\/blogs.avui.cat\/jaumepubill\/wp-json\/wp\/v2\/users\/214"}],"replies":[{"embeddable":true,"href":"https:\/\/blogs.avui.cat\/jaumepubill\/wp-json\/wp\/v2\/comments?post=3618"}],"version-history":[{"count":0,"href":"https:\/\/blogs.avui.cat\/jaumepubill\/wp-json\/wp\/v2\/posts\/3618\/revisions"}],"wp:attachment":[{"href":"https:\/\/blogs.avui.cat\/jaumepubill\/wp-json\/wp\/v2\/media?parent=3618"}],"wp:term":[{"taxonomy":"category","embeddable":true,"href":"https:\/\/blogs.avui.cat\/jaumepubill\/wp-json\/wp\/v2\/categories?post=3618"},{"taxonomy":"post_tag","embeddable":true,"href":"https:\/\/blogs.avui.cat\/jaumepubill\/wp-json\/wp\/v2\/tags?post=3618"}],"curies":[{"name":"wp","href":"https:\/\/api.w.org\/{rel}","templated":true}]}}