{"id":3601,"date":"2012-03-25T13:01:42","date_gmt":"2012-03-25T12:01:42","guid":{"rendered":"http:\/\/blogs.avui.cat\/jaumepubill\/?p=3601"},"modified":"2012-03-26T17:34:15","modified_gmt":"2012-03-26T16:34:15","slug":"colnies-per-saber-ho-tot-sobre-lasma","status":"publish","type":"post","link":"https:\/\/blogs.avui.cat\/jaumepubill\/2012\/03\/25\/colnies-per-saber-ho-tot-sobre-lasma\/","title":{"rendered":"Col&ograve;nies per saber-ho tot sobre l&rsquo;asma"},"content":{"rendered":"<p style=\"text-align: justify\"><img data-recalc-dims=\"1\" loading=\"lazy\" decoding=\"async\" style=\"margin: 0px 13px 0px 0px;float: left\" src=\"https:\/\/i0.wp.com\/www.coloniesasma.com\/images\/colonies.jpg?resize=313%2C206\" alt=\"\" width=\"313\" height=\"206\" align=\"left\" \/>El m\u00f3n de les Col\u00f2nies d\u2019 Estiu \u00e9s un m\u00f3n fascinant. Us ho dic per pr\u00f2pia experi\u00e8ncia perqu\u00e8, quan era jove, hi vaig fer de monitor uns quants estius a Peguera (Bergued\u00e0) amb les Col\u00f2nies que preparava el Bisbat de Solsona i que tenien com a \u00e0nima Moss\u00e8n V\u00edctor sallent. Caldria que alg\u00fa que en sab\u00e9s una mica en fes la hist\u00f2ria, que prou s\u2019ho val.<\/p>\n<p style=\"text-align: justify\">Per\u00f2 avui no volia parlar d\u2019aquestes, sin\u00f3 d\u2019un altre tipus de Col\u00f2nies molt especialitzades: les COL\u00d2NIES PER SABER-HO TOT SOBRE L\u2019ASMA. Crec que val la pena difondre la not\u00edcia i que les fam\u00edlies que tinguin un nen o nena amb asma s\u00e0piguen de la seva exist\u00e8ncia. Per a qui en vulgui saber m\u00e9s, podreu trobar m\u00e9s informaci\u00f3 a <a href=\"http:\/\/www.coloniesasma.com\/\" target=\"_blank\">http:\/\/www.coloniesasma.com\/<\/a><\/p>\n<p style=\"text-align: justify\">Aquestes Col\u00f2nies les prepara la FUNDACI\u00d3 SANIT\u00c0RIA SANT PERE CLAVER. L\u2019equip organitzador consta d\u2019un metge al\u00b7lerg\u00f2leg, director de la col\u00f2nia, una infermera i monitors especialitzats que s\u00f3n antics participants.<\/p>\n<p style=\"text-align: justify\">El Dr. Carles Lucas t\u00e9 56 anys i \u00e9s, probablement, el monitor de col\u00f2nies m\u00e9s veter\u00e0 de Catalunya. Des de fa 23 anys dedica hores i hores del seu temps a organitzar les COL\u00d2NIES PER SABER-HO TOT DE L\u2019ASMA, una experi\u00e8ncia d\u2019educaci\u00f3 sanit\u00e0ria pionera i \u00fanica al nostre pa\u00eds.<br \/>\nDes del juliol del 1990, uns dos mil nens i nenes han apr\u00e8s -a base de jocs, tallers, piscina i esport- que tenir asma no impedeix dur una vida completament normal.<br \/>\nL\u2019asma \u00e9s la malaltia cr\u00f2nica m\u00e9s freq\u00fcent a l\u2019edat infantil.\u00c9s una malaltia agra\u00efda: si tu la tractes b\u00e9, ella et tractar\u00e0 b\u00e9 a tu. Per aix\u00f2 \u00e9s important con\u00e8ixer-la.<br \/>\nLa col\u00f2nia no \u00e9s un balneari per nens malalts. Fer educaci\u00f3 sanit\u00e0ria d\u2019un pacient jove separats per una taula i una bata blanca no \u00e9s una bona t\u00e0ctica. Si un aprenentatge es planteja en forma de joc, la predisposici\u00f3 \u00e9s m\u00e9s gran i els resultats obtinguts s\u00f3n millors.<br \/>\nAquesta iniciativa de Sant Pere Claver Fundaci\u00f3 Sanit\u00e0ria, ha estat guardonada amb el premi Jaume Su\u00f1ol Blanchard de l\u2019Acad\u00e8mia de Ci\u00e8ncies M\u00e8diques de Catalunya i Balears \u201cper anar dirigit a una poblaci\u00f3 especialment vulnerable que es pot beneficiar d\u2019una informaci\u00f3 cient\u00edficament contrastada sobre la seva malaltia. D\u2019altra banda, el premi s\u2019atorga tamb\u00e9 com a reconeixement de la feina realitzada per aquest grup al llarg de quasi vint anys de promoure l\u2019autonomia dels nens amb asma\u201d.<br \/>\nM\u00e9s informaci\u00f3 a:<br \/>\nwww.coloniesasma.com<br \/>\ncoloniesasma@gmail.com<br \/>\n93 442 39 02 \u2013 93 442 39 03<\/p>\n","protected":false},"excerpt":{"rendered":"<p>El m\u00f3n de les Col\u00f2nies d\u2019 Estiu \u00e9s un m\u00f3n fascinant. Us ho dic per pr\u00f2pia experi\u00e8ncia perqu\u00e8, quan era jove, hi vaig fer de monitor uns quants estius a Peguera (Bergued\u00e0) amb les Col\u00f2nies que preparava el Bisbat de Solsona i que tenien com a \u00e0nima Moss\u00e8n V\u00edctor sallent. Caldria que alg\u00fa que en [&hellip;]<\/p>\n","protected":false},"author":214,"featured_media":0,"comment_status":"open","ping_status":"closed","sticky":false,"template":"","format":"standard","meta":{"_jetpack_memberships_contains_paid_content":false,"footnotes":"","jetpack_publicize_message":"","jetpack_publicize_feature_enabled":true,"jetpack_social_post_already_shared":false,"jetpack_social_options":{"image_generator_settings":{"template":"highway","default_image_id":0,"font":"","enabled":false},"version":2}},"categories":[816,26058],"tags":[29707,29709,31958],"class_list":["post-3601","post","type-post","status-publish","format-standard","hentry","category-general","category-malaltia","tag-colonies-d-estiu","tag-esplai","tag-malaltia"],"jetpack_publicize_connections":[],"jetpack_featured_media_url":"","jetpack_shortlink":"https:\/\/wp.me\/pagkjs-W5","jetpack-related-posts":[],"jetpack_sharing_enabled":true,"_links":{"self":[{"href":"https:\/\/blogs.avui.cat\/jaumepubill\/wp-json\/wp\/v2\/posts\/3601","targetHints":{"allow":["GET"]}}],"collection":[{"href":"https:\/\/blogs.avui.cat\/jaumepubill\/wp-json\/wp\/v2\/posts"}],"about":[{"href":"https:\/\/blogs.avui.cat\/jaumepubill\/wp-json\/wp\/v2\/types\/post"}],"author":[{"embeddable":true,"href":"https:\/\/blogs.avui.cat\/jaumepubill\/wp-json\/wp\/v2\/users\/214"}],"replies":[{"embeddable":true,"href":"https:\/\/blogs.avui.cat\/jaumepubill\/wp-json\/wp\/v2\/comments?post=3601"}],"version-history":[{"count":3,"href":"https:\/\/blogs.avui.cat\/jaumepubill\/wp-json\/wp\/v2\/posts\/3601\/revisions"}],"predecessor-version":[{"id":3604,"href":"https:\/\/blogs.avui.cat\/jaumepubill\/wp-json\/wp\/v2\/posts\/3601\/revisions\/3604"}],"wp:attachment":[{"href":"https:\/\/blogs.avui.cat\/jaumepubill\/wp-json\/wp\/v2\/media?parent=3601"}],"wp:term":[{"taxonomy":"category","embeddable":true,"href":"https:\/\/blogs.avui.cat\/jaumepubill\/wp-json\/wp\/v2\/categories?post=3601"},{"taxonomy":"post_tag","embeddable":true,"href":"https:\/\/blogs.avui.cat\/jaumepubill\/wp-json\/wp\/v2\/tags?post=3601"}],"curies":[{"name":"wp","href":"https:\/\/api.w.org\/{rel}","templated":true}]}}