{"id":3590,"date":"2012-03-20T19:51:57","date_gmt":"2012-03-20T18:51:57","guid":{"rendered":"http:\/\/blogs.avui.cat\/jaumepubill\/?p=3590"},"modified":"2012-03-20T19:51:57","modified_gmt":"2012-03-20T18:51:57","slug":"espanya-pas-petit","status":"publish","type":"post","link":"https:\/\/blogs.avui.cat\/jaumepubill\/2012\/03\/20\/espanya-pas-petit\/","title":{"rendered":"Espanya, pa&iacute;s petit."},"content":{"rendered":"<p align=\"justify\"><img data-recalc-dims=\"1\" loading=\"lazy\" decoding=\"async\" style=\"margin: 0px 12px 10px 0px;float: left\" align=\"left\" src=\"https:\/\/i0.wp.com\/imagenes.publico.es\/resources\/archivos\/2009\/8\/21\/1250853479507torodn.jpg?resize=286%2C210\" width=\"286\" height=\"210\" \/>El Llu\u00eds Llach t\u00e9 una can\u00e7\u00f3 que es diu \u201cPa\u00eds petit\u201d i \u2013naturalment- es refereix a la petitesa f\u00edsica de Catalunya. Hi han altres petiteses \u2013en podr\u00edem dir mesquineses- que no van en el sentit que ho diu el Llach de Catalunya. Hi han pa\u00efsos petits i grans en territori, en quil\u00f2metres quadrats. Per\u00f2 tamb\u00e9 hi han pa\u00efsos petits o grans pel seu valor moral, per la seva grandesa moral o per la seva mesquinesa.<\/p>\n<p align=\"justify\">Un d\u2019aquests pa\u00efsos mesquins, petits, empetitits, acomplexats i porucs \u00e9s el que anomenem Espanya (alguns ja en comencen a fer befa i en passen a dir ECS-panya, o Escanya, noms que volen expressar actituds que desperta aquesta mena d\u2019 Estat que vol ser gran, modern i important per\u00f2 que es queda a mig cam\u00ed sempre).<\/p>\n<p align=\"justify\">Espanya sempre ha estat un pa\u00eds amb esperit de grandesa i \u00e0nima conqueridora. Sempre ha tingut aquest \u00e0nim de gran senyor -que en un temps ho va ser &#8211; per\u00f2 que ara ha esdevingut un senyor vingut a menys i que ja comen\u00e7a a fer ll\u00e0stima perqu\u00e8 se li veuen massa els parracs que es veu obligada a vestir; vestits que en altre temps eren impecables i que ara ja es desfilen i s\u2019esparraquen per tot arreu. Van voler fer un gran banquet per convidar-hi tothom, amb caf\u00e8, copa i puro per a tots i ara no els arriba ni el caf\u00e8, ni tenen prou tasses per servir-lo. Se n\u2019adonen ara que s\u00f3n nous rics vinguts a menys, que molt del que es mostrava era nom\u00e9s fum, que han volgut estirar m\u00e9s el bra\u00e7 que la m\u00e0niga fent l\u00ednies d\u2019 AVE, aeroports absurds i grans infraestructures innecess\u00e0ries i fora de lloc i ara, corrents i de pressa, volen tornar enrere, Pat\u00e8tic i dram\u00e0tic alhora! Faria riure si no fos que durant tot aquest temps de travessia pel desert han quedat molta gent pel cam\u00ed, morts de gana, sense expectatives, mal ferits i que ja no se\u2019n sortiran m\u00e9s. Faria riure si no fes plorar i fes sofrir a tanta i tanta gent.&#160; <\/p>\n<p align=\"justify\">Aix\u00f2 que anomenen Espanya s\u2019ha tornat un cosa rid\u00edcula, que \u00e9s incapa\u00e7 de complir compromisos firmats, que \u00e9s incapa\u00e7 d\u2019entendre que la diversitat \u00e9s rica, que -amb l\u2019aigua al coll i tot- segueix fent l\u00ednies d&#8217;AVE o mantenint estructures sense sentit. Aquesta Espanya que diuen que \u00e9s \u201cUna, Grande y Libre\u201d se\u2019ls hi est\u00e0 desmanegant a les mans, se\u2019ls hi est\u00e0 empetitint i cada dia es torna m\u00e9s esclava de les seves pr\u00f2pies febleses estructurals, de les seves mancances, obsessions, pors, traumes i prejudicis. I ja ha arribat el moment que es veu que no hi ha ning\u00fa que sigui capa\u00e7 d\u2019arreglar-ho; tot al contrari: sembla que cada dia ho vulguin espatllar m\u00e9s.<\/p>\n","protected":false},"excerpt":{"rendered":"<p>El Llu\u00eds Llach t\u00e9 una can\u00e7\u00f3 que es diu \u201cPa\u00eds petit\u201d i \u2013naturalment- es refereix a la petitesa f\u00edsica de Catalunya. Hi han altres petiteses \u2013en podr\u00edem dir mesquineses- que no van en el sentit que ho diu el Llach de Catalunya. Hi han pa\u00efsos petits i grans en territori, en quil\u00f2metres quadrats. Per\u00f2 tamb\u00e9 [&hellip;]<\/p>\n","protected":false},"author":214,"featured_media":0,"comment_status":"open","ping_status":"closed","sticky":false,"template":"","format":"standard","meta":{"_jetpack_memberships_contains_paid_content":false,"footnotes":"","jetpack_publicize_message":"","jetpack_publicize_feature_enabled":true,"jetpack_social_post_already_shared":false,"jetpack_social_options":{"image_generator_settings":{"template":"highway","default_image_id":0,"font":"","enabled":false},"version":2}},"categories":[1296],"tags":[31872],"class_list":["post-3590","post","type-post","status-publish","format-standard","hentry","category-espana","tag-espana"],"jetpack_publicize_connections":[],"jetpack_featured_media_url":"","jetpack_shortlink":"https:\/\/wp.me\/pagkjs-VU","jetpack-related-posts":[],"jetpack_sharing_enabled":true,"_links":{"self":[{"href":"https:\/\/blogs.avui.cat\/jaumepubill\/wp-json\/wp\/v2\/posts\/3590","targetHints":{"allow":["GET"]}}],"collection":[{"href":"https:\/\/blogs.avui.cat\/jaumepubill\/wp-json\/wp\/v2\/posts"}],"about":[{"href":"https:\/\/blogs.avui.cat\/jaumepubill\/wp-json\/wp\/v2\/types\/post"}],"author":[{"embeddable":true,"href":"https:\/\/blogs.avui.cat\/jaumepubill\/wp-json\/wp\/v2\/users\/214"}],"replies":[{"embeddable":true,"href":"https:\/\/blogs.avui.cat\/jaumepubill\/wp-json\/wp\/v2\/comments?post=3590"}],"version-history":[{"count":0,"href":"https:\/\/blogs.avui.cat\/jaumepubill\/wp-json\/wp\/v2\/posts\/3590\/revisions"}],"wp:attachment":[{"href":"https:\/\/blogs.avui.cat\/jaumepubill\/wp-json\/wp\/v2\/media?parent=3590"}],"wp:term":[{"taxonomy":"category","embeddable":true,"href":"https:\/\/blogs.avui.cat\/jaumepubill\/wp-json\/wp\/v2\/categories?post=3590"},{"taxonomy":"post_tag","embeddable":true,"href":"https:\/\/blogs.avui.cat\/jaumepubill\/wp-json\/wp\/v2\/tags?post=3590"}],"curies":[{"name":"wp","href":"https:\/\/api.w.org\/{rel}","templated":true}]}}