{"id":3580,"date":"2012-03-11T09:55:26","date_gmt":"2012-03-11T08:55:26","guid":{"rendered":"http:\/\/blogs.avui.cat\/jaumepubill\/?p=3580"},"modified":"2012-03-11T09:55:26","modified_gmt":"2012-03-11T08:55:26","slug":"realisme-mgic-al-palau-sant-jordi","status":"publish","type":"post","link":"https:\/\/blogs.avui.cat\/jaumepubill\/2012\/03\/11\/realisme-mgic-al-palau-sant-jordi\/","title":{"rendered":"Realisme m&agrave;gic al Palau Sant Jordi"},"content":{"rendered":"<p align=\"justify\"><img data-recalc-dims=\"1\" loading=\"lazy\" decoding=\"async\" style=\"margin: 0px 11px 10px 0px;float: left\" align=\"left\" src=\"https:\/\/i0.wp.com\/utils.lainformacion.com\/images\/IMGS_CMS\/la-assemblea-nacional-catalana-anc-se-constituira-en-marzo-de-2012\/2011_12_8_vtTiA1ReKLZJ5kc4NybUy6.jpg?resize=235%2C223\" width=\"235\" height=\"223\" \/>El realisme m\u00e0gic \u00e9s un g\u00e8nere art\u00edstic i literari propi de la literatura llatinoamericana de mitjans del segle XX, que fon la realitat narrativa amb elements fant\u00e0stics, mostrant el que \u00e9s com\u00fa i quotidi\u00e0 com una cosa irreal o estranya. Ahir, els que ahir al mat\u00ed van ser al Palau Sant Jordi es van trobar immersos en un clima de realisme m\u00e0gic. Per una banda sabien que la realitat de la Naci\u00f3 Catalana \u00e9s la que \u00e9s per\u00f2, per altra banda, veien com aquesta realitat era perfectament possible que pogu\u00e9s saltar pels aires i&#160; es vei\u00e9s la possibilitat de canviar-la per una nova, possible i meravellosa realitat. Per aquest motiu podem parlar de realisme m\u00e0gic. La realitat i el somni s\u2019entrecreuaven, es palpaven, es somniaven i es veia possible un nou horitz\u00f3 per a la Naci\u00f3 Catalana.<\/p>\n<p align=\"justify\">I \u00e9s que ahir va n\u00e9ixer oficialment l&#8217;Assemblea Nacional Catalana per tra\u00e7ar el cam\u00ed cap a la independ\u00e8ncia. L&#8217;Assemblea Nacional Catalana era una realitat oficial quan ahir al mat\u00ed va quedar constitu\u00efda en aprovar el seu full de ruta, que preveu la celebraci\u00f3 d&#8217;un refer\u00e8ndum per la independ\u00e8ncia l&#8217;any 2014.<\/p>\n<p align=\"justify\">La noci\u00f3 de la realitat, tal com la valorem quotidianament, es veu trencada i posada en dubte por nous elements (que ara poden semblar fant\u00e0stics o irreals) que es barregen en les situacions acceptades com a reals. Per aix\u00f2 el realisme m\u00e0gic va florir en la literatura llatinoamericana arran de les discrep\u00e0ncies sorgides entre cultura de la tecnologia, la cultura del mestissatge i la cultura de la superstici\u00f3, i quan les dictadures que assotaven Llatinoam\u00e8rica van fer de la paraula l&#8217;eina m\u00e9s poderosa. Una vegada Gabriel Garc\u00eda M\u00e1rquez va dir: &quot;El meu problema m\u00e9s important era destruir la l\u00ednia de demarcaci\u00f3 que separa el que sembla real del que sembla fant\u00e0stic.Perqu\u00e8 en el m\u00f3n que tractava d&#8217;evocar, aquesta barrera no existia. Per\u00f2 necessitava un to innocent, que pel seu prestigi torn\u00e9s versemblants les coses que menys ho semblaven, i que ho fes sense pertorbar la unitat del relat. Tamb\u00e9 el llenguatge era una dificultat de fons, doncs la veritat no sembla veritat simplement perqu\u00e8 ho sigui, sin\u00f3 per la manera com es digui\u201d.<\/p>\n<p align=\"justify\">Aquest \u00e9s el tema de fons a partir d\u2019aquest moment: s\u2019ha de fer cre\u00efble, s\u2019ha de divulgar, s\u2019ha d\u2019explicar, s\u2019ha de creure i fer creure tot el que es va dir, es va somniar i es va proclamar ahir al Sant Jordi. El full de ruta ho ser\u00e0 nom\u00e9s si es fa cre\u00efble amb unitat i sumant. Nom\u00e9s sumant gent, esfor\u00e7os, il\u00b7lusions, arguments i tantes explicacions com siguin necess\u00e0ries, es podr\u00e0 aconseguir aquesta fita. Doncs vinga ja, som-hi!<\/p>\n<p align=\"justify\">\n","protected":false},"excerpt":{"rendered":"<p>El realisme m\u00e0gic \u00e9s un g\u00e8nere art\u00edstic i literari propi de la literatura llatinoamericana de mitjans del segle XX, que fon la realitat narrativa amb elements fant\u00e0stics, mostrant el que \u00e9s com\u00fa i quotidi\u00e0 com una cosa irreal o estranya. Ahir, els que ahir al mat\u00ed van ser al Palau Sant Jordi es van trobar [&hellip;]<\/p>\n","protected":false},"author":214,"featured_media":0,"comment_status":"open","ping_status":"closed","sticky":false,"template":"","format":"standard","meta":{"_jetpack_memberships_contains_paid_content":false,"footnotes":"","jetpack_publicize_message":"","jetpack_publicize_feature_enabled":true,"jetpack_social_post_already_shared":false,"jetpack_social_options":{"image_generator_settings":{"template":"highway","default_image_id":0,"font":"","enabled":false},"version":2}},"categories":[877,172],"tags":[29700,31863,31828],"class_list":["post-3580","post","type-post","status-publish","format-standard","hentry","category-catalunya","category-politica","tag-assemblea-nacional-catalana","tag-catalunya","tag-politica"],"jetpack_publicize_connections":[],"jetpack_featured_media_url":"","jetpack_shortlink":"https:\/\/wp.me\/pagkjs-VK","jetpack-related-posts":[],"jetpack_sharing_enabled":true,"_links":{"self":[{"href":"https:\/\/blogs.avui.cat\/jaumepubill\/wp-json\/wp\/v2\/posts\/3580","targetHints":{"allow":["GET"]}}],"collection":[{"href":"https:\/\/blogs.avui.cat\/jaumepubill\/wp-json\/wp\/v2\/posts"}],"about":[{"href":"https:\/\/blogs.avui.cat\/jaumepubill\/wp-json\/wp\/v2\/types\/post"}],"author":[{"embeddable":true,"href":"https:\/\/blogs.avui.cat\/jaumepubill\/wp-json\/wp\/v2\/users\/214"}],"replies":[{"embeddable":true,"href":"https:\/\/blogs.avui.cat\/jaumepubill\/wp-json\/wp\/v2\/comments?post=3580"}],"version-history":[{"count":0,"href":"https:\/\/blogs.avui.cat\/jaumepubill\/wp-json\/wp\/v2\/posts\/3580\/revisions"}],"wp:attachment":[{"href":"https:\/\/blogs.avui.cat\/jaumepubill\/wp-json\/wp\/v2\/media?parent=3580"}],"wp:term":[{"taxonomy":"category","embeddable":true,"href":"https:\/\/blogs.avui.cat\/jaumepubill\/wp-json\/wp\/v2\/categories?post=3580"},{"taxonomy":"post_tag","embeddable":true,"href":"https:\/\/blogs.avui.cat\/jaumepubill\/wp-json\/wp\/v2\/tags?post=3580"}],"curies":[{"name":"wp","href":"https:\/\/api.w.org\/{rel}","templated":true}]}}