{"id":356,"date":"2009-05-25T20:26:19","date_gmt":"2009-05-25T19:26:19","guid":{"rendered":"http:\/\/blogs.avui.cat\/jaumepubill\/2009\/05\/25\/abusos-a-menors\/"},"modified":"2009-05-25T20:26:19","modified_gmt":"2009-05-25T19:26:19","slug":"abusos-a-menors","status":"publish","type":"post","link":"https:\/\/blogs.avui.cat\/jaumepubill\/2009\/05\/25\/abusos-a-menors\/","title":{"rendered":"Abusos a menors."},"content":{"rendered":"<p><img data-recalc-dims=\"1\" loading=\"lazy\" decoding=\"async\" src=\"https:\/\/i0.wp.com\/www.informabtl.com\/wp-content\/uploads\/2007\/12\/gegenabusehand2.jpg?resize=157%2C171\" width=\"157\" height=\"171\" \/> <\/p>\n<p>Hi han not\u00edcies que fan mal de veritat. Deixen mal gust a la boca i a l\u2019est\u00f3mac. Fan mal a l\u2019\u00e0nima. Em refereixo a la not\u00edcia que ha sorgit aquests dies dels abusos a menors a internats d\u2019Irlanda. <\/p>\n<p>El problema, en si mateix, no \u00e9s si els abusos s\u00f3n d\u2019algunes persones de l\u2019Esgl\u00e9sia Cat\u00f2lica. Que tamb\u00e9 ho \u00e9s, i gros. El problema \u00e9s&#160; per qu\u00e8 es produeixen aquest mena d\u2019abusos a menors, en molts camps de la nostra societat i en la majoria de pa\u00efsos. Per qu\u00e8 es produeixen abusos constants a persones indefenses i atemorides pel pes de l\u2019autoritat moral d\u2019una altra persona?. <\/p>\n<p>Perqu\u00e8 la decepci\u00f3 profunda, quan llegeixes aquest tipus de not\u00edcies, la produeix el fet de saber, per exemple, que un policia \u00e9s el cap d\u2019una banda de lladres; o el cap de la pres\u00f3 \u00e9s un extorsionador d\u2019interns; o que un metge es dedica a operar il\u00b7legalment sense cap tipus d\u2019higiene i precauci\u00f3; que una autoritat pol\u00edtica deixa distribuir droga perqu\u00e8 se\u2019n beneficia econ\u00f2micament\u2026 En fi, que podr\u00edem seguir la llista d\u2019abusos. A menors, a desvalguts, a gents indefensa i analfabeta, a gent pobra.<\/p>\n<p>En el cas de l\u2019 Esgl\u00e9sia Cat\u00f2lica crec que encara \u00e9s m\u00e9s greu perqu\u00e8 es juga amb el llegat sagrat de Jes\u00fas de Natzaret. En totes les institucions hi han persones nobles i incorruptes, ja ho sabem. Per\u00f2 tamb\u00e9 \u00e9s cert que n\u2019hi han de corruptes i innobles i que els responsables haurien de filar m\u00e9s prim i no deixar passar certes coses. O, el que \u00e9s pitjor, deixar-les passar a uns s\u00ed i a altres no. O fer p\u00fabliques algunes i amagar-ne altres. \u00c9s cert que la roba bruta a vegades \u00e9s millor rentar-la dins de casa. Per\u00f2 s\u2019ha de rentat. El que no pot ser \u00e9s tenir la casa plena de roba bruta i fer veure que no n\u2019hi ha.<\/p>\n<p>Tots tenim la nostra responsabilitat (institucions i persones) en els nostres actes i tots haur\u00edem d\u2019intervenir quan sab\u00e9ssim algun cas. Tots som una mica hip\u00f2crites a vegades. O covards. Doncs b\u00e9: en certes coses no haur\u00edem de transigir i haur\u00edem de ser nosaltres els primers responsables en denunciar aquest tipus d\u2019abusos. I si \u00e9s a menors, molt m\u00e9s perqu\u00e8 la cosa \u00e9s molt m\u00e9s greu encara.<\/p>\n<p>\u00c9s essent responsables que serem m\u00e9s lliures.<\/p>\n<p>&#160;<\/p>\n<p>&#160;<\/p>\n<\/p>\n<div>Etiquetes de Technorati: <a href=\"http:\/\/technorati.com\/tags\/Abusos\" rel=\"tag\">Abusos<\/a>,<a href=\"http:\/\/technorati.com\/tags\/Societat\" rel=\"tag\">Societat<\/a>,<a href=\"http:\/\/technorati.com\/tags\/Esgl%c3%a9sia\" rel=\"tag\">Esgl&#233;sia<\/a>,<a href=\"http:\/\/technorati.com\/tags\/%c3%88tica+i+Moral\" rel=\"tag\">&#200;tica i Moral<\/a><\/div>\n","protected":false},"excerpt":{"rendered":"<p>Hi han not\u00edcies que fan mal de veritat. Deixen mal gust a la boca i a l\u2019est\u00f3mac. Fan mal a l\u2019\u00e0nima. Em refereixo a la not\u00edcia que ha sorgit aquests dies dels abusos a menors a internats d\u2019Irlanda. El problema, en si mateix, no \u00e9s si els abusos s\u00f3n d\u2019algunes persones de l\u2019Esgl\u00e9sia Cat\u00f2lica. Que [&hellip;]<\/p>\n","protected":false},"author":214,"featured_media":0,"comment_status":"open","ping_status":"open","sticky":false,"template":"","format":"standard","meta":{"_jetpack_memberships_contains_paid_content":false,"footnotes":"","jetpack_publicize_message":"","jetpack_publicize_feature_enabled":true,"jetpack_social_post_already_shared":false,"jetpack_social_options":{"image_generator_settings":{"template":"highway","default_image_id":0,"font":"","enabled":false},"version":2}},"categories":[4542,77,2938,160],"tags":[],"class_list":["post-356","post","type-post","status-publish","format-standard","hentry","category-abusos","category-esglesia","category-etica-i-moral","category-societat"],"jetpack_publicize_connections":[],"jetpack_featured_media_url":"","jetpack_shortlink":"https:\/\/wp.me\/pagkjs-5K","jetpack-related-posts":[],"jetpack_sharing_enabled":true,"_links":{"self":[{"href":"https:\/\/blogs.avui.cat\/jaumepubill\/wp-json\/wp\/v2\/posts\/356","targetHints":{"allow":["GET"]}}],"collection":[{"href":"https:\/\/blogs.avui.cat\/jaumepubill\/wp-json\/wp\/v2\/posts"}],"about":[{"href":"https:\/\/blogs.avui.cat\/jaumepubill\/wp-json\/wp\/v2\/types\/post"}],"author":[{"embeddable":true,"href":"https:\/\/blogs.avui.cat\/jaumepubill\/wp-json\/wp\/v2\/users\/214"}],"replies":[{"embeddable":true,"href":"https:\/\/blogs.avui.cat\/jaumepubill\/wp-json\/wp\/v2\/comments?post=356"}],"version-history":[{"count":0,"href":"https:\/\/blogs.avui.cat\/jaumepubill\/wp-json\/wp\/v2\/posts\/356\/revisions"}],"wp:attachment":[{"href":"https:\/\/blogs.avui.cat\/jaumepubill\/wp-json\/wp\/v2\/media?parent=356"}],"wp:term":[{"taxonomy":"category","embeddable":true,"href":"https:\/\/blogs.avui.cat\/jaumepubill\/wp-json\/wp\/v2\/categories?post=356"},{"taxonomy":"post_tag","embeddable":true,"href":"https:\/\/blogs.avui.cat\/jaumepubill\/wp-json\/wp\/v2\/tags?post=356"}],"curies":[{"name":"wp","href":"https:\/\/api.w.org\/{rel}","templated":true}]}}