{"id":3428,"date":"2012-01-21T11:53:09","date_gmt":"2012-01-21T10:53:09","guid":{"rendered":"http:\/\/blogs.avui.cat\/jaumepubill\/?p=3428"},"modified":"2012-01-21T11:53:09","modified_gmt":"2012-01-21T10:53:09","slug":"fem-un-pacte","status":"publish","type":"post","link":"https:\/\/blogs.avui.cat\/jaumepubill\/2012\/01\/21\/fem-un-pacte\/","title":{"rendered":"Fem un pacte?"},"content":{"rendered":"<p align=\"justify\"><strong><img data-recalc-dims=\"1\" decoding=\"async\" src=\"https:\/\/i0.wp.com\/www.castellersdevilafranca.cat\/images\/DSC_0176.jpg\" \/><\/strong><\/p>\n<p align=\"justify\"><strong>Joan Fuster <\/strong>(<i>Serra d\u2019Or<\/i>, n\u00fam. 234-mar\u00e7 1979 en un article que titulava \u201c<b>Aprensions a prop\u00f2sit del &quot;pactisme&quot;<\/b> no es mostrava gens d\u2019acord a que <\/p>\n<blockquote>\n<p align=\"justify\">els catalans siguem una gent tendencialment &quot;pactista&quot;, o, en tot cas, m\u00e9s &quot;pactista&quot; que els pobles del costat. Ell &quot;pactisme&quot; es produeix en qualsevol lloc del m\u00f3n, quan no hi ha m\u00e9s remei. Els catalans no hem estat especialment &quot;pactistes&quot;, si no fou per obligaci\u00f3: l\u2019obligaci\u00f3 del ven\u00e7ut, que espera no ser-ho del tot, \u00e9s el &quot;pacte&quot;.<\/p>\n<p align=\"justify\">\u2026<\/p>\n<p align=\"justify\">Quan es pacta amb segons quines condicions la hist\u00f2ria \u00e9s prou expl\u00edcita i ja se sap qui guanya: hi guanya la &quot;classe dominant&quot;, la d\u2019ac\u00ed i la d\u2019all\u00e0, un\u00e0nime, malgrat les aparents discrep\u00e0ncies. No ha existit, entre nosaltres, cap &quot;pacte&quot; de la l\u00ednia pactista que no s\u2019hagi convertit en un mediocre <i>\u201cenga\u00f1abobos\u201d.<\/i> Aix\u00f2 ja era evident en l\u2019\u00e8poca de don Francesc Camb\u00f3. Camb\u00f3 fou un pol\u00edtic incre\u00efblement m\u00e9s espavilat que tota la fauna que suporta avui el Principat, i no parlem ja del Pa\u00eds Valenci\u00e0 i de les Illes. Camb\u00f3 pactava, pact\u00e0, i el sufragi universal se li gir\u00e0 d\u2019esquena. Les modulacions del sufragi universal, conformades pels televisors, s\u00f3n, avui, un factor nou. Camb\u00f3 ja \u00e9s pura arqueologia. Per\u00f2 els &quot;pactes&quot; del &quot;pactisme&quot; tradicional, \u00bfon ens portaran?&#8230; Jo nom\u00e9s voldria advertir, ara, que, en la hist\u00f2ria de la Catalunya estricta, i en la de tots els Pa\u00efsos Catalans, cada &quot;pacte&quot; ha estat una claudicaci\u00f3, i que tot aix\u00f2 del &quot;pactisme&quot; com a mecanisme pol\u00edtic \u00e9s i ser\u00e0 una burla. &quot;Pactar&quot; \u00e9s perdre: sempre. Malgrat els aparents avantatges provisionals.<\/p>\n<\/blockquote>\n<p align=\"justify\"><font color=\"#666666\">En aquests moments que sembla que tot justeja molt (justeja l\u2019economia, justegen els pol\u00edtics, justeja l\u2019\u00e8tica i la moral\u2026) alguns poden pensar que \u00e9s el moment d\u2019un gran pacte que ens tregui a tots del forat. Potser s\u00ed. Per\u00f2 hem de saber que \u2013com sempre- hi sortirem perdent. <\/font><\/p>\n<p align=\"justify\"><font color=\"#666666\">Jo m\u00e9s aviat seria partidari de tensar la corda per veure si es trenca o per veure fins on arriben les possibilitats de que aguanti. Justament ara \u00e9s quan s\u2019hauria de pactar menys que mai. Que surtin al carrer bombers, funcionaris, mossos i tothom qui vulgui. D\u2019on no n\u2019hi ha no en raja i tothom sap que les arques estan escurades. Potser si els catalans deixem de cobrar a final de mes ens adonarem de tot el que no tenim, del que ens prenen i del que no tindrem mai si seguim pactant. No serveix m\u00e9s all\u00f2 del \u201cpeix al cove\u201d perqu\u00e8 ja no hi ha peix i el poc que hi ha es cuidaran b\u00e9 de repartir-se\u2019l els que encara en tenen una mica.<\/font><\/p>\n<p align=\"justify\"><font color=\"#666666\">Per tant, \u00e9s hora d\u2019estirar la corda. Aix\u00f2 s\u00ed: tots plegats i tots a la una. Alguns ja sabem que no s\u2019hi afegiran i buscaran mil excuses. Per\u00f2 tant se val. Ara \u00e9s el moment de plantar cara perqu\u00e8 l\u2019adversari tamb\u00e9 se sent d\u00e8bil, per m\u00e9s majoria absoluta que tingui, i ells tamb\u00e9 necessitaran D\u00e9u i ajuda per treure el carro del pedregar. Tant de bo hi hagu\u00e9s una mica de lucidesa per part dels partits que volen una Catalunya gran.<\/font><\/p>\n","protected":false},"excerpt":{"rendered":"<p>Joan Fuster (Serra d\u2019Or, n\u00fam. 234-mar\u00e7 1979 en un article que titulava \u201cAprensions a prop\u00f2sit del &quot;pactisme&quot; no es mostrava gens d\u2019acord a que els catalans siguem una gent tendencialment &quot;pactista&quot;, o, en tot cas, m\u00e9s &quot;pactista&quot; que els pobles del costat. Ell &quot;pactisme&quot; es produeix en qualsevol lloc del m\u00f3n, quan no hi ha [&hellip;]<\/p>\n","protected":false},"author":214,"featured_media":0,"comment_status":"open","ping_status":"closed","sticky":false,"template":"","format":"standard","meta":{"_jetpack_memberships_contains_paid_content":false,"footnotes":"","jetpack_publicize_message":"","jetpack_publicize_feature_enabled":true,"jetpack_social_post_already_shared":false,"jetpack_social_options":{"image_generator_settings":{"template":"highway","default_image_id":0,"font":"","enabled":false},"version":2}},"categories":[172],"tags":[31828],"class_list":["post-3428","post","type-post","status-publish","format-standard","hentry","category-politica","tag-politica"],"jetpack_publicize_connections":[],"jetpack_featured_media_url":"","jetpack_shortlink":"https:\/\/wp.me\/pagkjs-Ti","jetpack-related-posts":[],"jetpack_sharing_enabled":true,"_links":{"self":[{"href":"https:\/\/blogs.avui.cat\/jaumepubill\/wp-json\/wp\/v2\/posts\/3428","targetHints":{"allow":["GET"]}}],"collection":[{"href":"https:\/\/blogs.avui.cat\/jaumepubill\/wp-json\/wp\/v2\/posts"}],"about":[{"href":"https:\/\/blogs.avui.cat\/jaumepubill\/wp-json\/wp\/v2\/types\/post"}],"author":[{"embeddable":true,"href":"https:\/\/blogs.avui.cat\/jaumepubill\/wp-json\/wp\/v2\/users\/214"}],"replies":[{"embeddable":true,"href":"https:\/\/blogs.avui.cat\/jaumepubill\/wp-json\/wp\/v2\/comments?post=3428"}],"version-history":[{"count":0,"href":"https:\/\/blogs.avui.cat\/jaumepubill\/wp-json\/wp\/v2\/posts\/3428\/revisions"}],"wp:attachment":[{"href":"https:\/\/blogs.avui.cat\/jaumepubill\/wp-json\/wp\/v2\/media?parent=3428"}],"wp:term":[{"taxonomy":"category","embeddable":true,"href":"https:\/\/blogs.avui.cat\/jaumepubill\/wp-json\/wp\/v2\/categories?post=3428"},{"taxonomy":"post_tag","embeddable":true,"href":"https:\/\/blogs.avui.cat\/jaumepubill\/wp-json\/wp\/v2\/tags?post=3428"}],"curies":[{"name":"wp","href":"https:\/\/api.w.org\/{rel}","templated":true}]}}