{"id":3346,"date":"2011-12-30T14:55:03","date_gmt":"2011-12-30T13:55:03","guid":{"rendered":"http:\/\/blogs.avui.cat\/jaumepubill\/?p=3346"},"modified":"2011-12-30T14:54:39","modified_gmt":"2011-12-30T13:54:39","slug":"linfantil-2","status":"publish","type":"post","link":"https:\/\/blogs.avui.cat\/jaumepubill\/2011\/12\/30\/linfantil-2\/","title":{"rendered":"Ad&eacute;u a la revista &ldquo;L&rsquo;INFANTIL\/TRETZEVENTS&rdquo;"},"content":{"rendered":"<h3><img data-recalc-dims=\"1\" loading=\"lazy\" decoding=\"async\" style=\"margin: 0px 10px 0px 0px;float: left\" align=\"left\" src=\"https:\/\/i0.wp.com\/4.bp.blogspot.com\/-mCTH_AYqtR8\/TvNhCa4lxEI\/AAAAAAAABDA\/gGpwLujh0vI\/s1600\/tretzevents_903_desembre_2011.jpg?resize=238%2C310\" width=\"238\" height=\"310\" \/><\/h3>\n<p align=\"justify\">Aquesta \u00e9s la darrera portada de la revista. Acomiadem l\u2019any 2011, doncs, amb una molt mala not\u00edcia: el tancament, per falta de suport econ\u00f2mic, de la revista L\u2019INFANTIL\/TRETZEVENTS, despr\u00e9s de 60 anys de fer una molt bona feina en tots sentit. Era la revista m\u00e9s antiga de les que es publiquen en catal\u00e0.<\/p>\n<p align=\"justify\">No hi haur\u00e0 cap forma d\u2019impedir-ho encara? Deixarem perdre una joia m\u00e9s del nostre patrimoni? Ens anirem empobrint una mica m\u00e9s sense cap tipus de reacci\u00f3? La Cultura del nostre pa\u00eds tamb\u00e9 \u00e9s aix\u00f2, per molt que alguns dels que manen no se n\u2019adonin i nom\u00e9s es pensin que \u00e9s el teatre, el cine o els museus\u2026<\/p>\n<p align=\"justify\">Potser direu que no n\u2019hi ha per tant. Per a mi s\u00ed, perqu\u00e8 va ser la primera revista en catal\u00e0 que jo llegia religiosament cada mes. L\u2019esperava amb candeletes! I per una altra ra\u00f3 de tipus personal: en els seus primers temps hi col.\u00b7laborava un cos\u00ed meu \u2013el Miquel Galit\u00f3 Pubill- que entrevistava esportistes famosos; entrevista que sortia publicada amb una sempre excel\u00b7lent caricatura d\u2019en \u201cCera\u201d a la llavors senzilla i humil revista, per\u00f2 llegida \u00e0vidament sobretot per la quitxalla del Bisbat de Solsona.<\/p>\n<p align=\"justify\">Crec que hi ha raons de pes per estar tristos i per protestar, perqu\u00e8 situacions com aquesta s\u00f3n un s\u00edmptoma de que les coses no es fan prou b\u00e9 en aquest pa\u00eds. Deixar morir una de les poques revistes que els nens i nenes poden llegir en catal\u00e0 \u00e9s for\u00e7a greu. I m\u00e9s, si considerem que la seva continu\u00eftat podia assegurar-se amb una ajuda no massa important. Se segueixen donant encara subvencions per milers de coses sense tanta transcend\u00e8ncia i import\u00e0ncia per l\u2019esdevenidor d\u2019aquest pa\u00eds com ho podia ser l\u2019 INFANTIL\/TRETZEVENTS.<\/p>\n<p align=\"justify\">La revista L\u2019INFANTIL (despr\u00e9s rebatejada com TRETZEVENTS) <font color=\"#333333\">va n\u00e9ixer al S<\/font>eminari de Solsona l\u2019any 1951, amb l\u2019empara, el caliu, l\u2019aixopluc de l\u2019 Esgl\u00e9sia i l&#8217;aprovaci\u00f3 del llavors bisbe Vicent Enrique i Taranc\u00f3n i el seu primer director va ser Climent Forner. En aquells temps no era f\u00e0cil publicar en catal\u00e0, i menys una revista per a nens. <\/p>\n<p align=\"justify\">Des del 1963 agaf\u00e0 nou impuls i, radicada a Barcelona, fou dirigida durant molts anys pels germans Manuel i Miquel \u00c0ngel Sayrach. Publicava c\u00f2mics, contes, notes hist\u00f2riques&#8230; per a infants. L&#8217;any 1968 va passar a dependre de les Publicacions de l&#8217;Abadia de Montserrat i el 1973 va adoptar el nom actual de <i>Tretzevents<\/i>. A partir del 1995, amb Montserrat Ginesta com a directora, va passar a ser mensual. El 1988 se li va atorgar la Creu de Sant Jordi. <\/p>\n<p align=\"justify\">Hi han col\u00b7laborat els millors especialistes en literatura infantil i, entre els dibuixants, destaquen el recentment desaparegut Joaquim Calderer (el que dibuixava i va fer fam\u00f3s <em>En Quimet Trapella que tot ho esgavella)<\/em> en els seus primers temps, Cera, Coll<em>, <\/em>Picanyol, Ru\u00e9, Iv\u00e0, Perich, Raf,&#160; Clav\u00e9, Asensio, Daniel Boada i molts altres. <\/p>\n<p align=\"justify\">La crisi no ha de ser excusa perqu\u00e8 s\u2019acabin coses tan importants com aquestes. Podem ser pobres per\u00f2 mai hem de ser miserables. I que desaparegui una de les poqu\u00edssimes revistes infantils en catal\u00e0 \u00e9s signe de mis\u00e8ria, cosa que Catalunya no \u00e9s mereix.<\/p>\n<p><strong>NOTA: El col\u00b7lectiu bibliotecari i els mediadors especialistes en literatura infantil han penjat un <\/strong><a href=\"http:\/\/contraeltancamentdetretzevents.blogspot.com\/\"><strong>bloc<\/strong><\/a><strong> en contra del tancament de <i>Tretzevents<\/i>. Ho podreu veure aqu\u00ed <\/strong><a href=\"http:\/\/contraeltancamentdetretzevents.blogspot.com\/2011\/12\/la-revista-infantil-tretzevents-tanca.html#comment-form\" target=\"_blank\"><strong>Contra el tancament de Tretzevents<\/strong><\/a><strong> i hi podreu deixar els vostres comentaris.<\/strong><\/p>\n","protected":false},"excerpt":{"rendered":"<p>Aquesta \u00e9s la darrera portada de la revista. Acomiadem l\u2019any 2011, doncs, amb una molt mala not\u00edcia: el tancament, per falta de suport econ\u00f2mic, de la revista L\u2019INFANTIL\/TRETZEVENTS, despr\u00e9s de 60 anys de fer una molt bona feina en tots sentit. Era la revista m\u00e9s antiga de les que es publiquen en catal\u00e0. No hi [&hellip;]<\/p>\n","protected":false},"author":214,"featured_media":0,"comment_status":"open","ping_status":"closed","sticky":false,"template":"","format":"standard","meta":{"_jetpack_memberships_contains_paid_content":false,"footnotes":"","jetpack_publicize_message":"","jetpack_publicize_feature_enabled":true,"jetpack_social_post_already_shared":false,"jetpack_social_options":{"image_generator_settings":{"template":"highway","default_image_id":0,"font":"","enabled":false},"version":2}},"categories":[877,189],"tags":[31863,31829,29684,682],"class_list":["post-3346","post","type-post","status-publish","format-standard","hentry","category-catalunya","category-cultura","tag-catalunya","tag-cultura","tag-linfantiltretzevents","tag-revistes"],"jetpack_publicize_connections":[],"jetpack_featured_media_url":"","jetpack_shortlink":"https:\/\/wp.me\/pagkjs-RY","jetpack-related-posts":[],"jetpack_sharing_enabled":true,"_links":{"self":[{"href":"https:\/\/blogs.avui.cat\/jaumepubill\/wp-json\/wp\/v2\/posts\/3346","targetHints":{"allow":["GET"]}}],"collection":[{"href":"https:\/\/blogs.avui.cat\/jaumepubill\/wp-json\/wp\/v2\/posts"}],"about":[{"href":"https:\/\/blogs.avui.cat\/jaumepubill\/wp-json\/wp\/v2\/types\/post"}],"author":[{"embeddable":true,"href":"https:\/\/blogs.avui.cat\/jaumepubill\/wp-json\/wp\/v2\/users\/214"}],"replies":[{"embeddable":true,"href":"https:\/\/blogs.avui.cat\/jaumepubill\/wp-json\/wp\/v2\/comments?post=3346"}],"version-history":[{"count":2,"href":"https:\/\/blogs.avui.cat\/jaumepubill\/wp-json\/wp\/v2\/posts\/3346\/revisions"}],"predecessor-version":[{"id":3348,"href":"https:\/\/blogs.avui.cat\/jaumepubill\/wp-json\/wp\/v2\/posts\/3346\/revisions\/3348"}],"wp:attachment":[{"href":"https:\/\/blogs.avui.cat\/jaumepubill\/wp-json\/wp\/v2\/media?parent=3346"}],"wp:term":[{"taxonomy":"category","embeddable":true,"href":"https:\/\/blogs.avui.cat\/jaumepubill\/wp-json\/wp\/v2\/categories?post=3346"},{"taxonomy":"post_tag","embeddable":true,"href":"https:\/\/blogs.avui.cat\/jaumepubill\/wp-json\/wp\/v2\/tags?post=3346"}],"curies":[{"name":"wp","href":"https:\/\/api.w.org\/{rel}","templated":true}]}}