{"id":3341,"date":"2011-12-26T11:25:28","date_gmt":"2011-12-26T10:25:28","guid":{"rendered":"http:\/\/blogs.avui.cat\/jaumepubill\/?p=3341"},"modified":"2011-12-26T11:25:28","modified_gmt":"2011-12-26T10:25:28","slug":"el-nadal-una-llegenda-ms","status":"publish","type":"post","link":"https:\/\/blogs.avui.cat\/jaumepubill\/2011\/12\/26\/el-nadal-una-llegenda-ms\/","title":{"rendered":"El Nadal: una llegenda m&eacute;s?"},"content":{"rendered":"<p align=\"justify\"><img data-recalc-dims=\"1\" loading=\"lazy\" decoding=\"async\" style=\"float: none;margin-left: auto;margin-right: auto\" src=\"https:\/\/i0.wp.com\/1.bp.blogspot.com\/__lbBu47KU2I\/TKN0cUnW5UI\/AAAAAAAAAAc\/wGVjSOmKZtk\/s1600\/solsticio.jpg?resize=613%2C389\" width=\"613\" height=\"389\" \/><\/p>\n<p align=\"justify\">Hi ha una llegenda de Nadal, atribu\u00efda a Luter, el gran reformador del segle XVI, que ens pot anar b\u00e9 per reflexionar en aquests dies nadalencs.    <\/p>\n<blockquote>\n<p align=\"justify\"><em>\u201cHi havia una vegada un home molt piet\u00f3s que l\u2019\u00fanic que volia era guanyar-se el cel fent cada dia m\u00e9s i m\u00e9s obres de pietat, caritat i humilitat. D\u2019aquesta manera va arribar a la part superior de l&#8217;escala de la perfecci\u00f3. Un dia, despr\u00e9s de molta preg\u00e0ria, es va trobar dalt al cel. Va mirar al seu voltant i va quedar molt decebut perqu\u00e8 el cel era fosc, buit i fred. I ho era perqu\u00e8 D\u00e9u era a la terra, en una menjadora, tremolant de fred i envoltat d\u2019animals.\u201d <\/em><\/p>\n<\/blockquote>\n<p align=\"justify\">D\u2019acord, \u00e9s una llegenda. Per\u00f2 \u00e9s una llegenda que expressa una gran lli\u00e7\u00f3: hem de buscar D\u00e9u all\u00e0 on Ell \u00e9s realment: enmig de l\u2019anonimat, de la petitesa i de la pobresa. I on \u00e9s aquest lloc? No \u00e9s al cel sin\u00f3 que \u00e9s a molts i molts llocs ben concrets de la terra.<\/p>\n<p align=\"justify\">Darrere de qualsevol mite s\u2019hi amaga una veritat oculta que el raonament intenta esbrinar amb m\u00e9s o menys \u00e8xit. Els mites no expliquen les coses, \u00e9s cert; per\u00f2 la ra\u00f3 tampoc no ho explica tot, ni de bon tros. M\u00e9s i tot: a vegades les paraules po\u00e8tiques que fem servir per als contes o en un poema suggereixen i expressen millor all\u00f2 que volem dir i no sabem massa b\u00e9 com. El salt del mite al raonament normalment es fa a batzegades i entrepussant i caient molts cops. I el Nadal no deixa de ser un mite que intentem explicar, que molts ens creiem i que altres neguen rotundament sense adonar-se que amb aquests negaci\u00f3 l\u2019estan reafirmant d\u2019alguna manera. <\/p>\n<p align=\"justify\">Diu Mn Ballar\u00edn que D\u00e9u, un creador omnipotent, no t\u00e9 res de rabi\u00fct, de grandi\u00f3s i de lluny\u00e0 perqu\u00e8 fins i tot es fa un Nad\u00f3. Jo trobo que justament aqu\u00ed hi ha el \u201cquid\u201d de la q\u00fcesti\u00f3: que el misteri de D\u00e9u nom\u00e9s el podrem entendre a partir de la veritat feta bellesa, poesia i \u2013si voleu- fins i tot mite, tal com ens mostra el Nadal i tants altres passatges b\u00edblics que ens mostren un D\u00e9u amb ganes de comunicar-se (\u201cpasseja amb Adam i Eva pel parad\u00eds, negocia amb el&#160; seu poble, busca mil maneres d\u2019establir relacions i, com ens explica el llibre de la Saviesa, el plaer de D\u00e9u \u00e9s sempre estar amb els fills dels homes\u201d). <\/p>\n<p align=\"justify\">Nadal \u00e9s aix\u00f2: D\u00e9u acompleix definitivament els seus plans del primer dia i -con torna a dir Mn Ballar\u00edn- \u201cho va ben complir i que hi hagu\u00e9 un altre primer dia i fou Nadal. Molt sovint m&#8217;han dit que si hi ha un D\u00e9u creador, a veure per quins set sous s&#8217;ha embolicat a ficar-se en un planeta perdut com un polsim en uns espais dels quals no coneixem els l\u00edmits.<\/p>\n<p align=\"justify\">L&#8217;explicaci\u00f3 la trobem a dintre de nosaltres mateixos. Ens d\u00f3na m\u00e9s pau menjar torrons amb nadales que ser reis del petroli. A Nadal hi ha el m\u00e9s bell dels misteris. No trobarem D\u00e9u en l&#8217;exultaci\u00f3 de vict\u00f2ries de paper de fumar, cada un de nosaltres \u00e9s un instant de la creaci\u00f3, una mica de foc que D\u00e9u ens ha enc\u00e8s a dintre.<\/p>\n<p align=\"justify\">D\u00e9u, un creador omnipotent, no t\u00e9 res de rabi\u00fct. Fins i tot, per qui no s&#8217;ho creu, \u00e9s un Nad\u00f3\u201d.<\/p>\n","protected":false},"excerpt":{"rendered":"<p>Hi ha una llegenda de Nadal, atribu\u00efda a Luter, el gran reformador del segle XVI, que ens pot anar b\u00e9 per reflexionar en aquests dies nadalencs. \u201cHi havia una vegada un home molt piet\u00f3s que l\u2019\u00fanic que volia era guanyar-se el cel fent cada dia m\u00e9s i m\u00e9s obres de pietat, caritat i humilitat. D\u2019aquesta [&hellip;]<\/p>\n","protected":false},"author":214,"featured_media":0,"comment_status":"open","ping_status":"closed","sticky":false,"template":"","format":"standard","meta":{"_jetpack_memberships_contains_paid_content":false,"footnotes":"","jetpack_publicize_message":"","jetpack_publicize_feature_enabled":true,"jetpack_social_post_already_shared":false,"jetpack_social_options":{"image_generator_settings":{"template":"highway","default_image_id":0,"font":"","enabled":false},"version":2}},"categories":[5610],"tags":[262],"class_list":["post-3341","post","type-post","status-publish","format-standard","hentry","category-nadal-religio","tag-nadal"],"jetpack_publicize_connections":[],"jetpack_featured_media_url":"","jetpack_shortlink":"https:\/\/wp.me\/pagkjs-RT","jetpack-related-posts":[],"jetpack_sharing_enabled":true,"_links":{"self":[{"href":"https:\/\/blogs.avui.cat\/jaumepubill\/wp-json\/wp\/v2\/posts\/3341","targetHints":{"allow":["GET"]}}],"collection":[{"href":"https:\/\/blogs.avui.cat\/jaumepubill\/wp-json\/wp\/v2\/posts"}],"about":[{"href":"https:\/\/blogs.avui.cat\/jaumepubill\/wp-json\/wp\/v2\/types\/post"}],"author":[{"embeddable":true,"href":"https:\/\/blogs.avui.cat\/jaumepubill\/wp-json\/wp\/v2\/users\/214"}],"replies":[{"embeddable":true,"href":"https:\/\/blogs.avui.cat\/jaumepubill\/wp-json\/wp\/v2\/comments?post=3341"}],"version-history":[{"count":0,"href":"https:\/\/blogs.avui.cat\/jaumepubill\/wp-json\/wp\/v2\/posts\/3341\/revisions"}],"wp:attachment":[{"href":"https:\/\/blogs.avui.cat\/jaumepubill\/wp-json\/wp\/v2\/media?parent=3341"}],"wp:term":[{"taxonomy":"category","embeddable":true,"href":"https:\/\/blogs.avui.cat\/jaumepubill\/wp-json\/wp\/v2\/categories?post=3341"},{"taxonomy":"post_tag","embeddable":true,"href":"https:\/\/blogs.avui.cat\/jaumepubill\/wp-json\/wp\/v2\/tags?post=3341"}],"curies":[{"name":"wp","href":"https:\/\/api.w.org\/{rel}","templated":true}]}}