{"id":328,"date":"2009-04-29T19:14:10","date_gmt":"2009-04-29T18:14:10","guid":{"rendered":"http:\/\/blogs.avui.cat\/jaumepubill\/2009\/04\/29\/alerta-ens-volen-aixecar-la-camisa-altre-cop\/"},"modified":"2009-04-29T19:14:10","modified_gmt":"2009-04-29T18:14:10","slug":"alerta-ens-volen-aixecar-la-camisa-altre-cop","status":"publish","type":"post","link":"https:\/\/blogs.avui.cat\/jaumepubill\/2009\/04\/29\/alerta-ens-volen-aixecar-la-camisa-altre-cop\/","title":{"rendered":"Alerta: ens volen aixecar la camisa altre cop!"},"content":{"rendered":"<p><img loading=\"lazy\" decoding=\"async\" src=\"http:\/\/tbn0.google.com\/images?q=tbn:YQ78kETZ-9MjlM:http:\/\/www.swingalia.com\/img\/venus-del-milo.jpg\" width=\"132\" height=\"183\" \/> <\/p>\n<p>Si, altre cop estan a punt d\u2019aixecar-nos la camisa als catalans. Dit d\u2019una altra manera: ja podem comen\u00e7ar a omplir fulls de den\u00fancia perqu\u00e8 el robatori est\u00e0 a punt de perpetrar-se. <\/p>\n<p>Parlo simplement per pura intu\u00efci\u00f3. No tinc fonts informatives fiables ni tinc conductes secrets. Tampoc s\u00f3c un ent\u00e8s en pol\u00edtica. Simplement olfacte, intu\u00efci\u00f3 i sentit com\u00fa.<\/p>\n<p>El raonament de tal afirmaci\u00f3 simplement l\u2019he fet pel que veig i escolto. Veig moviments en els partits for\u00e7a sospitosos. Veig canvis de llenguatge molt subtils, per\u00f2 canvis a fi de comptes. Escolto paraules i promeses que fa un mes enrere no escoltava. I tot plegat perqu\u00e8 Zapatero necessita urgentment suports. S\u2019ha quedat m\u00e9s sol que la una i necessita aliats per sobreviure. I qui millor que els catalans?<\/p>\n<p>Els catalans ja han demostrat infinitat de vegades que ens prestem a tot i ens ho creiem tot. Els catalans fa segles que som enganyats i ens han aixecat tantes vegades la camisa que ja no ve d\u2019aqu\u00ed\u2026<\/p>\n<p>Ara, de cop,&#160; ens ho prometen tot: rodalies, Estatut, diners a cabassos. Aviat ens diran que som generosos i tot! En pocs dies han canviat tant el llenguatge que fa por i tot! En castell\u00e0 hi ha una dita que diu: \u201cSi la limosna es muy grande hasta el Santo desconf\u00eda\u201d. Jo , de vosaltres, desconfiaria. Almenys aix\u00f2 \u00e9s el que em passa a mi: que cada dia s\u00f3c m\u00e9s desconfiat i ja quasi no em crec res.<\/p>\n<p>I, sin\u00f3, temps al temps. Volen tancar les coses ben aviat perqu\u00e8 s\u2019atansen eleccions. Com menys problemes sobre la taula i menys gent descontenta, millor. I tot el que fins ara era dolent s\u2019ho tornat bo de cop i volta. Ja veureu que els socialistes catalans comen\u00e7aran a trobar-ho tot b\u00e9. I ja veureu que Esquerra callar\u00e0 i acceptar\u00e0, com est\u00e0 fent des de fa una bona temporada, si els segueixen donant-los alguna engruna que els faci contents.<\/p>\n<div>Etiquetes de Technorati: <a href=\"http:\/\/technorati.com\/tags\/Catalunya\" rel=\"tag\">Catalunya<\/a>,<a href=\"http:\/\/technorati.com\/tags\/Pol%c3%adtica\" rel=\"tag\">Pol&#237;tica<\/a><\/div>\n<div>Etiquetes de Technorati: <a href=\"http:\/\/technorati.com\/tags\/Catalunya\" rel=\"tag\">Catalunya<\/a>,<a href=\"http:\/\/technorati.com\/tags\/Pol%c3%adtica\" rel=\"tag\">Pol&#237;tica<\/a><\/div>\n","protected":false},"excerpt":{"rendered":"<p>Si, altre cop estan a punt d\u2019aixecar-nos la camisa als catalans. Dit d\u2019una altra manera: ja podem comen\u00e7ar a omplir fulls de den\u00fancia perqu\u00e8 el robatori est\u00e0 a punt de perpetrar-se. Parlo simplement per pura intu\u00efci\u00f3. No tinc fonts informatives fiables ni tinc conductes secrets. Tampoc s\u00f3c un ent\u00e8s en pol\u00edtica. Simplement olfacte, intu\u00efci\u00f3 i [&hellip;]<\/p>\n","protected":false},"author":214,"featured_media":0,"comment_status":"open","ping_status":"open","sticky":false,"template":"","format":"standard","meta":{"_jetpack_memberships_contains_paid_content":false,"footnotes":"","jetpack_publicize_message":"","jetpack_publicize_feature_enabled":true,"jetpack_social_post_already_shared":false,"jetpack_social_options":{"image_generator_settings":{"template":"highway","default_image_id":0,"font":"","enabled":false},"version":2}},"categories":[877,172],"tags":[],"class_list":["post-328","post","type-post","status-publish","format-standard","hentry","category-catalunya","category-politica"],"jetpack_publicize_connections":[],"jetpack_featured_media_url":"","jetpack_shortlink":"https:\/\/wp.me\/pagkjs-5i","jetpack-related-posts":[],"jetpack_sharing_enabled":true,"_links":{"self":[{"href":"https:\/\/blogs.avui.cat\/jaumepubill\/wp-json\/wp\/v2\/posts\/328","targetHints":{"allow":["GET"]}}],"collection":[{"href":"https:\/\/blogs.avui.cat\/jaumepubill\/wp-json\/wp\/v2\/posts"}],"about":[{"href":"https:\/\/blogs.avui.cat\/jaumepubill\/wp-json\/wp\/v2\/types\/post"}],"author":[{"embeddable":true,"href":"https:\/\/blogs.avui.cat\/jaumepubill\/wp-json\/wp\/v2\/users\/214"}],"replies":[{"embeddable":true,"href":"https:\/\/blogs.avui.cat\/jaumepubill\/wp-json\/wp\/v2\/comments?post=328"}],"version-history":[{"count":0,"href":"https:\/\/blogs.avui.cat\/jaumepubill\/wp-json\/wp\/v2\/posts\/328\/revisions"}],"wp:attachment":[{"href":"https:\/\/blogs.avui.cat\/jaumepubill\/wp-json\/wp\/v2\/media?parent=328"}],"wp:term":[{"taxonomy":"category","embeddable":true,"href":"https:\/\/blogs.avui.cat\/jaumepubill\/wp-json\/wp\/v2\/categories?post=328"},{"taxonomy":"post_tag","embeddable":true,"href":"https:\/\/blogs.avui.cat\/jaumepubill\/wp-json\/wp\/v2\/tags?post=328"}],"curies":[{"name":"wp","href":"https:\/\/api.w.org\/{rel}","templated":true}]}}